{"id":42678,"date":"2026-03-09T19:22:53","date_gmt":"2026-03-10T01:22:53","guid":{"rendered":"https:\/\/elmexiquense.vip\/?p=42678"},"modified":"2026-03-09T19:22:53","modified_gmt":"2026-03-10T01:22:53","slug":"atizapan-de-zaragoza-fortalece-la-cohesion-escolar-mediante-la-entrega-del-distintivo-arbol-de-la-vida-pedro_rvillegas-gobatizapan","status":"publish","type":"post","link":"https:\/\/elmexiquense.vip\/?p=42678","title":{"rendered":"Atizap\u00e1n de Zaragoza fortalece la cohesi\u00f3n escolar mediante la entrega del distintivo \u00c1rbol de la Vida \u00a0\/ @Pedro_RVillegas @GobAtizapan"},"content":{"rendered":"\n<p><strong>#Atizap\u00e1nUnido<\/strong> &#8211; <strong>#Ni\u00f1ezSegura<\/strong> &#8212;&#8211; <strong>#Atizap\u00e1nDeZaragoza<\/strong>,\u00a0<strong>#EstadoDeM\u00e9xico<\/strong>.-\u00a0La protecci\u00f3n de la salud mental y la <strong>prevenci\u00f3n del suicidio<\/strong> en la juventud se han consolidado como una prioridad absoluta en la agenda de <strong>Atizap\u00e1n de Zaragoza<\/strong>. Bajo esta premisa, la Presidenta Honoraria del DIF, <strong>#PatyAr\u00e9valoRubio<\/strong>, otorg\u00f3 el Distintivo <strong>\u00ab\u00c1rbol de la Vida\u00bb<\/strong> a la comunidad del<strong> #CBTAtizap\u00e1n<\/strong>, simbolizando un compromiso inquebrantable con la paz escolar. Este acto refuerza la estrategia integral para salvaguardar el bienestar emocional de los estudiantes frente a los desaf\u00edos de la adolescencia. <strong>#SaludMentalAtizap\u00e1n<\/strong> <strong>#JuventudSegura<\/strong><\/p>\n\n\n\n<p>Durante la misma jornada, el Presidente Municipal, <strong>Pedro Rodr\u00edguez Villegas<\/strong>, procedi\u00f3 a la entrega formal de un <strong>arcotecho<\/strong> dise\u00f1ado para dignificar la infraestructura del plantel educativo. <strong>Paty Ar\u00e9valo<\/strong> subray\u00f3 que el entorno f\u00edsico debe armonizar con el equilibrio psicol\u00f3gico, pues el bienestar emocional impacta de forma directa en el aprovechamiento acad\u00e9mico. La sinergia entre el <strong>Gobierno Municipal<\/strong> y las autoridades escolares busca erradicar factores de riesgo en las aulas mexiquenses.<\/p>\n\n\n\n<figure class=\"wp-block-image aligncenter size-medium\"><img loading=\"lazy\" decoding=\"async\" width=\"281\" height=\"300\" src=\"https:\/\/elmexiquense.vip\/wp-content\/uploads\/2026\/03\/atiza-2-1-e1773105643910-281x300.jpg\" alt=\"\" class=\"wp-image-42679\"\/><\/figure>\n\n\n\n<p>En su intervenci\u00f3n, la titular del DIF detall\u00f3 que se han impartido talleres enfocados en la <strong>\u00abprevenci\u00f3n de la violencia en el noviazgo\u00bb<\/strong> y el combate frontal al acoso escolar. El objetivo primordial es edificar espacios donde los menores se sientan <strong>\u00abescuchados y valorados\u00bb<\/strong>, reconociendo la complejidad inherente a su etapa de desarrollo actual. Estas acciones formativas dotan a los j\u00f3venes de herramientas cr\u00edticas para identificar conductas nocivas y fortalecer su propia resiliencia social.<\/p>\n\n\n\n<p>Finalmente, se extendi\u00f3 un reconocimiento especial a los padres de familia por su <strong>\u00abtrabajo integral\u00bb<\/strong> y respaldo constante en este proceso de transformaci\u00f3n humana. El municipio reafirma que solo mediante la colaboraci\u00f3n de todos los sectores se lograr\u00e1 <strong>\u00abfortalecer la paz\u00bb<\/strong> en las escuelas. Con estos programas, <strong>Atizap\u00e1n de Zaragoza<\/strong> se posiciona como un referente en el cuidado sensible y profesional de sus nuevas generaciones.<\/p>\n\n\n\n<p><strong>#ElMexiquenseVIP<\/strong>\u00a0\u2013<a href=\"https:\/\/www.facebook.com\/ElMexiquenseVIP\/\"><strong>El Mexiquense VIP<\/strong><\/a><\/p>\n\n\n\n<figure class=\"wp-block-image aligncenter size-large\"><img loading=\"lazy\" decoding=\"async\" width=\"1024\" height=\"874\" src=\"https:\/\/elmexiquense.vip\/wp-content\/uploads\/2026\/03\/atiza-1-1-e1773105711903-1024x874.jpg\" alt=\"\" class=\"wp-image-42680\"\/><\/figure>\n","protected":false},"excerpt":{"rendered":"<p>#Atizap\u00e1nUnido &#8211; #Ni\u00f1ezSegura &#8212;&#8211; #Atizap\u00e1nDeZaragoza,\u00a0#EstadoDeM\u00e9xico.-\u00a0La protecci\u00f3n de la salud mental y la prevenci\u00f3n del suicidio en la juventud se han<\/p>\n","protected":false},"author":8,"featured_media":42680,"comment_status":"open","ping_status":"open","sticky":false,"template":"","format":"standard","meta":{"colormag_page_container_layout":"default_layout","colormag_page_sidebar_layout":"default_layout","rop_custom_images_group":[],"rop_custom_messages_group":[],"rop_publish_now":"no","rop_publish_now_accounts":{"facebook_102468208940364_894887317217274":""},"rop_publish_now_history":[{"account":"facebook_102468208940364_894887317217274","service":"facebook","timestamp":1773105792,"status":"success"}],"rop_publish_now_status":"done","footnotes":""},"categories":[29],"tags":[515,787,177,764,474,379,376,217,136,777,492,744,691,837,493,383],"class_list":["post-42678","post","type-post","status-publish","format-standard","has-post-thumbnail","hentry","category-destacados","tag-anuar-azar-figueroa","tag-claudia-sheinbaum-pardo","tag-delfina-gomez-alvarez","tag-dif-atizapan-de-zaragoza","tag-el-mexiquense-vip","tag-en-vivo","tag-enterate","tag-gobierno-de-mexico","tag-gobierno-del-estado-de-mexico","tag-jorge-romero-herrera","tag-municipio-de-atizapan-de-zaragoza","tag-noticias-atizapan-de-zaragoza","tag-patricia-arevalo-rubio","tag-paty-arevalo","tag-pedro-rodriguez-villegas","tag-ultima-hora"],"_links":{"self":[{"href":"https:\/\/elmexiquense.vip\/index.php?rest_route=\/wp\/v2\/posts\/42678","targetHints":{"allow":["GET"]}}],"collection":[{"href":"https:\/\/elmexiquense.vip\/index.php?rest_route=\/wp\/v2\/posts"}],"about":[{"href":"https:\/\/elmexiquense.vip\/index.php?rest_route=\/wp\/v2\/types\/post"}],"author":[{"embeddable":true,"href":"https:\/\/elmexiquense.vip\/index.php?rest_route=\/wp\/v2\/users\/8"}],"replies":[{"embeddable":true,"href":"https:\/\/elmexiquense.vip\/index.php?rest_route=%2Fwp%2Fv2%2Fcomments&post=42678"}],"version-history":[{"count":1,"href":"https:\/\/elmexiquense.vip\/index.php?rest_route=\/wp\/v2\/posts\/42678\/revisions"}],"predecessor-version":[{"id":42681,"href":"https:\/\/elmexiquense.vip\/index.php?rest_route=\/wp\/v2\/posts\/42678\/revisions\/42681"}],"wp:featuredmedia":[{"embeddable":true,"href":"https:\/\/elmexiquense.vip\/index.php?rest_route=\/wp\/v2\/media\/42680"}],"wp:attachment":[{"href":"https:\/\/elmexiquense.vip\/index.php?rest_route=%2Fwp%2Fv2%2Fmedia&parent=42678"}],"wp:term":[{"taxonomy":"category","embeddable":true,"href":"https:\/\/elmexiquense.vip\/index.php?rest_route=%2Fwp%2Fv2%2Fcategories&post=42678"},{"taxonomy":"post_tag","embeddable":true,"href":"https:\/\/elmexiquense.vip\/index.php?rest_route=%2Fwp%2Fv2%2Ftags&post=42678"}],"curies":[{"name":"wp","href":"https:\/\/api.w.org\/{rel}","templated":true}]}}