{"id":42689,"date":"2026-03-10T21:40:06","date_gmt":"2026-03-11T03:40:06","guid":{"rendered":"https:\/\/elmexiquense.vip\/?p=42689"},"modified":"2026-03-10T21:40:06","modified_gmt":"2026-03-11T03:40:06","slug":"edomex-invita-al-simposio-nacional-pirotecnico-unam-y-cide-debatiran-en-tultepec-el-futuro-de-la-tradicion-y-el-bienestar-animal-delfinagomeza-edomex","status":"publish","type":"post","link":"https:\/\/elmexiquense.vip\/?p=42689","title":{"rendered":"EdoM\u00e9x invita al Simposio Nacional Pirot\u00e9cnico: UNAM y CIDE debatir\u00e1n en Tultepec el futuro de la tradici\u00f3n y el bienestar animal \/ @delfinagomeza @Edomex"},"content":{"rendered":"\n<p><strong>#PirotecniaResponsable<\/strong> &#8211; <strong>#CulturaMexiquense<\/strong> &#8212;&#8211; <strong>#Tultepec<\/strong>, <strong>#EstadoDeM\u00e9xico<\/strong>.- Con el objetivo de transformar la tradici\u00f3n artesanal en un modelo de vanguardia y respeto, el Estado de M\u00e9xico convoca al <strong>Tercer Simposio Nacional Pirot\u00e9cnico \u201cAvances, Retos y Empat\u00eda Social\u201d<\/strong>. Este magno evento, de acceso gratuito, congregar\u00e1 el pr\u00f3ximo 14 de marzo a expertos de cinco entidades y especialistas internacionales en el #<strong>MuseoNacionalDeLaPirotecnia<\/strong>. La iniciativa busca equilibrar el valioso legado cultural con las nuevas exigencias de protecci\u00f3n ambiental y bienestar para los seres sintientes. <strong>#PirotecniaResponsable #CulturaMexiquense<\/strong><\/p>\n\n\n\n<p>Bajo la organizaci\u00f3n del <strong>Instituto Mexiquense de la Pirotecnia<\/strong> (<strong>#IMEPI<\/strong>), las mesas de trabajo abordar\u00e1n desde la manufactura con est\u00e1ndares globales hasta la <strong>\u201ctenencia responsable de mascotas\u201d<\/strong>. Destacados ponentes como el <strong>Dr. Marco Antonio de Paz Campos<\/strong>, de la <strong>FES-Cuautitl\u00e1n UNAM<\/strong>, y la <strong>Ing. Paula Griselda Mu\u00f1oz<\/strong>, profundizar\u00e1n en soluciones cient\u00edficas frente al impacto sonoro y ambiental. Esta jornada acad\u00e9mica promete ser el epicentro de la innovaci\u00f3n para el gremio artesano.<\/p>\n\n\n\n<p>La perspectiva acad\u00e9mica estar\u00e1 representada por la <strong>Dra. Mar\u00eda Ang\u00e9lica Galicia Gordillo<\/strong> de la <strong>UNAM<\/strong> y el <strong>Mtro. Francisco Javier Acosta Mart\u00ednez<\/strong> del <strong>CIDE<\/strong>, quienes analizar\u00e1n el simbolismo religioso de esta actividad. Asimismo, la industria global compartir\u00e1 su visi\u00f3n t\u00e9cnica mediante la participaci\u00f3n de <strong>Rod Cameron<\/strong>, de la firma canadiense <strong>\u00abPyro Planet\u00bb<\/strong>, y <strong>Jorge M\u00e1rquez<\/strong>, presidente de <strong>APIROMEX<\/strong>. Estos l\u00edderes discutir\u00e1n la implementaci\u00f3n de <strong>\u201cest\u00e1ndares internacionales de manufactura\u201d<\/strong> en los talleres locales.<\/p>\n\n\n\n<figure class=\"wp-block-image aligncenter size-medium\"><img loading=\"lazy\" decoding=\"async\" width=\"300\" height=\"225\" src=\"https:\/\/elmexiquense.vip\/wp-content\/uploads\/2026\/03\/secre-2-e1773200170885-300x225.jpg\" alt=\"\" class=\"wp-image-42691\"\/><\/figure>\n\n\n\n<p>Ubicada en el coraz\u00f3n de <strong>Tultepec<\/strong>, esta cita acad\u00e9mica se integra a la programaci\u00f3n oficial de la <strong>Feria Internacional de la Pirotecnia 2026<\/strong>. Los m\u00f3dulos informativos y el intercambio directo entre autoridades y fabricantes pretenden consolidar una industria m\u00e1s segura, humana y competitiva. El Gobierno Estatal reitera su compromiso con la preservaci\u00f3n de la identidad cultural mediante el fomento de una <strong>\u201cempat\u00eda social\u201d<\/strong> que beneficie a toda la comunidad.<\/p>\n\n\n\n<p>Para obtener constancia de asistencia y participaci\u00f3n es necesario registrarse en:\u00a0<a href=\"https:\/\/forms.office.com\/r\/ReAUYqftWw\">https:\/\/forms.office.com\/r\/ReAUYqftWw<\/a>. Para m\u00e1s informaci\u00f3n, comunicarse al 722 330 0013 y al (01722) 275 8200 ext. 10785.<\/p>\n\n\n\n<p><strong>#ElMexiquenseVIP<\/strong>\u00a0\u2013<a href=\"https:\/\/www.facebook.com\/ElMexiquenseVIP\/\"><strong>El Mexiquense VIP<\/strong><\/a><\/p>\n\n\n\n<figure class=\"wp-block-image aligncenter size-large\"><img loading=\"lazy\" decoding=\"async\" width=\"1024\" height=\"575\" src=\"https:\/\/elmexiquense.vip\/wp-content\/uploads\/2026\/03\/secre-1-1024x575.jpg\" alt=\"\" class=\"wp-image-42692\"\/><\/figure>\n","protected":false},"excerpt":{"rendered":"<p>#PirotecniaResponsable &#8211; #CulturaMexiquense &#8212;&#8211; #Tultepec, #EstadoDeM\u00e9xico.- Con el objetivo de transformar la tradici\u00f3n artesanal en un modelo de vanguardia y<\/p>\n","protected":false},"author":9,"featured_media":42692,"comment_status":"open","ping_status":"open","sticky":false,"template":"","format":"standard","meta":{"colormag_page_container_layout":"default_layout","colormag_page_sidebar_layout":"default_layout","rop_custom_images_group":[],"rop_custom_messages_group":[],"rop_publish_now":"no","rop_publish_now_accounts":{"facebook_102468208940364_894887317217274":""},"rop_publish_now_history":[{"account":"facebook_102468208940364_894887317217274","service":"facebook","timestamp":1773200435,"status":"success"}],"rop_publish_now_status":"done","footnotes":""},"categories":[33,107],"tags":[88,773,787,177,369,870,474,379,376,217,136,896,770,435,792,790,902,895],"class_list":["post-42689","post","type-post","status-publish","format-standard","has-post-thumbnail","hentry","category-eventos-especiales","category-secretarias","tag-amlo","tag-andres-manuel-lopez-beltran","tag-claudia-sheinbaum-pardo","tag-delfina-gomez-alvarez","tag-dif-estado-de-mexico","tag-edomex-2","tag-el-mexiquense-vip","tag-en-vivo","tag-enterate","tag-gobierno-de-mexico","tag-gobierno-del-estado-de-mexico","tag-gobierno-municipal-de-tultepec","tag-luisa-maria-alcalde-lujan","tag-noticias-estado-de-mexico","tag-noticias-tultepec","tag-sergio-luna-cortes","tag-turismo-estado-de-mexico","tag-turismo-tultepec"],"_links":{"self":[{"href":"https:\/\/elmexiquense.vip\/index.php?rest_route=\/wp\/v2\/posts\/42689","targetHints":{"allow":["GET"]}}],"collection":[{"href":"https:\/\/elmexiquense.vip\/index.php?rest_route=\/wp\/v2\/posts"}],"about":[{"href":"https:\/\/elmexiquense.vip\/index.php?rest_route=\/wp\/v2\/types\/post"}],"author":[{"embeddable":true,"href":"https:\/\/elmexiquense.vip\/index.php?rest_route=\/wp\/v2\/users\/9"}],"replies":[{"embeddable":true,"href":"https:\/\/elmexiquense.vip\/index.php?rest_route=%2Fwp%2Fv2%2Fcomments&post=42689"}],"version-history":[{"count":1,"href":"https:\/\/elmexiquense.vip\/index.php?rest_route=\/wp\/v2\/posts\/42689\/revisions"}],"predecessor-version":[{"id":42693,"href":"https:\/\/elmexiquense.vip\/index.php?rest_route=\/wp\/v2\/posts\/42689\/revisions\/42693"}],"wp:featuredmedia":[{"embeddable":true,"href":"https:\/\/elmexiquense.vip\/index.php?rest_route=\/wp\/v2\/media\/42692"}],"wp:attachment":[{"href":"https:\/\/elmexiquense.vip\/index.php?rest_route=%2Fwp%2Fv2%2Fmedia&parent=42689"}],"wp:term":[{"taxonomy":"category","embeddable":true,"href":"https:\/\/elmexiquense.vip\/index.php?rest_route=%2Fwp%2Fv2%2Fcategories&post=42689"},{"taxonomy":"post_tag","embeddable":true,"href":"https:\/\/elmexiquense.vip\/index.php?rest_route=%2Fwp%2Fv2%2Ftags&post=42689"}],"curies":[{"name":"wp","href":"https:\/\/api.w.org\/{rel}","templated":true}]}}