{"id":42694,"date":"2026-03-10T22:07:06","date_gmt":"2026-03-11T04:07:06","guid":{"rendered":"https:\/\/elmexiquense.vip\/?p=42694"},"modified":"2026-03-10T22:07:06","modified_gmt":"2026-03-11T04:07:06","slug":"gobierno-y-guardia-municipal-de-cuautitlan-encabezan-la-estrategia-de-paz-ciudadana-para-proteger-a-las-familias-y-estudiantes-del-municipio-juanita_carri-ayytocuautitlan","status":"publish","type":"post","link":"https:\/\/elmexiquense.vip\/?p=42694","title":{"rendered":"Gobierno y Guardia Municipal de Cuautitl\u00e1n encabezan la estrategia de paz ciudadana para proteger a las familias y estudiantes del municipio \/ @Juanita_Carri @AyytoCuautitlan"},"content":{"rendered":"\n<p><strong>#MujeresSeguras<\/strong> &#8211; <strong>#Prevenci\u00f3nDelDelito<\/strong> &#8212;&#8211; <strong>#Cuautitl\u00e1n, #EstadoDeM\u00e9xico<\/strong>.-\u00a0Con la firme convicci\u00f3n de edificar un entorno de paz y justicia, la Presidenta Municipal de Cuautitl\u00e1n, <strong>#JuanitaCarrilloLuna<\/strong>, a trav\u00e9s de la <strong>Guardia Civil Municipal<\/strong>, bajo el mando de <strong>#RosaPati\u00f1oSol\u00eds,<\/strong> encabeza una estrategia integral de proximidad para garantizar la protecci\u00f3n de las mujeres en Cuautitl\u00e1n. Bajo la premisa de que un municipio seguro se construye con <strong>prevenci\u00f3n y trabajo coordinado<\/strong>, la administraci\u00f3n local y  la <strong>#GuardiaCivilMunicipalDeCuautitl\u00e1n<\/strong>, despliegan esfuerzos permanentes que fortalecen la confianza entre la autoridad y la ciudadan\u00eda. Este compromiso institucional busca erradicar la violencia y asegurar que cada espacio p\u00fablico sea un refugio de tranquilidad para las familias. <strong>#Cuautitl\u00e1nSeguro #Si\u00e9nteteSegura<\/strong><\/p>\n\n\n\n<p>En este contexto, <strong>Rosa Pati\u00f1o Sol\u00eds<\/strong>, ejecut\u00f3 con \u00e9xito el operativo <strong>\u201cSi\u00e9ntete Segura\u201d<\/strong> en la zona estrat\u00e9gica de <strong>Camino Rancho Xaltipa<\/strong>. La jornada incluy\u00f3 recorridos pie a tierra donde la <strong>Polic\u00eda de G\u00e9nero<\/strong> comparti\u00f3 recomendaciones vitales y difundi\u00f3 los n\u00fameros de emergencia para <strong>\u00abfortalecer la cultura de la denuncia\u00bb<\/strong>. <strong>\u00abEstas acciones t\u00e1cticas de la Coordinaci\u00f3n de Prevenci\u00f3n del Delito permiten un contacto directo y humano con las habitantes del sector\u00bb<\/strong>, explic\u00f3 la Directora de la Guardia Civil.<\/p>\n\n\n\n<figure class=\"wp-block-image aligncenter size-medium\"><img loading=\"lazy\" decoding=\"async\" width=\"169\" height=\"300\" src=\"https:\/\/elmexiquense.vip\/wp-content\/uploads\/2026\/03\/cuauti-2-1-169x300.jpg\" alt=\"\" class=\"wp-image-42695\" srcset=\"https:\/\/elmexiquense.vip\/wp-content\/uploads\/2026\/03\/cuauti-2-1-169x300.jpg 169w, https:\/\/elmexiquense.vip\/wp-content\/uploads\/2026\/03\/cuauti-2-1-576x1024.jpg 576w, https:\/\/elmexiquense.vip\/wp-content\/uploads\/2026\/03\/cuauti-2-1-768x1365.jpg 768w, https:\/\/elmexiquense.vip\/wp-content\/uploads\/2026\/03\/cuauti-2-1-864x1536.jpg 864w, https:\/\/elmexiquense.vip\/wp-content\/uploads\/2026\/03\/cuauti-2-1-338x600.jpg 338w, https:\/\/elmexiquense.vip\/wp-content\/uploads\/2026\/03\/cuauti-2-1.jpg 900w\" sizes=\"auto, (max-width: 169px) 100vw, 169px\" \/><\/figure>\n\n\n\n<p>Asimismo, la directora <strong>Rosa Pati\u00f1o Sol\u00eds<\/strong> puntualiz\u00f3 que se realizan de manera recurrente supervisiones al transporte p\u00fablico y el programa <strong>\u201cMochila de la Paz\u201d<\/strong> en diversas instituciones educativas. Dichas iniciativas est\u00e1n enfocadas en <strong>\u00abgarantizar traslados m\u00e1s seguros para estudiantes\u00bb<\/strong> y usuarios en general, minimizando riesgos en los trayectos cotidianos y dentro de las aulas. La presencia de los cuerpos de seguridad en las comunidades refuerza la vigilancia y previene de forma efectiva la comisi\u00f3n de il\u00edcitos.<\/p>\n\n\n\n<p>El Gobierno de Cuautitl\u00e1n reafirma su determinaci\u00f3n de mantener estos operativos de proximidad social de forma aleatoria y constante en todo el territorio municipal. Estas medidas no solo regulan el orden, sino que promueven entornos de <strong>\u00abbienestar para las familias\u00bb<\/strong> y consolidan una cultura de respeto absoluto. <strong>\u00abEl Gobierno y la Guardia Civil municipal continuaremos trabajando sin descanso por la paz social, reafirmando que la seguridad es el eje rector de su gesti\u00f3n transformadora\u00bb<\/strong>, finaliz\u00f3 <strong>Rosa Pati\u00f1o<\/strong>.<\/p>\n\n\n\n<p><strong>#ElMexiquenseVIP<\/strong>\u00a0\u2013<a href=\"https:\/\/www.facebook.com\/ElMexiquenseVIP\/\"><strong>El Mexiquense VIP<\/strong><\/a><\/p>\n\n\n\n<figure class=\"wp-block-image aligncenter size-full\"><img loading=\"lazy\" decoding=\"async\" width=\"650\" height=\"400\" src=\"https:\/\/elmexiquense.vip\/wp-content\/uploads\/2026\/03\/cuau-0.jpg\" alt=\"\" class=\"wp-image-42696\" srcset=\"https:\/\/elmexiquense.vip\/wp-content\/uploads\/2026\/03\/cuau-0.jpg 650w, https:\/\/elmexiquense.vip\/wp-content\/uploads\/2026\/03\/cuau-0-300x185.jpg 300w\" sizes=\"auto, (max-width: 650px) 100vw, 650px\" \/><\/figure>\n","protected":false},"excerpt":{"rendered":"<p>#MujeresSeguras &#8211; #Prevenci\u00f3nDelDelito &#8212;&#8211; #Cuautitl\u00e1n, #EstadoDeM\u00e9xico.-\u00a0Con la firme convicci\u00f3n de edificar un entorno de paz y justicia, la Presidenta Municipal<\/p>\n","protected":false},"author":8,"featured_media":42696,"comment_status":"open","ping_status":"open","sticky":false,"template":"","format":"standard","meta":{"colormag_page_container_layout":"default_layout","colormag_page_sidebar_layout":"default_layout","rop_custom_images_group":[],"rop_custom_messages_group":[],"rop_publish_now":"no","rop_publish_now_accounts":{"facebook_102468208940364_894887317217274":""},"rop_publish_now_history":[{"account":"facebook_102468208940364_894887317217274","service":"facebook","timestamp":1773202047,"status":"success"}],"rop_publish_now_status":"done","footnotes":""},"categories":[874],"tags":[88,773,787,468,177,474,379,376,217,136,754,770,469,904,378,377],"class_list":["post-42694","post","type-post","status-publish","format-standard","has-post-thumbnail","hentry","category-seguridad-y-proteccion-civil","tag-amlo","tag-andres-manuel-lopez-beltran","tag-claudia-sheinbaum-pardo","tag-cuautitlan-mexico","tag-delfina-gomez-alvarez","tag-el-mexiquense-vip","tag-en-vivo","tag-enterate","tag-gobierno-de-mexico","tag-gobierno-del-estado-de-mexico","tag-juanita-carrillo-luna","tag-luisa-maria-alcalde-lujan","tag-noticias-cuautitlan","tag-rosa-patino-solis","tag-ultimahora","tag-ultimas-noticias"],"_links":{"self":[{"href":"https:\/\/elmexiquense.vip\/index.php?rest_route=\/wp\/v2\/posts\/42694","targetHints":{"allow":["GET"]}}],"collection":[{"href":"https:\/\/elmexiquense.vip\/index.php?rest_route=\/wp\/v2\/posts"}],"about":[{"href":"https:\/\/elmexiquense.vip\/index.php?rest_route=\/wp\/v2\/types\/post"}],"author":[{"embeddable":true,"href":"https:\/\/elmexiquense.vip\/index.php?rest_route=\/wp\/v2\/users\/8"}],"replies":[{"embeddable":true,"href":"https:\/\/elmexiquense.vip\/index.php?rest_route=%2Fwp%2Fv2%2Fcomments&post=42694"}],"version-history":[{"count":1,"href":"https:\/\/elmexiquense.vip\/index.php?rest_route=\/wp\/v2\/posts\/42694\/revisions"}],"predecessor-version":[{"id":42697,"href":"https:\/\/elmexiquense.vip\/index.php?rest_route=\/wp\/v2\/posts\/42694\/revisions\/42697"}],"wp:featuredmedia":[{"embeddable":true,"href":"https:\/\/elmexiquense.vip\/index.php?rest_route=\/wp\/v2\/media\/42696"}],"wp:attachment":[{"href":"https:\/\/elmexiquense.vip\/index.php?rest_route=%2Fwp%2Fv2%2Fmedia&parent=42694"}],"wp:term":[{"taxonomy":"category","embeddable":true,"href":"https:\/\/elmexiquense.vip\/index.php?rest_route=%2Fwp%2Fv2%2Fcategories&post=42694"},{"taxonomy":"post_tag","embeddable":true,"href":"https:\/\/elmexiquense.vip\/index.php?rest_route=%2Fwp%2Fv2%2Ftags&post=42694"}],"curies":[{"name":"wp","href":"https:\/\/api.w.org\/{rel}","templated":true}]}}