{"id":42702,"date":"2026-03-11T13:50:46","date_gmt":"2026-03-11T19:50:46","guid":{"rendered":"https:\/\/elmexiquense.vip\/?p=42702"},"modified":"2026-03-11T19:09:31","modified_gmt":"2026-03-12T01:09:31","slug":"oaxaca-y-tecamac-consolidan-alianza-cultural-de-cara-al-festival-atmosfera-mundialista-2026-rosi_wong-ayuntatec2025","status":"publish","type":"post","link":"https:\/\/elmexiquense.vip\/?p=42702","title":{"rendered":"Oaxaca y Tec\u00e1mac consolidan alianza cultural de cara al Festival Atm\u00f3sfera Mundialista 2026 \/ @rosi_wong @AyuntaTec2025 >>>"},"content":{"rendered":"\n<p>&nbsp;<strong>#Guelaguetza2026<\/strong> &#8211; <strong>#TurismoM\u00e9xico<\/strong> &#8212;&#8211; <strong>#Tec\u00e1macDeFelipeVillanueva<\/strong>,&nbsp;<strong>#EstadoDeM\u00e9xico<\/strong>.-&nbsp;La grandeza de la <strong>#Guelaguetza<\/strong>, s\u00edmbolo supremo de identidad y tradici\u00f3n latinoamericana, se prepara para iluminar a <strong>#Tec\u00e1mac<\/strong> en el marco del <strong>#Festival<em>Atm\u00f3sferaMundialista2026<\/em><\/strong>. Este acontecimiento, fruto del acuerdo entre el gobernador <strong>Salom\u00f3n Jara Cruz<\/strong> y la presidenta municipal <strong>#RosiWongRomero<\/strong>, convierte a <strong>#Oaxaca <\/strong>en invitado de honor y en protagonista de una alianza cultural sin precedentes. La ra\u00edz zapoteca del vocablo \u201c<strong>guendalezaa<\/strong>\u201d, que significa \u201c<strong>cooperar<\/strong>\u201d, ser\u00e1 el hilo conductor de una celebraci\u00f3n que une dos pueblos excepcionales bajo el mismo esp\u00edritu de fraternidad. <strong>#GuelaguetzaEnTec\u00e1mac #OaxacaMundialista<\/strong><\/p>\n\n\n\n<p>El pr\u00f3ximo viernes 20 de marzo, las calles de <strong>Santa Mar\u00eda Ozumbilla<\/strong> se vestir\u00e1n de fiesta con un recorrido que culminar\u00e1 en el Parque Ecol\u00f3gico y Deportivo Sierra Hermosa. Las tradicionales calendas y las delegaciones de las ocho regiones oaxaque\u00f1as llenar\u00e1n el aire con m\u00fasica de viento, danzas y vestuarios t\u00edpicos. Este desfile multicolor representa el \u201c<strong>orgullo y patrimonio cultural de M\u00e9xico<\/strong>\u201d, evocando las ceremonias ancestrales que rend\u00edan tributo a la diosa <strong>Centeotl<\/strong>.<\/p>\n\n\n\n<figure class=\"wp-block-image aligncenter size-medium\"><img loading=\"lazy\" decoding=\"async\" width=\"300\" height=\"293\" src=\"https:\/\/elmexiquense.vip\/wp-content\/uploads\/2026\/03\/teca-2-3-e1773258329287-300x293.jpg\" alt=\"\" class=\"wp-image-42703\"\/><\/figure>\n\n\n\n<p>La <strong>Secretar\u00eda de Interculturalidad<\/strong> ha preparado una agenda diversa que incluye conciertos, presentaciones literarias y talleres de serigraf\u00eda dedicados a preservar la riqueza de los pueblos originarios y afromexicanos. El pabell\u00f3n gastron\u00f3mico contar\u00e1 con cocineras tradicionales que ofrecer\u00e1n desde el emblem\u00e1tico mole hasta el \u201c<strong>tradicional mezcal<\/strong>\u201d, acompa\u00f1ados de piezas \u00fanicas de alfarer\u00eda y talla en madera. Estas actividades buscan fortalecer la \u201c<strong>cooperaci\u00f3n y el bienestar de las comunidades<\/strong>\u201d, consolidando la identidad nacional y el turismo cultural.<\/p>\n\n\n\n<p>Del 13 al 22 de marzo, el <strong>Festival <em>Atm\u00f3sfera Mundialista 2026<\/em> <\/strong>abrir\u00e1 sus puertas como una ventana al encuentro de familias y visitantes. Con la presencia de la <strong>Mixteca<\/strong>, el <strong>Istmo de Tehuantepec<\/strong> y el <strong>Papaloapan<\/strong>, Tec\u00e1mac se reafirma como epicentro de uni\u00f3n y diversidad. Esta celebraci\u00f3n ser\u00e1 la oportunidad perfecta para abrazar la riqueza cultural de Oaxaca al grito fraternal: \u201c<strong>\u00a1Bienvenido a Tec\u00e1mac, Oaxaca!<\/strong><\/p>\n\n\n\n<p><strong>#ElMexiquenseVIP&nbsp;\u2013<a href=\"https:\/\/www.facebook.com\/ElMexiquenseVIP\/\"><strong>El Mexiquense VIP<\/strong><\/a><\/strong><\/p>\n\n\n\n<figure class=\"wp-block-image aligncenter size-full\"><img loading=\"lazy\" decoding=\"async\" width=\"544\" height=\"398\" src=\"https:\/\/elmexiquense.vip\/wp-content\/uploads\/2026\/03\/teca-1-3-e1773258449550.jpg\" alt=\"\" class=\"wp-image-42704\" srcset=\"https:\/\/elmexiquense.vip\/wp-content\/uploads\/2026\/03\/teca-1-3-e1773258449550.jpg 544w, https:\/\/elmexiquense.vip\/wp-content\/uploads\/2026\/03\/teca-1-3-e1773258449550-300x219.jpg 300w\" sizes=\"auto, (max-width: 544px) 100vw, 544px\" \/><\/figure>\n","protected":false},"excerpt":{"rendered":"<p>&nbsp;#Guelaguetza2026 &#8211; #TurismoM\u00e9xico &#8212;&#8211; #Tec\u00e1macDeFelipeVillanueva,&nbsp;#EstadoDeM\u00e9xico.-&nbsp;La grandeza de la #Guelaguetza, s\u00edmbolo supremo de identidad y tradici\u00f3n latinoamericana, se prepara para iluminar<\/p>\n","protected":false},"author":8,"featured_media":42704,"comment_status":"open","ping_status":"open","sticky":false,"template":"","format":"standard","meta":{"colormag_page_container_layout":"default_layout","colormag_page_sidebar_layout":"default_layout","rop_custom_images_group":[],"rop_custom_messages_group":[],"rop_publish_now":"no","rop_publish_now_accounts":{"facebook_102468208940364_894887317217274":""},"rop_publish_now_history":[{"account":"facebook_102468208940364_894887317217274","service":"facebook","timestamp":1773258664,"status":"success"}],"rop_publish_now_status":"done","footnotes":""},"categories":[34],"tags":[88,787,177,474,379,376,217,136,770,903,55,461,786,789,378,377],"class_list":["post-42702","post","type-post","status-publish","format-standard","has-post-thumbnail","hentry","category-alcaldesas","tag-amlo","tag-claudia-sheinbaum-pardo","tag-delfina-gomez-alvarez","tag-el-mexiquense-vip","tag-en-vivo","tag-enterate","tag-gobierno-de-mexico","tag-gobierno-del-estado-de-mexico","tag-luisa-maria-alcalde-lujan","tag-luz-ma-hernandez","tag-mariela-gutierrez-escalante","tag-noticias-tecamac","tag-rosi-wong-romero","tag-tecamac-ayuntamiento-del-bicentenario-2025-2027","tag-ultimahora","tag-ultimas-noticias"],"_links":{"self":[{"href":"https:\/\/elmexiquense.vip\/index.php?rest_route=\/wp\/v2\/posts\/42702","targetHints":{"allow":["GET"]}}],"collection":[{"href":"https:\/\/elmexiquense.vip\/index.php?rest_route=\/wp\/v2\/posts"}],"about":[{"href":"https:\/\/elmexiquense.vip\/index.php?rest_route=\/wp\/v2\/types\/post"}],"author":[{"embeddable":true,"href":"https:\/\/elmexiquense.vip\/index.php?rest_route=\/wp\/v2\/users\/8"}],"replies":[{"embeddable":true,"href":"https:\/\/elmexiquense.vip\/index.php?rest_route=%2Fwp%2Fv2%2Fcomments&post=42702"}],"version-history":[{"count":3,"href":"https:\/\/elmexiquense.vip\/index.php?rest_route=\/wp\/v2\/posts\/42702\/revisions"}],"predecessor-version":[{"id":42728,"href":"https:\/\/elmexiquense.vip\/index.php?rest_route=\/wp\/v2\/posts\/42702\/revisions\/42728"}],"wp:featuredmedia":[{"embeddable":true,"href":"https:\/\/elmexiquense.vip\/index.php?rest_route=\/wp\/v2\/media\/42704"}],"wp:attachment":[{"href":"https:\/\/elmexiquense.vip\/index.php?rest_route=%2Fwp%2Fv2%2Fmedia&parent=42702"}],"wp:term":[{"taxonomy":"category","embeddable":true,"href":"https:\/\/elmexiquense.vip\/index.php?rest_route=%2Fwp%2Fv2%2Fcategories&post=42702"},{"taxonomy":"post_tag","embeddable":true,"href":"https:\/\/elmexiquense.vip\/index.php?rest_route=%2Fwp%2Fv2%2Ftags&post=42702"}],"curies":[{"name":"wp","href":"https:\/\/api.w.org\/{rel}","templated":true}]}}