{"id":42706,"date":"2026-03-11T14:01:37","date_gmt":"2026-03-11T20:01:37","guid":{"rendered":"https:\/\/elmexiquense.vip\/?p=42706"},"modified":"2026-03-11T14:04:55","modified_gmt":"2026-03-11T20:04:55","slug":"azucena-cisneros-coss-respalda-ante-la-presidenta-el-modelo-federal-para-pacificar-y-rescatar-a-ecatepec-azucenacisneros-ecatepec","status":"publish","type":"post","link":"https:\/\/elmexiquense.vip\/?p=42706","title":{"rendered":"Azucena Cisneros Coss respalda ante la Presidenta el modelo federal para pacificar y rescatar a Ecatepec \/ @azucenacisneros @Ecatepec"},"content":{"rendered":"\n<p><strong>#EstrategiaDeSeguridad<\/strong> &#8211; <strong>#EcatepecSeguro<\/strong> &#8212;&#8211; <strong>#EcatepecDeMorelo<\/strong>s,\u00a0<strong>#EstadoDeM\u00e9xico<\/strong>.-\u00a0En un encuentro estrat\u00e9gico en <strong>Palacio Nacional<\/strong>, la alcaldesa <strong>#AzucenaCisnerosCoss <\/strong>respald\u00f3 la efectividad de la pol\u00edtica de seguridad federal ante la Presidenta de la Rep\u00fablica, <strong>#ClaudiaSheinbaumPardo<\/strong>. Durante el <strong>\u00abEncuentro de Coordinaci\u00f3n con Presidentas y Presidentes Municipales de Territorios de Paz\u00bb<\/strong>, la edil de Ecatepec fungi\u00f3 como portavoz de 61 alcaldes, destacando que la presencia permanente del Estado es hoy una realidad tangible. Este modelo de colaboraci\u00f3n institucional ha permitido transitar hacia una gobernabilidad s\u00f3lida, priorizando siempre la tranquilidad de las familias mexicanas. <strong>#SeguridadNacional #TerritoriosDePaz<\/strong><\/p>\n\n\n\n<p>La mandataria local subray\u00f3 que en <strong>Ecatepec<\/strong> se combaten las conductas de riesgo mediante el rescate de espacios p\u00fablicos y la implementaci\u00f3n de <strong>\u00absenderos seguros\u00bb<\/strong> para la comunidad. Bajo la gu\u00eda de la gobernadora <strong>Delfina G\u00f3mez \u00c1lvarez<\/strong>, se ha consolidado un esquema de proximidad social en m\u00e1s de <strong>500 comunidades<\/strong>, fortaleciendo la educaci\u00f3n y el empleo. Estas acciones, respaldadas por dependencias federales, buscan erradicar la violencia desde su origen, transformando sectores vulnerables en \u00e1reas de sano esparcimiento y desarrollo.<\/p>\n\n\n\n<figure class=\"wp-block-image aligncenter size-medium\"><img loading=\"lazy\" decoding=\"async\" width=\"172\" height=\"300\" src=\"https:\/\/elmexiquense.vip\/wp-content\/uploads\/2026\/03\/azu-2-2-e1773259189585-172x300.jpg\" alt=\"\" class=\"wp-image-42707\"\/><\/figure>\n\n\n\n<p>Los indicadores presentados por el secretario <strong>Omar Garc\u00eda Harfuch<\/strong> confirman una tendencia a la baja, con una reducci\u00f3n del <strong>61 por ciento<\/strong> en homicidios dolosos en la entidad. Asimismo, delitos de alto impacto como el robo de veh\u00edculos y la extorsi\u00f3n han disminuido dr\u00e1sticamente gracias a la <strong>\u00abcoordinaci\u00f3n institucional y presencia del Estado\u00bb<\/strong>. En la mesa de trabajo participaron titulares de diversas secretar\u00edas, reafirmando que el intercambio de informaci\u00f3n y el <strong>Mando \u00danico<\/strong> son piezas fundamentales para garantizar la justicia.<\/p>\n\n\n\n<p>Finalmente, <strong>Azucena Cisneros Coss<\/strong> reiter\u00f3 su compromiso de profesionalizar a los cuerpos policiales para mantener la incidencia delictiva en niveles m\u00ednimos hist\u00f3ricos dentro del municipio. La suma de voluntades entre los tres niveles de gobierno asegura que la estrategia de pacificaci\u00f3n no sea solo un plan, sino un beneficio directo. Concluy\u00f3 enfatizando que <strong>\u00abla estrategia funciona cuando hay atenci\u00f3n a las causas\u00bb<\/strong>, sellando as\u00ed un pacto de unidad por el bienestar del pueblo.<\/p>\n\n\n\n<p><strong>#ElMexiquenseVIP<\/strong>\u00a0\u2013<a href=\"https:\/\/www.facebook.com\/ElMexiquenseVIP\/\"><strong>El Mexiquense VIP<\/strong><\/a><\/p>\n\n\n\n<figure class=\"wp-block-image aligncenter size-large\"><img loading=\"lazy\" decoding=\"async\" width=\"1024\" height=\"719\" src=\"https:\/\/elmexiquense.vip\/wp-content\/uploads\/2026\/03\/azu-0-1024x719.jpg\" alt=\"\" class=\"wp-image-42709\"\/><\/figure>\n","protected":false},"excerpt":{"rendered":"<p>#EstrategiaDeSeguridad &#8211; #EcatepecSeguro &#8212;&#8211; #EcatepecDeMorelos,\u00a0#EstadoDeM\u00e9xico.-\u00a0En un encuentro estrat\u00e9gico en Palacio Nacional, la alcaldesa #AzucenaCisnerosCoss respald\u00f3 la efectividad de la pol\u00edtica<\/p>\n","protected":false},"author":8,"featured_media":42709,"comment_status":"open","ping_status":"open","sticky":false,"template":"","format":"standard","meta":{"colormag_page_container_layout":"default_layout","colormag_page_sidebar_layout":"default_layout","rop_custom_images_group":[],"rop_custom_messages_group":[],"rop_publish_now":"no","rop_publish_now_accounts":{"facebook_102468208940364_894887317217274":""},"rop_publish_now_history":[{"account":"facebook_102468208940364_894887317217274","service":"facebook","timestamp":1773259315,"status":"success"}],"rop_publish_now_status":"done","footnotes":""},"categories":[34],"tags":[88,773,755,787,177,82,379,376,184,217,136,770,254,485,435,378,377],"class_list":["post-42706","post","type-post","status-publish","format-standard","has-post-thumbnail","hentry","category-alcaldesas","tag-amlo","tag-andres-manuel-lopez-beltran","tag-azucena-cisneros-coss","tag-claudia-sheinbaum-pardo","tag-delfina-gomez-alvarez","tag-dif-ecatepec","tag-en-vivo","tag-enterate","tag-gobierno-de-ecatepec-de-morelos","tag-gobierno-de-mexico","tag-gobierno-del-estado-de-mexico","tag-luisa-maria-alcalde-lujan","tag-morena-ecatepec","tag-noticias-ecatepec","tag-noticias-estado-de-mexico","tag-ultimahora","tag-ultimas-noticias"],"_links":{"self":[{"href":"https:\/\/elmexiquense.vip\/index.php?rest_route=\/wp\/v2\/posts\/42706","targetHints":{"allow":["GET"]}}],"collection":[{"href":"https:\/\/elmexiquense.vip\/index.php?rest_route=\/wp\/v2\/posts"}],"about":[{"href":"https:\/\/elmexiquense.vip\/index.php?rest_route=\/wp\/v2\/types\/post"}],"author":[{"embeddable":true,"href":"https:\/\/elmexiquense.vip\/index.php?rest_route=\/wp\/v2\/users\/8"}],"replies":[{"embeddable":true,"href":"https:\/\/elmexiquense.vip\/index.php?rest_route=%2Fwp%2Fv2%2Fcomments&post=42706"}],"version-history":[{"count":2,"href":"https:\/\/elmexiquense.vip\/index.php?rest_route=\/wp\/v2\/posts\/42706\/revisions"}],"predecessor-version":[{"id":42710,"href":"https:\/\/elmexiquense.vip\/index.php?rest_route=\/wp\/v2\/posts\/42706\/revisions\/42710"}],"wp:featuredmedia":[{"embeddable":true,"href":"https:\/\/elmexiquense.vip\/index.php?rest_route=\/wp\/v2\/media\/42709"}],"wp:attachment":[{"href":"https:\/\/elmexiquense.vip\/index.php?rest_route=%2Fwp%2Fv2%2Fmedia&parent=42706"}],"wp:term":[{"taxonomy":"category","embeddable":true,"href":"https:\/\/elmexiquense.vip\/index.php?rest_route=%2Fwp%2Fv2%2Fcategories&post=42706"},{"taxonomy":"post_tag","embeddable":true,"href":"https:\/\/elmexiquense.vip\/index.php?rest_route=%2Fwp%2Fv2%2Ftags&post=42706"}],"curies":[{"name":"wp","href":"https:\/\/api.w.org\/{rel}","templated":true}]}}