{"id":42711,"date":"2026-03-17T14:17:07","date_gmt":"2026-03-17T20:17:07","guid":{"rendered":"https:\/\/elmexiquense.vip\/?p=42711"},"modified":"2026-03-17T20:40:28","modified_gmt":"2026-03-18T02:40:28","slug":"sanean-finanzas-en-toluca-resuelven-en-tres-meses-un-pasivo-que-estaba-previsto-para-dos-anos-rimoba-tolucagob","status":"publish","type":"post","link":"https:\/\/elmexiquense.vip\/?p=42711","title":{"rendered":"Sanean finanzas en Toluca: resuelven en tres meses un pasivo que estaba previsto para dos a\u00f1os \u00a0\/ @rimoba @TolucaGob >>>"},"content":{"rendered":"\n<p><strong>#CuentasClaras<\/strong> &#8211; <strong>#JusticiaLaboral<\/strong> &#8212;&#8211; <strong>#Toluca, #EstadoDeM\u00e9xico<\/strong>.-\u00a0En un hito financiero sin precedentes para la capital mexiquense, el alcalde <strong>#RicardoMorenoBastida<\/strong> anunci\u00f3 la liquidaci\u00f3n total de una deuda de <strong>600 millones de pesos<\/strong> con el <strong>#ISSEMyM<\/strong>. Este compromiso, que originalmente se proyectaba solventar en un plazo de dos a\u00f1os, fue saldado en apenas un trimestre de gesti\u00f3n administrativa. La determinaci\u00f3n del gobierno local no solo estabiliza las arcas p\u00fablicas, sino que garantiza la certeza social para miles de familias. <strong>#FinanzasSanas #TolucaCumple<\/strong><\/p>\n\n\n\n<p>Bajo la premisa de que <strong>\u00abcuando se administra con responsabilidad, s\u00ed se pueden resolver los rezagos del pasado\u00bb<\/strong>, el mandatario municipal enfatiz\u00f3 la importancia de este saneamiento. El pago de este pasivo hist\u00f3rico permite que la administraci\u00f3n recupere su capacidad de maniobra para invertir en proyectos de infraestructura y servicios. Para <strong>Ricardo Moreno Bastida<\/strong>, poner orden en la casa es el primer paso indispensable para proyectar una ciudad moderna y eficiente.<\/p>\n\n\n\n<figure class=\"wp-block-image aligncenter size-medium\"><img loading=\"lazy\" decoding=\"async\" width=\"210\" height=\"300\" src=\"https:\/\/elmexiquense.vip\/wp-content\/uploads\/2026\/03\/rica-2-e1773259952750-210x300.jpg\" alt=\"\" class=\"wp-image-42712\"\/><\/figure>\n\n\n\n<p>La medida tiene un trasfondo profundamente humanista, pues asegura que los <strong>derechos de nuestras y nuestros trabajadores<\/strong> dejen de estar vulnerados por la insolvencia de gestiones anteriores. Con esta acci\u00f3n, se asegura el acceso a servicios de salud y prestaciones de ley que hab\u00edan permanecido en la incertidumbre. El alcalde puntualiz\u00f3 que <strong>\u00abestamos saneando las finanzas del municipio para que a Toluca le vaya bien\u00bb<\/strong>, marcando una nueva etapa de transparencia.<\/p>\n\n\n\n<p>Este avance administrativo permite que los recursos p\u00fablicos se traduzcan de manera inmediata en <strong>\u00abm\u00e1s resultados para la gente\u00bb<\/strong> en cada rinc\u00f3n de la demarcaci\u00f3n. El Gobierno de Toluca ratifica as\u00ed su compromiso con la legalidad y la justicia social, eliminando las barreras econ\u00f3micas que frenaban el desarrollo. Con cuentas claras, la capital del Estado de M\u00e9xico inicia un ciclo de prosperidad y confianza ciudadana.<\/p>\n\n\n\n<p><strong>#ElMexiquenseVIP<\/strong>\u00a0\u2013<a href=\"https:\/\/www.facebook.com\/ElMexiquenseVIP\/\"><strong>El Mexiquense VIP<\/strong><\/a><\/p>\n\n\n\n<figure class=\"wp-block-image aligncenter size-large\"><img loading=\"lazy\" decoding=\"async\" width=\"1024\" height=\"646\" src=\"https:\/\/elmexiquense.vip\/wp-content\/uploads\/2026\/03\/ricardo-0-e1773260049395-1024x646.jpg\" alt=\"\" class=\"wp-image-42713\"\/><\/figure>\n","protected":false},"excerpt":{"rendered":"<p>#CuentasClaras &#8211; #JusticiaLaboral &#8212;&#8211; #Toluca, #EstadoDeM\u00e9xico.-\u00a0En un hito financiero sin precedentes para la capital mexiquense, el alcalde #RicardoMorenoBastida anunci\u00f3 la<\/p>\n","protected":false},"author":8,"featured_media":42713,"comment_status":"open","ping_status":"open","sticky":false,"template":"","format":"standard","meta":{"colormag_page_container_layout":"default_layout","colormag_page_sidebar_layout":"default_layout","rop_custom_images_group":[],"rop_custom_messages_group":[],"rop_publish_now":"no","rop_publish_now_accounts":{"facebook_102468208940364_894887317217274":""},"rop_publish_now_history":[{"account":"facebook_102468208940364_894887317217274","service":"facebook","timestamp":1773261580,"status":"success"}],"rop_publish_now_status":"done","footnotes":""},"categories":[73],"tags":[88,773,787,177,474,379,376,217,136,770,807,808,905,378,377],"class_list":["post-42711","post","type-post","status-publish","format-standard","has-post-thumbnail","hentry","category-sobresaliente","tag-amlo","tag-andres-manuel-lopez-beltran","tag-claudia-sheinbaum-pardo","tag-delfina-gomez-alvarez","tag-el-mexiquense-vip","tag-en-vivo","tag-enterate","tag-gobierno-de-mexico","tag-gobierno-del-estado-de-mexico","tag-luisa-maria-alcalde-lujan","tag-noticias-toluca","tag-ricardo-moreno-bastida","tag-toluca-news","tag-ultimahora","tag-ultimas-noticias"],"_links":{"self":[{"href":"https:\/\/elmexiquense.vip\/index.php?rest_route=\/wp\/v2\/posts\/42711","targetHints":{"allow":["GET"]}}],"collection":[{"href":"https:\/\/elmexiquense.vip\/index.php?rest_route=\/wp\/v2\/posts"}],"about":[{"href":"https:\/\/elmexiquense.vip\/index.php?rest_route=\/wp\/v2\/types\/post"}],"author":[{"embeddable":true,"href":"https:\/\/elmexiquense.vip\/index.php?rest_route=\/wp\/v2\/users\/8"}],"replies":[{"embeddable":true,"href":"https:\/\/elmexiquense.vip\/index.php?rest_route=%2Fwp%2Fv2%2Fcomments&post=42711"}],"version-history":[{"count":1,"href":"https:\/\/elmexiquense.vip\/index.php?rest_route=\/wp\/v2\/posts\/42711\/revisions"}],"predecessor-version":[{"id":42714,"href":"https:\/\/elmexiquense.vip\/index.php?rest_route=\/wp\/v2\/posts\/42711\/revisions\/42714"}],"wp:featuredmedia":[{"embeddable":true,"href":"https:\/\/elmexiquense.vip\/index.php?rest_route=\/wp\/v2\/media\/42713"}],"wp:attachment":[{"href":"https:\/\/elmexiquense.vip\/index.php?rest_route=%2Fwp%2Fv2%2Fmedia&parent=42711"}],"wp:term":[{"taxonomy":"category","embeddable":true,"href":"https:\/\/elmexiquense.vip\/index.php?rest_route=%2Fwp%2Fv2%2Fcategories&post=42711"},{"taxonomy":"post_tag","embeddable":true,"href":"https:\/\/elmexiquense.vip\/index.php?rest_route=%2Fwp%2Fv2%2Ftags&post=42711"}],"curies":[{"name":"wp","href":"https:\/\/api.w.org\/{rel}","templated":true}]}}