{"id":42715,"date":"2026-04-18T14:39:00","date_gmt":"2026-04-18T20:39:00","guid":{"rendered":"https:\/\/elmexiquense.vip\/?p=42715"},"modified":"2026-04-18T19:58:55","modified_gmt":"2026-04-19T01:58:55","slug":"gobierno-del-estado-de-mexico-habilita-centros-de-apoyo-gratuito-para-el-ingreso-a-educacion-media-superior-delfinagomeza-edomex","status":"publish","type":"post","link":"https:\/\/elmexiquense.vip\/?p=42715","title":{"rendered":"Gobierno del Estado de M\u00e9xico habilita centros de apoyo gratuito para el ingreso a educaci\u00f3n media superior\u00a0\/ @delfinagomeza @Edomex"},"content":{"rendered":"\n<hr class=\"wp-block-separator has-alpha-channel-opacity\"\/>\n\n\n\n<p><strong>#TuFuturoEnElEdom\u00e9x<\/strong> &#8211; <strong>#Bachillerato2026<\/strong> &#8212;&#8211; <strong>#EstadoDeM\u00e9xico<\/strong>,\u00a0<strong>#M\u00e9xico<\/strong>.-\u00a0Con el firme objetivo de democratizar el acceso a la formaci\u00f3n acad\u00e9mica, el <strong>#GobiernoDelEstadoDeM\u00e9xico <\/strong>ha desplegado los Centros de Orientaci\u00f3n y Atenci\u00f3n<strong> <\/strong>(<strong>#COA<\/strong>) en <strong>103 municipios<\/strong> de la entidad. Estos espacios estrat\u00e9gicos ofrecen acompa\u00f1amiento gratuito y personalizado para que las y los j\u00f3venes mexiquenses aseguren su lugar en el bachillerato sin contratiempos. La iniciativa, coordinada por la <strong>Secretar\u00eda de Educaci\u00f3n, Ciencia, Tecnolog\u00eda e Innovaci\u00f3n<\/strong> (<strong>#SECTI<\/strong>), busca eliminar las barreras administrativas que frenan el desarrollo educativo de los estudiantes. <strong>#Educaci\u00f3nEdom\u00e9x #IngresoMediaSuperior<\/strong><\/p>\n\n\n\n<p>Las sedes de apoyo han sido habilitadas en preparatorias oficiales de localidades clave como <strong>Atlacomulco<\/strong>, <strong>Nextlalpan<\/strong>, <strong>Lerma<\/strong> y <strong>Valle de Bravo<\/strong>, operando en horarios accesibles desde las 8:00 horas. En estos puntos, personal especializado gu\u00eda a las familias para identificar la <strong>\u00aboferta educativa disponible\u00bb<\/strong> y las carreras t\u00e9cnicas con mayor proyecci\u00f3n profesional en cada regi\u00f3n. El acompa\u00f1amiento incluye desde la resoluci\u00f3n de dudas t\u00e9cnicas hasta la ubicaci\u00f3n geogr\u00e1fica de los planteles p\u00fablicos con espacios vacantes.<\/p>\n\n\n\n<p>El calendario de inscripci\u00f3n se rige estrictamente por la inicial de la <strong>CURP<\/strong>, encontr\u00e1ndose actualmente en el periodo para las letras <strong>G hasta la P<\/strong>, que concluye el 18 de marzo. Aquellos aspirantes con apellidos que inicien de la <strong>Q a la Z<\/strong> tendr\u00e1n su turno del 19 al 28 de este mismo mes a trav\u00e9s del portal oficial. Es fundamental recordar que este proceso particular <strong>\u00abexcept\u00faa a los 22 municipios de la Zona Metropolitana\u00bb<\/strong>, enfoc\u00e1ndose en fortalecer la infraestructura educativa del resto del territorio estatal.<\/p>\n\n\n\n<p>Para completar el tr\u00e1mite, los interesados deben ingresar a la plataforma digital autorizada, donde tambi\u00e9n podr\u00e1n localizar el apartado de <strong>\u00abAtenci\u00f3n y Soporte\u00bb<\/strong> para ubicar su centro m\u00e1s cercano. El compromiso del gobierno estatal, a trav\u00e9s de la <strong>Subsecretar\u00eda de Educaci\u00f3n Media Superior<\/strong>, reafirma que ning\u00fan estudiante debe quedar fuera por falta de informaci\u00f3n. Con estas acciones, el Estado de M\u00e9xico consolida un sistema de ingreso transparente, humano y dise\u00f1ado para impulsar el talento de su juventud.<\/p>\n\n\n\n<p>Importante: El tr\u00e1mite se realiza en l\u00ednea a trav\u00e9s del portal\u00a0<a href=\"https:\/\/ingresoms.103municipios.edugem.gob.mx\/#\/inicio\">https:\/\/ingresoms.103municipios.edugem.gob.mx\/#\/inicio<\/a>, donde las y los aspirantes completan su proceso de participaci\u00f3n para el ingreso a bachillerato general o tecnol\u00f3gico en planteles p\u00fablicos participantes.\u00a0<\/p>\n\n\n\n<p><strong>#ElMexiquenseVIP<\/strong>\u00a0\u2013<a href=\"https:\/\/www.facebook.com\/ElMexiquenseVIP\/\"><strong>El Mexiquense VIP<\/strong><\/a><\/p>\n\n\n\n<figure class=\"wp-block-image aligncenter size-full\"><img loading=\"lazy\" decoding=\"async\" width=\"595\" height=\"400\" src=\"https:\/\/elmexiquense.vip\/wp-content\/uploads\/2026\/03\/ulti-0-e1773261443475.jpg\" alt=\"\" class=\"wp-image-42717\"\/><\/figure>\n","protected":false},"excerpt":{"rendered":"<p>#TuFuturoEnElEdom\u00e9x &#8211; #Bachillerato2026 &#8212;&#8211; #EstadoDeM\u00e9xico,\u00a0#M\u00e9xico.-\u00a0Con el firme objetivo de democratizar el acceso a la formaci\u00f3n acad\u00e9mica, el #GobiernoDelEstadoDeM\u00e9xico ha desplegado<\/p>\n","protected":false},"author":8,"featured_media":42717,"comment_status":"open","ping_status":"open","sticky":false,"template":"","format":"standard","meta":{"colormag_page_container_layout":"default_layout","colormag_page_sidebar_layout":"default_layout","rop_custom_images_group":[],"rop_custom_messages_group":[],"rop_publish_now":"no","rop_publish_now_accounts":{"facebook_102468208940364_894887317217274":""},"rop_publish_now_history":[{"account":"facebook_102468208940364_894887317217274","service":"facebook","timestamp":1773261588,"status":"success"}],"rop_publish_now_status":"done","footnotes":""},"categories":[690,30],"tags":[88,773,787,177,369,870,474,379,376,217,136,770,435,902],"class_list":["post-42715","post","type-post","status-publish","format-standard","has-post-thumbnail","hentry","category-legisladores","category-ultima-hora","tag-amlo","tag-andres-manuel-lopez-beltran","tag-claudia-sheinbaum-pardo","tag-delfina-gomez-alvarez","tag-dif-estado-de-mexico","tag-edomex-2","tag-el-mexiquense-vip","tag-en-vivo","tag-enterate","tag-gobierno-de-mexico","tag-gobierno-del-estado-de-mexico","tag-luisa-maria-alcalde-lujan","tag-noticias-estado-de-mexico","tag-turismo-estado-de-mexico"],"_links":{"self":[{"href":"https:\/\/elmexiquense.vip\/index.php?rest_route=\/wp\/v2\/posts\/42715","targetHints":{"allow":["GET"]}}],"collection":[{"href":"https:\/\/elmexiquense.vip\/index.php?rest_route=\/wp\/v2\/posts"}],"about":[{"href":"https:\/\/elmexiquense.vip\/index.php?rest_route=\/wp\/v2\/types\/post"}],"author":[{"embeddable":true,"href":"https:\/\/elmexiquense.vip\/index.php?rest_route=\/wp\/v2\/users\/8"}],"replies":[{"embeddable":true,"href":"https:\/\/elmexiquense.vip\/index.php?rest_route=%2Fwp%2Fv2%2Fcomments&post=42715"}],"version-history":[{"count":1,"href":"https:\/\/elmexiquense.vip\/index.php?rest_route=\/wp\/v2\/posts\/42715\/revisions"}],"predecessor-version":[{"id":42718,"href":"https:\/\/elmexiquense.vip\/index.php?rest_route=\/wp\/v2\/posts\/42715\/revisions\/42718"}],"wp:featuredmedia":[{"embeddable":true,"href":"https:\/\/elmexiquense.vip\/index.php?rest_route=\/wp\/v2\/media\/42717"}],"wp:attachment":[{"href":"https:\/\/elmexiquense.vip\/index.php?rest_route=%2Fwp%2Fv2%2Fmedia&parent=42715"}],"wp:term":[{"taxonomy":"category","embeddable":true,"href":"https:\/\/elmexiquense.vip\/index.php?rest_route=%2Fwp%2Fv2%2Fcategories&post=42715"},{"taxonomy":"post_tag","embeddable":true,"href":"https:\/\/elmexiquense.vip\/index.php?rest_route=%2Fwp%2Fv2%2Ftags&post=42715"}],"curies":[{"name":"wp","href":"https:\/\/api.w.org\/{rel}","templated":true}]}}