{"id":42719,"date":"2026-03-11T15:52:30","date_gmt":"2026-03-11T21:52:30","guid":{"rendered":"https:\/\/elmexiquense.vip\/?p=42719"},"modified":"2026-03-11T15:52:30","modified_gmt":"2026-03-11T21:52:30","slug":"pedro-rodriguez-villegas-consolida-un-legado-educativo-con-una-voluntad-inquebrantable-por-la-ninez-de-atizapan-pedro_rvillegas-gobatizapan","status":"publish","type":"post","link":"https:\/\/elmexiquense.vip\/?p=42719","title":{"rendered":"Pedro Rodr\u00edguez Villegas consolida un legado educativo con una voluntad inquebrantable por la ni\u00f1ez de Atizap\u00e1n \u00a0\/ @Pedro_RVillegas @GobAtizapan"},"content":{"rendered":"\n<p><strong>#Educaci\u00f3nDeExcelencia<\/strong> &#8211; <strong>#M\u00e9xicoUnido<\/strong> &#8212;&#8211; <strong>#Atizap\u00e1nDeZaragoza<\/strong>,\u00a0<strong>#EstadoDeM\u00e9xico<\/strong>.- \u201cLa educaci\u00f3n es el arma m\u00e1s poderosa para cambiar el mundo\u201d, afirm\u00f3 <strong>Nelson Mandela<\/strong>, y esa premisa se materializa hoy en <strong>#Atizap\u00e1n<\/strong>, donde el alcalde <strong>#PedroRodr\u00edguezVillegas<\/strong> impulsa una transformaci\u00f3n educativa de alcance in\u00e9dito. Consciente de que el conocimiento es el cimiento del progreso, el edil ha convertido la <strong>#Educaci\u00f3nEdom\u00e9x <\/strong>y la <strong>#Ni\u00f1ezAtizapense<\/strong> en ejes de un proyecto que trasciende las aulas. <strong>\u00abEsta labor, de impacto inefable, se erige como un legado de equidad y esperanza, capaz de redefinir el porvenir de la comunidad<\/strong>\u00ab, puntualiz\u00f3.<\/p>\n\n\n\n<p>En la primaria \u201c<strong>Dr. Mariano Gerardo L\u00f3pez<\/strong>\u201d, <strong>Pedro Rodr\u00edguez<\/strong> entreg\u00f3 una moderna aula de c\u00f3mputo que simboliza el acceso a un futuro m\u00e1s justo. Con visi\u00f3n <strong>long\u00e1nime<\/strong>, anunci\u00f3 la pr\u00f3xima inauguraci\u00f3n de un tercer espacio tecnol\u00f3gico para el turno vespertino, con el prop\u00f3sito de erradicar la brecha digital. <strong>\u00abEste esfuerzo, de car\u00e1cter hol\u00edstico, garantiza que cada estudiante pueda acceder a herramientas vanguardistas que fortalezcan su formaci\u00f3n integral\u00bb<\/strong>, explic\u00f3.<\/p>\n\n\n\n<p><strong>\u201cHoy entregamos este segundo recinto digital, pero en breve los alumnos de la tarde tambi\u00e9n contar\u00e1n con esta herramienta\u201d<\/strong>, puntualiz\u00f3 <strong>Pedro Rodr\u00edguez<\/strong>. Con actitud <strong>denodada<\/strong>, reafirm\u00f3 que la tecnolog\u00eda es un derecho b\u00e1sico para alcanzar la superaci\u00f3n personal. La gesti\u00f3n <strong>expedita<\/strong> de recursos permite que los beneficios lleguen directamente a quienes representan el porvenir m\u00e1s luminoso de nuestra sociedad.<\/p>\n\n\n\n<figure class=\"wp-block-image aligncenter size-medium\"><img loading=\"lazy\" decoding=\"async\" width=\"294\" height=\"300\" src=\"https:\/\/elmexiquense.vip\/wp-content\/uploads\/2026\/03\/pedro-2-e1773265508223-294x300.jpg\" alt=\"\" class=\"wp-image-42720\"\/><\/figure>\n\n\n\n<p>La administraci\u00f3n municipal de <strong>Pedro Rodr\u00edguez <\/strong>ha dispuesto tambi\u00e9n labores de mantenimiento integral en los planteles, priorizando la reparaci\u00f3n de pisos y la rehabilitaci\u00f3n de techumbres da\u00f1adas. Esta acci\u00f3n, de car\u00e1cter <strong>acucioso<\/strong>, responde a las solicitudes escolares y asegura condiciones dignas para el aprendizaje. <strong>\u00abLa infraestructura, considerada axial, se convierte en un pilar de seguridad y confianza para estudiantes y docentes\u00bb,<\/strong> dij\u00f3.<\/p>\n\n\n\n<p>Por su parte, <strong>Paty Ar\u00e9valo<\/strong>, Presidenta Honoraria del DIF municipal, subray\u00f3 que la protecci\u00f3n de la infancia es el eje rector de su programa. Su discurso, cargado de <strong>elocuencia<\/strong>, enfatiz\u00f3 que construir escuelas dignas es la v\u00eda m\u00e1s segura para sembrar esperanza. Con compromiso <strong>ineluctable<\/strong>, supervisa personalmente cada proyecto, garantizando que se cumpla con los m\u00e1s altos est\u00e1ndares de calidad.<\/p>\n\n\n\n<p>\u201cLas ra\u00edces de la educaci\u00f3n son amargas, pero sus frutos son dulces\u201d, sentenci\u00f3 <strong>Arist\u00f3teles<\/strong>, record\u00e1ndonos que el esfuerzo colectivo siempre se traduce en prosperidad. Pedro Rodr\u00edguez Villegas y su administraci\u00f3n, con voluntad <strong>loable<\/strong>, convierten cada inversi\u00f3n escolar en una semilla de futuro. El resultado ser\u00e1 una generaci\u00f3n \u00edntegra, capaz de transformar con dignidad y <strong>prosperidad<\/strong> el destino de Atizap\u00e1n.   <strong>#JusticiaSocial<\/strong> &#8211; <strong>#Transformaci\u00f3nDigital<\/strong><\/p>\n\n\n\n<p><strong>#miangelzorro<\/strong><\/p>\n\n\n\n<p><strong>#ElMexiquenseVIP<\/strong>\u00a0\u2013<a href=\"https:\/\/www.facebook.com\/ElMexiquenseVIP\/\"><strong>El Mexiquense VIP<\/strong><\/a><\/p>\n\n\n\n<figure class=\"wp-block-image aligncenter size-large\"><img loading=\"lazy\" decoding=\"async\" width=\"1024\" height=\"757\" src=\"https:\/\/elmexiquense.vip\/wp-content\/uploads\/2026\/03\/pedro-1-1024x757.jpg\" alt=\"\" class=\"wp-image-42721\"\/><\/figure>\n","protected":false},"excerpt":{"rendered":"<p>#Educaci\u00f3nDeExcelencia &#8211; #M\u00e9xicoUnido &#8212;&#8211; #Atizap\u00e1nDeZaragoza,\u00a0#EstadoDeM\u00e9xico.- \u201cLa educaci\u00f3n es el arma m\u00e1s poderosa para cambiar el mundo\u201d, afirm\u00f3 Nelson Mandela, y<\/p>\n","protected":false},"author":1,"featured_media":42721,"comment_status":"open","ping_status":"open","sticky":false,"template":"","format":"standard","meta":{"colormag_page_container_layout":"default_layout","colormag_page_sidebar_layout":"default_layout","rop_custom_images_group":[],"rop_custom_messages_group":[],"rop_publish_now":"no","rop_publish_now_accounts":{"facebook_102468208940364_894887317217274":""},"rop_publish_now_history":[{"account":"facebook_102468208940364_894887317217274","service":"facebook","timestamp":1773265967,"status":"success"}],"rop_publish_now_status":"done","footnotes":""},"categories":[29],"tags":[515,787,177,764,474,379,376,217,136,777,762,492,744,691,837,493,383],"class_list":["post-42719","post","type-post","status-publish","format-standard","has-post-thumbnail","hentry","category-destacados","tag-anuar-azar-figueroa","tag-claudia-sheinbaum-pardo","tag-delfina-gomez-alvarez","tag-dif-atizapan-de-zaragoza","tag-el-mexiquense-vip","tag-en-vivo","tag-enterate","tag-gobierno-de-mexico","tag-gobierno-del-estado-de-mexico","tag-jorge-romero-herrera","tag-miguel-angel-zorro","tag-municipio-de-atizapan-de-zaragoza","tag-noticias-atizapan-de-zaragoza","tag-patricia-arevalo-rubio","tag-paty-arevalo","tag-pedro-rodriguez-villegas","tag-ultima-hora"],"_links":{"self":[{"href":"https:\/\/elmexiquense.vip\/index.php?rest_route=\/wp\/v2\/posts\/42719","targetHints":{"allow":["GET"]}}],"collection":[{"href":"https:\/\/elmexiquense.vip\/index.php?rest_route=\/wp\/v2\/posts"}],"about":[{"href":"https:\/\/elmexiquense.vip\/index.php?rest_route=\/wp\/v2\/types\/post"}],"author":[{"embeddable":true,"href":"https:\/\/elmexiquense.vip\/index.php?rest_route=\/wp\/v2\/users\/1"}],"replies":[{"embeddable":true,"href":"https:\/\/elmexiquense.vip\/index.php?rest_route=%2Fwp%2Fv2%2Fcomments&post=42719"}],"version-history":[{"count":1,"href":"https:\/\/elmexiquense.vip\/index.php?rest_route=\/wp\/v2\/posts\/42719\/revisions"}],"predecessor-version":[{"id":42722,"href":"https:\/\/elmexiquense.vip\/index.php?rest_route=\/wp\/v2\/posts\/42719\/revisions\/42722"}],"wp:featuredmedia":[{"embeddable":true,"href":"https:\/\/elmexiquense.vip\/index.php?rest_route=\/wp\/v2\/media\/42721"}],"wp:attachment":[{"href":"https:\/\/elmexiquense.vip\/index.php?rest_route=%2Fwp%2Fv2%2Fmedia&parent=42719"}],"wp:term":[{"taxonomy":"category","embeddable":true,"href":"https:\/\/elmexiquense.vip\/index.php?rest_route=%2Fwp%2Fv2%2Fcategories&post=42719"},{"taxonomy":"post_tag","embeddable":true,"href":"https:\/\/elmexiquense.vip\/index.php?rest_route=%2Fwp%2Fv2%2Ftags&post=42719"}],"curies":[{"name":"wp","href":"https:\/\/api.w.org\/{rel}","templated":true}]}}