{"id":42723,"date":"2026-03-11T19:30:08","date_gmt":"2026-03-12T01:30:08","guid":{"rendered":"https:\/\/elmexiquense.vip\/?p=42723"},"modified":"2026-03-14T18:36:20","modified_gmt":"2026-03-15T00:36:20","slug":"isaac-montoya-consolida-una-voluntad-inmarcesible-la-comuna-transforma-el-entorno-urbano-de-naucalpan-isaacsolar-gobnau","status":"publish","type":"post","link":"https:\/\/elmexiquense.vip\/?p=42723","title":{"rendered":"Isaac Montoya consolida una voluntad inmarcesible: La COMUNA transforma el entorno urbano de Naucalpan \/ @isaacsolar @GobNau >>>"},"content":{"rendered":"\n<p><strong>#NaucalpanSeDignifica<\/strong> &#8211; <strong>#Transformaci\u00f3nSocial<\/strong> &#8212;&#8211; <strong>#NaucalpanDeJu\u00e1rez<\/strong>, <strong>#EstadoDeM\u00e9xico<\/strong>.- \u201c<strong>Nada es tan poderoso como una idea a la que le ha llegado su tiempo<\/strong>\u201d, escribi\u00f3 <strong>V\u00edctor Hugo<\/strong>, y esa verdad se ha hecho palpable en la calle Pensamiento, ubicada en la colonia Las Huertas 1a. Secci\u00f3n,, tras m\u00e1s de cuarenta a\u00f1os de espera. Con el programa<strong> #<em>LaCOMUNA<\/em><\/strong>, encabezado por el alcalde de <strong>#Naucalpan, #IsaacMontoyaM\u00e1rquez<\/strong>, la <strong>#JusticiaSocial <\/strong>y la <strong>#Transformaci\u00f3nNaucalpan<\/strong> se convierten en realidades tangibles. Esta obra, de impacto <strong>inefable<\/strong>, refleja la fuerza de la cooperaci\u00f3n ciudadana y la voluntad pol\u00edtica para dignificar espacios olvidados, consolidando un legado de esperanza y progreso.<\/p>\n\n\n\n<p>El Presidente Municipal recorri\u00f3 la vialidad reci\u00e9n rehabilitada, donde la alegr\u00eda de la infancia al estrenar el nuevo balizamiento result\u00f3 profundamente conmovedora. Vecinas y vecinos agradecieron una obra que administraciones previas dejaron en el <strong>pusil\u00e1nime<\/strong> abandono. <strong>\u00abHoy, los 552 metros cuadrados intervenidos representan un cambio sustancial en la vida cotidiana de las familias, quienes aportaron su esfuerzo comunitario para hacer posible esta transformaci\u00f3n\u00bb<\/strong>, dijo el Alcalde de Naucalpan.<\/p>\n\n\n\n<p>En su mensaje, <strong>Isaac Montoya M\u00e1rquez<\/strong> destac\u00f3 que la infraestructura posee un vigor <strong>p\u00e9treo<\/strong>, gracias a sus 15 cent\u00edmetros de espesor reforzado con malla electrosoldada. Subray\u00f3 que su administraci\u00f3n busca recuperar la <strong>prosperidad<\/strong> en zonas donde el desarrollo fue exiguo durante d\u00e9cadas, priorizando siempre la dignificaci\u00f3n de los espacios m\u00e1s necesitados. <strong>\u00abEsta calle, pensada para la posteridad, garantiza durabilidad y resistencia frente al tr\u00e1nsito y al tiempo\u00bb<\/strong>.<\/p>\n\n\n\n<figure class=\"wp-block-image aligncenter size-medium\"><img loading=\"lazy\" decoding=\"async\" width=\"225\" height=\"300\" src=\"https:\/\/elmexiquense.vip\/wp-content\/uploads\/2026\/03\/isa-2-4-225x300.jpg\" alt=\"\" class=\"wp-image-42724\"\/><\/figure>\n\n\n\n<p>El programa <em>La COMUNA<\/em> se erige como un modelo <strong>eximio<\/strong> de gesti\u00f3n, donde la organizaci\u00f3n vecinal rompe las cadenas del rezago urbano. El alcalde reiter\u00f3 que \u201c<strong>primero van los \u00faltimos<\/strong>\u201d, asegurando que cada tramo recuperado fortalece el tejido social del municipio. <strong>\u00abEsta entrega no es solo pavimento, sino un acto de fe ineluctable en el poder de la uni\u00f3n ciudadana para edificar un futuro m\u00e1s equitativo\u00bb<\/strong>, finaliz\u00f3.<\/p>\n\n\n\n<p>\u201c<strong>Solos podemos hacer poco, juntos podemos hacer mucho<\/strong>\u201d, afirm\u00f3 <strong>Helen Keller<\/strong>, y esa m\u00e1xima se convierte hoy en el principio <strong>loable<\/strong> que gu\u00eda la nueva realidad de Naucalpan, donde la cooperaci\u00f3n comunitaria ha demostrado ser la clave de la <strong>prosperidad<\/strong> compartida.   <strong>#PoderComunitario<\/strong> &#8211; <strong>#M\u00e9xicoAvanza<\/strong><\/p>\n\n\n\n<p><strong>#miangelzorro<\/strong><\/p>\n\n\n\n<p><strong>#ElMexiquenseVIP<\/strong>&nbsp;\u2013<a href=\"https:\/\/www.facebook.com\/ElMexiquenseVIP\/\"><strong>El Mexiquense VIP<\/strong><\/a><\/p>\n\n\n\n<figure class=\"wp-block-image aligncenter size-large\"><img loading=\"lazy\" decoding=\"async\" width=\"1024\" height=\"757\" src=\"https:\/\/elmexiquense.vip\/wp-content\/uploads\/2026\/03\/isa-1-4-e1773266820422-1024x757.jpg\" alt=\"\" class=\"wp-image-42725\"\/><\/figure>\n","protected":false},"excerpt":{"rendered":"<p>#NaucalpanSeDignifica &#8211; #Transformaci\u00f3nSocial &#8212;&#8211; #NaucalpanDeJu\u00e1rez, #EstadoDeM\u00e9xico.- \u201cNada es tan poderoso como una idea a la que le ha llegado su<\/p>\n","protected":false},"author":1,"featured_media":42725,"comment_status":"open","ping_status":"open","sticky":false,"template":"","format":"standard","meta":{"colormag_page_container_layout":"default_layout","colormag_page_sidebar_layout":"default_layout","rop_custom_images_group":[],"rop_custom_messages_group":[],"rop_publish_now":"no","rop_publish_now_accounts":{"facebook_102468208940364_894887317217274":""},"rop_publish_now_history":[{"account":"facebook_102468208940364_894887317217274","service":"facebook","timestamp":1773267266,"status":"success"}],"rop_publish_now_status":"done","footnotes":""},"categories":[29],"tags":[88,787,177,105,474,379,376,217,136,575,788,770,762,198,898,766,897,383],"class_list":["post-42723","post","type-post","status-publish","format-standard","has-post-thumbnail","hentry","category-destacados","tag-amlo","tag-claudia-sheinbaum-pardo","tag-delfina-gomez-alvarez","tag-dif-naucalpan","tag-el-mexiquense-vip","tag-en-vivo","tag-enterate","tag-gobierno-de-mexico","tag-gobierno-del-estado-de-mexico","tag-gobierno-municipal-de-naucalpan-de-juarez","tag-isaac-montoya-marquez","tag-luisa-maria-alcalde-lujan","tag-miguel-angel-zorro","tag-morena-naucalpan","tag-naucalpan-news","tag-noticias-naucalpan","tag-turismo-naucalpan","tag-ultima-hora"],"_links":{"self":[{"href":"https:\/\/elmexiquense.vip\/index.php?rest_route=\/wp\/v2\/posts\/42723","targetHints":{"allow":["GET"]}}],"collection":[{"href":"https:\/\/elmexiquense.vip\/index.php?rest_route=\/wp\/v2\/posts"}],"about":[{"href":"https:\/\/elmexiquense.vip\/index.php?rest_route=\/wp\/v2\/types\/post"}],"author":[{"embeddable":true,"href":"https:\/\/elmexiquense.vip\/index.php?rest_route=\/wp\/v2\/users\/1"}],"replies":[{"embeddable":true,"href":"https:\/\/elmexiquense.vip\/index.php?rest_route=%2Fwp%2Fv2%2Fcomments&post=42723"}],"version-history":[{"count":1,"href":"https:\/\/elmexiquense.vip\/index.php?rest_route=\/wp\/v2\/posts\/42723\/revisions"}],"predecessor-version":[{"id":42726,"href":"https:\/\/elmexiquense.vip\/index.php?rest_route=\/wp\/v2\/posts\/42723\/revisions\/42726"}],"wp:featuredmedia":[{"embeddable":true,"href":"https:\/\/elmexiquense.vip\/index.php?rest_route=\/wp\/v2\/media\/42725"}],"wp:attachment":[{"href":"https:\/\/elmexiquense.vip\/index.php?rest_route=%2Fwp%2Fv2%2Fmedia&parent=42723"}],"wp:term":[{"taxonomy":"category","embeddable":true,"href":"https:\/\/elmexiquense.vip\/index.php?rest_route=%2Fwp%2Fv2%2Fcategories&post=42723"},{"taxonomy":"post_tag","embeddable":true,"href":"https:\/\/elmexiquense.vip\/index.php?rest_route=%2Fwp%2Fv2%2Ftags&post=42723"}],"curies":[{"name":"wp","href":"https:\/\/api.w.org\/{rel}","templated":true}]}}