{"id":42729,"date":"2026-03-11T19:21:36","date_gmt":"2026-03-12T01:21:36","guid":{"rendered":"https:\/\/elmexiquense.vip\/?p=42729"},"modified":"2026-03-11T19:21:36","modified_gmt":"2026-03-12T01:21:36","slug":"cabildo-de-tlalnepantla-aprueba-exenciones-fiscales-para-garantizar-una-justicia-social-inclusiva-y-expedita-racielperezc_-gob_tlalne","status":"publish","type":"post","link":"https:\/\/elmexiquense.vip\/?p=42729","title":{"rendered":"Cabildo de Tlalnepantla aprueba exenciones fiscales para garantizar una justicia social inclusiva y expedita \/ @RacielPerezC_ @Gob_Tlalne >>"},"content":{"rendered":"\n<p><strong>#JusticiaEnTuComunidad<\/strong> &#8211; <strong>#GobiernoEficiente<\/strong> &#8212;&#8211; <strong>#TlalnepantlaDeBaz<\/strong>,\u00a0<strong>#EstadoDeM\u00e9xico<\/strong>.- En la <strong>Cuadrag\u00e9sima Novena Sesi\u00f3n Ordinaria de Cabildo<\/strong>, el alcalde <strong>#RacielP\u00e9rezCruz <\/strong>encabez\u00f3 la aprobaci\u00f3n de acuerdos que enlazan la memoria hist\u00f3rica con el bienestar ciudadano. Bajo la premisa de \u201c<strong>#Justicia Social<\/strong>\u201d, el Gobierno de <strong>#Tlalnepantla<\/strong> reafirma su compromiso de proteger el patrimonio cultural y facilitar tr\u00e1mites esenciales para las familias. Estas acciones, de car\u00e1cter <strong>trascendente<\/strong>, aseguran que la evoluci\u00f3n pol\u00edtica del municipio quede debidamente documentada para las futuras generaciones de mexiquenses. <strong>#TlalnepantlaSeguro #JusticiaSocial<\/strong><\/p>\n\n\n\n<p>El <strong>Cuerpo Edilicio<\/strong> analiz\u00f3 la integraci\u00f3n del nuevo Consejo Municipal de la Cr\u00f3nica, \u00f3rgano que tendr\u00e1 la elevada misi\u00f3n de registrar el devenir de la comunidad. Esta iniciativa, de esp\u00edritu <strong>institucional<\/strong>, fortalece el sentido de pertenencia entre los habitantes y garantiza que la historia local sea preservada con rigor <strong>transparente<\/strong>. La designaci\u00f3n de los ciudadanos que conformar\u00e1n este consejo asegura representatividad y legitimidad en la construcci\u00f3n de identidad colectiva.<\/p>\n\n\n\n<figure class=\"wp-block-image aligncenter size-medium\"><img loading=\"lazy\" decoding=\"async\" width=\"300\" height=\"289\" src=\"https:\/\/elmexiquense.vip\/wp-content\/uploads\/2026\/03\/Raci-2-2-e1773278358786-300x289.jpg\" alt=\"\" class=\"wp-image-42730\"\/><\/figure>\n\n\n\n<p>De igual manera, los integrantes del Cabildo aprobaron la exenci\u00f3n de pagos en actos del Registro Civil y la expedici\u00f3n gratuita de constancias de vecindad. Esta medida, de impacto <strong>directo<\/strong>, beneficia a los participantes del programa \u201c<strong>Caravanas Itinerantes por la Justicia Social<\/strong>\u201d, eliminando barreras econ\u00f3micas que dificultaban la regularizaci\u00f3n jur\u00eddica. El objetivo central es que la ciudadan\u00eda obtenga sus \u201c<strong>documentos de identidad esenciales<\/strong>\u201d sin comprometer la estabilidad <strong>familiar<\/strong>.<\/p>\n\n\n\n<p>Con estas determinaciones, la administraci\u00f3n de <strong>Raciel P\u00e9rez Cruz<\/strong> consolida una gesti\u00f3n eficiente que prioriza la atenci\u00f3n en territorio y la eficacia administrativa. <strong>Tlalnepantla<\/strong> se posiciona como referente en la protecci\u00f3n del patrimonio hist\u00f3rico y en el apoyo directo a la poblaci\u00f3n. Este trabajo coordinado asegura un futuro donde la <strong>legalidad<\/strong> y la <strong>cultura<\/strong> caminen de la mano por el bien com\u00fan.<\/p>\n\n\n\n<p><strong>#ElMexiquenseVIP<\/strong>&nbsp;\u2013<a href=\"https:\/\/www.facebook.com\/ElMexiquenseVIP\/\"><strong>El Mexiquense VIP<\/strong><\/a><\/p>\n\n\n\n<figure class=\"wp-block-image aligncenter size-large\"><img loading=\"lazy\" decoding=\"async\" width=\"1024\" height=\"764\" src=\"https:\/\/elmexiquense.vip\/wp-content\/uploads\/2026\/03\/raci-1-2-e1773278437479-1024x764.jpg\" alt=\"\" class=\"wp-image-42731\"\/><\/figure>\n","protected":false},"excerpt":{"rendered":"<p>#JusticiaEnTuComunidad &#8211; #GobiernoEficiente &#8212;&#8211; #TlalnepantlaDeBaz,\u00a0#EstadoDeM\u00e9xico.- En la Cuadrag\u00e9sima Novena Sesi\u00f3n Ordinaria de Cabildo, el alcalde #RacielP\u00e9rezCruz encabez\u00f3 la aprobaci\u00f3n de<\/p>\n","protected":false},"author":8,"featured_media":42731,"comment_status":"open","ping_status":"open","sticky":false,"template":"","format":"standard","meta":{"colormag_page_container_layout":"default_layout","colormag_page_sidebar_layout":"default_layout","rop_custom_images_group":[],"rop_custom_messages_group":[],"rop_publish_now":"no","rop_publish_now_accounts":{"facebook_102468208940364_894887317217274":""},"rop_publish_now_history":[{"account":"facebook_102468208940364_894887317217274","service":"facebook","timestamp":1773278533,"status":"success"}],"rop_publish_now_status":"done","footnotes":""},"categories":[29],"tags":[773,787,177,602,474,379,376,217,599,136,770,152,51,378,377],"class_list":["post-42729","post","type-post","status-publish","format-standard","has-post-thumbnail","hentry","category-destacados","tag-andres-manuel-lopez-beltran","tag-claudia-sheinbaum-pardo","tag-delfina-gomez-alvarez","tag-dif-tlalnepantla","tag-el-mexiquense-vip","tag-en-vivo","tag-enterate","tag-gobierno-de-mexico","tag-gobierno-de-tlalnepantla-de-baz","tag-gobierno-del-estado-de-mexico","tag-luisa-maria-alcalde-lujan","tag-municipio-de-tlalnepantla-de-baz","tag-raciel-perez-cruz","tag-ultimahora","tag-ultimas-noticias"],"_links":{"self":[{"href":"https:\/\/elmexiquense.vip\/index.php?rest_route=\/wp\/v2\/posts\/42729","targetHints":{"allow":["GET"]}}],"collection":[{"href":"https:\/\/elmexiquense.vip\/index.php?rest_route=\/wp\/v2\/posts"}],"about":[{"href":"https:\/\/elmexiquense.vip\/index.php?rest_route=\/wp\/v2\/types\/post"}],"author":[{"embeddable":true,"href":"https:\/\/elmexiquense.vip\/index.php?rest_route=\/wp\/v2\/users\/8"}],"replies":[{"embeddable":true,"href":"https:\/\/elmexiquense.vip\/index.php?rest_route=%2Fwp%2Fv2%2Fcomments&post=42729"}],"version-history":[{"count":1,"href":"https:\/\/elmexiquense.vip\/index.php?rest_route=\/wp\/v2\/posts\/42729\/revisions"}],"predecessor-version":[{"id":42732,"href":"https:\/\/elmexiquense.vip\/index.php?rest_route=\/wp\/v2\/posts\/42729\/revisions\/42732"}],"wp:featuredmedia":[{"embeddable":true,"href":"https:\/\/elmexiquense.vip\/index.php?rest_route=\/wp\/v2\/media\/42731"}],"wp:attachment":[{"href":"https:\/\/elmexiquense.vip\/index.php?rest_route=%2Fwp%2Fv2%2Fmedia&parent=42729"}],"wp:term":[{"taxonomy":"category","embeddable":true,"href":"https:\/\/elmexiquense.vip\/index.php?rest_route=%2Fwp%2Fv2%2Fcategories&post=42729"},{"taxonomy":"post_tag","embeddable":true,"href":"https:\/\/elmexiquense.vip\/index.php?rest_route=%2Fwp%2Fv2%2Ftags&post=42729"}],"curies":[{"name":"wp","href":"https:\/\/api.w.org\/{rel}","templated":true}]}}