{"id":42733,"date":"2026-03-12T20:43:57","date_gmt":"2026-03-13T02:43:57","guid":{"rendered":"https:\/\/elmexiquense.vip\/?p=42733"},"modified":"2026-03-12T20:43:57","modified_gmt":"2026-03-13T02:43:57","slug":"en-2026-habra-mas-de-mil-centros-libre-para-las-mujeres-el-objetivo-llegar-a-todos-los-municipios-presidenta-claudiashein-gobiernomx","status":"publish","type":"post","link":"https:\/\/elmexiquense.vip\/?p=42733","title":{"rendered":"En 2026 habr\u00e1 m\u00e1s de mil Centros LIBRE para las mujeres; el objetivo, llegar a todos los municipios Presidenta \/ @Claudiashein @GobiernoMX >>>"},"content":{"rendered":"\n<p>\u00a0<strong>#ViviendaParaTodos<\/strong>\u00a0\u2013\u00a0<strong>#JusticiaSocial<\/strong>\u00a0\u2014\u2013\u00a0<strong>#GobiernoFederal<\/strong>,\u00a0<strong>#M\u00e9xico<\/strong>.-\u00a0En el marco de las acciones por el D\u00eda Internacional de la Mujer, la Presidenta <strong>#ClaudiaSheinbaumPardo<\/strong>, \u2014a trav\u00e9s de un enlace a las 32 entidades de la Rep\u00fablica desde Palacio Nacional\u2014, defini\u00f3 como hist\u00f3rico que cada municipio del pa\u00eds tendr\u00e1 un\u00a0<strong>#CentroLIBRE<\/strong> para las Mujeres, comenzando con m\u00e1s de mil en 2026, ya que se instalar\u00e1n 323 espacios este a\u00f1o con una inversi\u00f3n de m\u00e1s de 983 millones 491 mil pesos, que se sumar\u00e1n a los 678 que fueron aperturados en 2025.<\/p>\n\n\n\n<p>\u201cLos Centros LIBRES son espacios de mujeres para mujeres que estamos desarrollando en cada municipio del pa\u00eds, el objetivo es que cualquier mujer que tenga alg\u00fan problema o que desee desarrollarse o que sencillamente quiera estar con sus amigas, con sus vecinas en un espacio pueda tener distintas actividades. Hay asesor\u00eda psicol\u00f3gica, jur\u00eddica, de distinto tipo y adem\u00e1s ya hay una biblioteca en cada uno de los Centros LIBRES para hacer clubes de lectura. Es un proyecto que est\u00e1 teniendo mucho impacto en todo el pa\u00eds, sobre todo para las mujeres de todo el pa\u00eds, a lo largo y ancho, en todos los municipios. El objetivo es llegar a todos los municipios del pa\u00eds y este a\u00f1o vamos a llegar a mil municipios (&#8230;) Es algo hist\u00f3rico para el pa\u00eds que cada municipio del pa\u00eds tenga un Centro Libre para las Mujeres\u201d, destac\u00f3 en la conferencia matutina \u201cLas ma\u00f1aneras del pueblo\u201d.<\/p>\n\n\n\n<p>Adem\u00e1s, la Jefa del Ejecutivo Federal adelant\u00f3 que se presentar\u00e1 una iniciativa en contra del feminicidio para que en todos los estados de la Rep\u00fablica se utilice una metodolog\u00eda para investigar ese delito.&nbsp; &nbsp;<\/p>\n\n\n\n<p>La secretaria de las Mujeres, Citlalli Hern\u00e1ndez Mora, record\u00f3 que los Centros LIBRE son resultado de la coordinaci\u00f3n entre los tres niveles de gobierno: federal, estatal y municipal. Detall\u00f3 que en 2026 la inversi\u00f3n es de 983 millones 491 mil pesos \u2013un incremento del 48.6 por ciento\u2013 para m\u00e1s de mil Centros LIBRE, este a\u00f1o, con lo que se alcanzar\u00e1 el 40 por ciento de la meta de 2 mil 478.<\/p>\n\n\n\n<p>Agreg\u00f3 que todos los Centros LIBRE contar\u00e1n con una biblioteca, instalada en coordinaci\u00f3n con el Fondo de Cultura Econ\u00f3mica (FCE), en las que habr\u00e1 materiales que promueven igualdad, pensamiento cr\u00edtico y participaci\u00f3n comunitaria, as\u00ed como lecturas de inter\u00e9s de las usuarias.<\/p>\n\n\n\n<p>Puntualiz\u00f3 que hay 10 entidades en las que ya se tiene cobertura total en sus municipios: Sinaloa, Quer\u00e9taro, Tabasco, Campeche, Baja California Sur, Aguascalientes, Quintana Roo, Colima, Baja California y Michoac\u00e1n, en este \u00faltimo, los Centros LIBRE abrir\u00e1n sus puertas en abril como parte del Plan Michoac\u00e1n por la Paz y la Justicia con una inversi\u00f3n de 101 millones 143 mil pesos; adem\u00e1s en Tar\u00edmbaro, Jacona y Zamora se cuenta con consultorios m\u00e9dicos en coordinaci\u00f3n con el Instituto de Seguridad y Servicios Sociales de los Trabajadores del Estado (ISSSTE).<\/p>\n\n\n\n<p><strong>#ElMexiquenseVIP<\/strong>\u00a0\u2013<a href=\"https:\/\/www.facebook.com\/ElMexiquenseVIP\/\"><strong>El Mexiquense VIP<\/strong><\/a><\/p>\n\n\n\n<figure class=\"wp-block-image aligncenter size-full\"><img loading=\"lazy\" decoding=\"async\" width=\"650\" height=\"400\" src=\"https:\/\/elmexiquense.vip\/wp-content\/uploads\/2026\/03\/clau-0-1.png\" alt=\"\" class=\"wp-image-42734\" srcset=\"https:\/\/elmexiquense.vip\/wp-content\/uploads\/2026\/03\/clau-0-1.png 650w, https:\/\/elmexiquense.vip\/wp-content\/uploads\/2026\/03\/clau-0-1-300x185.png 300w\" sizes=\"auto, (max-width: 650px) 100vw, 650px\" \/><\/figure>\n","protected":false},"excerpt":{"rendered":"<p>\u00a0#ViviendaParaTodos\u00a0\u2013\u00a0#JusticiaSocial\u00a0\u2014\u2013\u00a0#GobiernoFederal,\u00a0#M\u00e9xico.-\u00a0En el marco de las acciones por el D\u00eda Internacional de la Mujer, la Presidenta #ClaudiaSheinbaumPardo, \u2014a trav\u00e9s de un<\/p>\n","protected":false},"author":8,"featured_media":42734,"comment_status":"open","ping_status":"open","sticky":false,"template":"","format":"standard","meta":{"colormag_page_container_layout":"default_layout","colormag_page_sidebar_layout":"default_layout","rop_custom_images_group":[],"rop_custom_messages_group":[],"rop_publish_now":"no","rop_publish_now_accounts":{"facebook_102468208940364_894887317217274":""},"rop_publish_now_history":[{"account":"facebook_102468208940364_894887317217274","service":"facebook","timestamp":1773369867,"status":"success"}],"rop_publish_now_status":"done","footnotes":""},"categories":[33,31],"tags":[88,787,177,474,379,376,217,136,770,79,356,424,123,430,375,378,377],"class_list":["post-42733","post","type-post","status-publish","format-standard","has-post-thumbnail","hentry","category-eventos-especiales","category-principales","tag-amlo","tag-claudia-sheinbaum-pardo","tag-delfina-gomez-alvarez","tag-el-mexiquense-vip","tag-en-vivo","tag-enterate","tag-gobierno-de-mexico","tag-gobierno-del-estado-de-mexico","tag-luisa-maria-alcalde-lujan","tag-secretara-de-salud","tag-secretaria-de-bienestar","tag-secretaria-de-comunicaciones-y-transportes","tag-secretaria-de-cultura","tag-secretaria-de-educacion","tag-secretaria-de-la-mujer","tag-ultimahora","tag-ultimas-noticias"],"_links":{"self":[{"href":"https:\/\/elmexiquense.vip\/index.php?rest_route=\/wp\/v2\/posts\/42733","targetHints":{"allow":["GET"]}}],"collection":[{"href":"https:\/\/elmexiquense.vip\/index.php?rest_route=\/wp\/v2\/posts"}],"about":[{"href":"https:\/\/elmexiquense.vip\/index.php?rest_route=\/wp\/v2\/types\/post"}],"author":[{"embeddable":true,"href":"https:\/\/elmexiquense.vip\/index.php?rest_route=\/wp\/v2\/users\/8"}],"replies":[{"embeddable":true,"href":"https:\/\/elmexiquense.vip\/index.php?rest_route=%2Fwp%2Fv2%2Fcomments&post=42733"}],"version-history":[{"count":1,"href":"https:\/\/elmexiquense.vip\/index.php?rest_route=\/wp\/v2\/posts\/42733\/revisions"}],"predecessor-version":[{"id":42735,"href":"https:\/\/elmexiquense.vip\/index.php?rest_route=\/wp\/v2\/posts\/42733\/revisions\/42735"}],"wp:featuredmedia":[{"embeddable":true,"href":"https:\/\/elmexiquense.vip\/index.php?rest_route=\/wp\/v2\/media\/42734"}],"wp:attachment":[{"href":"https:\/\/elmexiquense.vip\/index.php?rest_route=%2Fwp%2Fv2%2Fmedia&parent=42733"}],"wp:term":[{"taxonomy":"category","embeddable":true,"href":"https:\/\/elmexiquense.vip\/index.php?rest_route=%2Fwp%2Fv2%2Fcategories&post=42733"},{"taxonomy":"post_tag","embeddable":true,"href":"https:\/\/elmexiquense.vip\/index.php?rest_route=%2Fwp%2Fv2%2Ftags&post=42733"}],"curies":[{"name":"wp","href":"https:\/\/api.w.org\/{rel}","templated":true}]}}