{"id":42741,"date":"2026-03-16T17:58:13","date_gmt":"2026-03-16T23:58:13","guid":{"rendered":"https:\/\/elmexiquense.vip\/?p=42741"},"modified":"2026-03-18T20:55:27","modified_gmt":"2026-03-19T02:55:27","slug":"municipios-de-ecatepec-jaltenco-y-coacalco-activan-el-operativo-blindaje-en-coordinacion-con-fuerzas-federales-para-pacificar-las-zonas-limitrofes-azucenacisneros-ecatepec","status":"publish","type":"post","link":"https:\/\/elmexiquense.vip\/?p=42741","title":{"rendered":"Municipios de Ecatepec, Jaltenco y Coacalco activan el operativo \u00abBlindaje\u00bb en coordinaci\u00f3n con fuerzas federales para pacificar las zonas lim\u00edtrofes \/ @azucenacisneros @Ecatepec"},"content":{"rendered":"\n<p><strong><strong>#EcatepecSeguro<\/strong><\/strong> &#8211; <strong>#CeroImpunidad<\/strong> &#8212;- <strong>#EcatepecDeMorelo<\/strong>s,\u00a0<strong>#EstadoDeM\u00e9xico<\/strong>.- En un despliegue sin precedentes para fortalecer la paz social, las alcaldesas <strong>#AzucenaCisnerosCoss<\/strong> y <strong>#Mar\u00edaDelRosarioPayneIslas<\/strong>, junto a mandos de<strong> #Coacalco<\/strong>, pusieron en marcha el operativo \u00ab<strong>#Blindaje<\/strong>\u00bb en la avenida <strong>Recursos Hidr\u00e1ulicos<\/strong>. Esta alianza estrat\u00e9gica, respaldada por la <strong>#Marina<\/strong>, <strong>#Sedena<\/strong> y <strong>#GuardiaNacional<\/strong>, busca erradicar delitos de alto impacto mediante un frente com\u00fan que prioriza la protecci\u00f3n de las familias mexiquenses. Con patrullajes exhaustivos en zonas lim\u00edtrofes, la coordinaci\u00f3n intermunicipal marca un hito en la defensa del territorio compartido, enviando un mensaje contundente contra la impunidad. <strong>#SeguridadMexiquense #OperativoBlindaje<\/strong><\/p>\n\n\n\n<p>El dispositivo, que se extendi\u00f3 por m\u00e1s de tres horas, recorri\u00f3 puntos cr\u00edticos como las colonias <strong>Potrero del Rey<\/strong> y <strong>Luis Donaldo Colosio<\/strong> en <strong>Ecatepec<\/strong>, adem\u00e1s de los m\u00e1rgenes del <strong>canal Cartagena<\/strong>. Por su parte, en <strong>Jaltenco<\/strong> las fuerzas del orden ingresaron a sectores identificados como <strong>\u00abZonas 2 y 4\u00bb<\/strong> y <strong>Alborada Jaltenco<\/strong>, donde se concentran esfuerzos para combatir el narcomenudeo y el robo de veh\u00edculos con inteligencia operativa.<\/p>\n\n\n\n<figure class=\"wp-block-image aligncenter size-medium\"><img loading=\"lazy\" decoding=\"async\" width=\"300\" height=\"231\" src=\"https:\/\/elmexiquense.vip\/wp-content\/uploads\/2026\/03\/azuce-1-e1773427281832-300x231.jpg\" alt=\"\" class=\"wp-image-42743\"\/><\/figure>\n\n\n\n<p>En la jurisdicci\u00f3n de <strong>Coacalco<\/strong>, el comisario <strong>C\u00e9sar Cardoso Hern\u00e1ndez<\/strong> supervis\u00f3 el avance de las unidades por la avenida <strong>Presidentes<\/strong> y la unidad habitacional <strong>San Rafael<\/strong>. El recorrido abarc\u00f3 tambi\u00e9n las colonias <strong>Potrero La Laguna<\/strong> y <strong>Rinconada Coacalco<\/strong>, \u00e1reas consideradas prioritarias dentro de este esquema de vigilancia permanente. Este esfuerzo conjunto permite el intercambio de informaci\u00f3n t\u00e1ctica para neutralizar conductas delictivas como el homicidio y el asalto a transe\u00fantes.<\/p>\n\n\n\n<p><strong>\u00abHoy tenemos m\u00e1s coordinaci\u00f3n entre municipios. Unimos fuerzas para dar seguridad a la gente\u00bb<\/strong>, afirm\u00f3 de manera enf\u00e1tica la presidenta <strong>Azucena Cisneros Coss<\/strong> durante el banderazo de salida. Con esta uni\u00f3n de voluntades, las autoridades locales y federales reafirman su compromiso de blindar las fronteras municipales, garantizando un entorno m\u00e1s tranquilo para todos los ciudadanos.<\/p>\n\n\n\n<p><strong>#ElMexiquenseVIP<\/strong>\u00a0\u2013<a href=\"https:\/\/www.facebook.com\/ElMexiquenseVIP\/\"><strong>El Mexiquense VIP<\/strong><\/a><\/p>\n\n\n\n<figure class=\"wp-block-image aligncenter size-large\"><img loading=\"lazy\" decoding=\"async\" width=\"1024\" height=\"772\" src=\"https:\/\/elmexiquense.vip\/wp-content\/uploads\/2026\/03\/azuc-2-e1773427172466-1024x772.jpg\" alt=\"\" class=\"wp-image-42742\"\/><\/figure>\n","protected":false},"excerpt":{"rendered":"<p>#EcatepecSeguro &#8211; #CeroImpunidad &#8212;- #EcatepecDeMorelos,\u00a0#EstadoDeM\u00e9xico.- En un despliegue sin precedentes para fortalecer la paz social, las alcaldesas #AzucenaCisnerosCoss y #Mar\u00edaDelRosarioPayneIslas,<\/p>\n","protected":false},"author":8,"featured_media":42742,"comment_status":"open","ping_status":"open","sticky":false,"template":"","format":"standard","meta":{"colormag_page_container_layout":"default_layout","colormag_page_sidebar_layout":"default_layout","rop_custom_images_group":[],"rop_custom_messages_group":[],"rop_publish_now":"no","rop_publish_now_accounts":{"facebook_102468208940364_894887317217274":""},"rop_publish_now_history":[{"account":"facebook_102468208940364_894887317217274","service":"facebook","timestamp":1773427353,"status":"success"}],"rop_publish_now_status":"done","footnotes":""},"categories":[34],"tags":[88,773,755,787,177,82,379,376,184,217,136,770,254,485,435,378,377],"class_list":["post-42741","post","type-post","status-publish","format-standard","has-post-thumbnail","hentry","category-alcaldesas","tag-amlo","tag-andres-manuel-lopez-beltran","tag-azucena-cisneros-coss","tag-claudia-sheinbaum-pardo","tag-delfina-gomez-alvarez","tag-dif-ecatepec","tag-en-vivo","tag-enterate","tag-gobierno-de-ecatepec-de-morelos","tag-gobierno-de-mexico","tag-gobierno-del-estado-de-mexico","tag-luisa-maria-alcalde-lujan","tag-morena-ecatepec","tag-noticias-ecatepec","tag-noticias-estado-de-mexico","tag-ultimahora","tag-ultimas-noticias"],"_links":{"self":[{"href":"https:\/\/elmexiquense.vip\/index.php?rest_route=\/wp\/v2\/posts\/42741","targetHints":{"allow":["GET"]}}],"collection":[{"href":"https:\/\/elmexiquense.vip\/index.php?rest_route=\/wp\/v2\/posts"}],"about":[{"href":"https:\/\/elmexiquense.vip\/index.php?rest_route=\/wp\/v2\/types\/post"}],"author":[{"embeddable":true,"href":"https:\/\/elmexiquense.vip\/index.php?rest_route=\/wp\/v2\/users\/8"}],"replies":[{"embeddable":true,"href":"https:\/\/elmexiquense.vip\/index.php?rest_route=%2Fwp%2Fv2%2Fcomments&post=42741"}],"version-history":[{"count":1,"href":"https:\/\/elmexiquense.vip\/index.php?rest_route=\/wp\/v2\/posts\/42741\/revisions"}],"predecessor-version":[{"id":42744,"href":"https:\/\/elmexiquense.vip\/index.php?rest_route=\/wp\/v2\/posts\/42741\/revisions\/42744"}],"wp:featuredmedia":[{"embeddable":true,"href":"https:\/\/elmexiquense.vip\/index.php?rest_route=\/wp\/v2\/media\/42742"}],"wp:attachment":[{"href":"https:\/\/elmexiquense.vip\/index.php?rest_route=%2Fwp%2Fv2%2Fmedia&parent=42741"}],"wp:term":[{"taxonomy":"category","embeddable":true,"href":"https:\/\/elmexiquense.vip\/index.php?rest_route=%2Fwp%2Fv2%2Fcategories&post=42741"},{"taxonomy":"post_tag","embeddable":true,"href":"https:\/\/elmexiquense.vip\/index.php?rest_route=%2Fwp%2Fv2%2Ftags&post=42741"}],"curies":[{"name":"wp","href":"https:\/\/api.w.org\/{rel}","templated":true}]}}