{"id":42748,"date":"2026-03-13T13:31:21","date_gmt":"2026-03-13T19:31:21","guid":{"rendered":"https:\/\/elmexiquense.vip\/?p=42748"},"modified":"2026-03-13T13:31:21","modified_gmt":"2026-03-13T19:31:21","slug":"sergio-luna-cortes-reafirma-su-compromiso-con-el-talento-infantil-en-tultepec-impulsamos-el-deporte-como-herramienta-de-bienestar-delfinagomeza-edomex","status":"publish","type":"post","link":"https:\/\/elmexiquense.vip\/?p=42748","title":{"rendered":"Sergio Luna Cort\u00e9s reafirma su compromiso con el talento infantil en Tultepec: \u00abImpulsamos el deporte como herramienta de bienestar\u00bb \/ @delfinagomeza @Edomex"},"content":{"rendered":"\n<p><strong>#BecasDeportivas<\/strong> &#8211; <strong>#Ni\u00f1ezSaludable<\/strong> &#8212;&#8211; <strong>#Tultepec<\/strong>,\u00a0<strong>#EstadoDeM\u00e9xico<\/strong>.- Como bien sentenci\u00f3 <strong>Arist\u00f3teles<\/strong>: \u00abLa salud es la base de la virtud\u00bb, una premisa que cobra vida hoy bajo la <strong>gesti\u00f3n de Tultepec<\/strong>. El alcalde <strong>#SergioLunaCort\u00e9s<\/strong> impulsa una pol\u00edtica <strong>loable<\/strong> que busca transformar el tejido social a trav\u00e9s del <strong>#DeporteTultepec<\/strong> y la recreaci\u00f3n, integrando el <strong>#TalentoMexiquense<\/strong> en el coraz\u00f3n de su estrategia de paz. Este esfuerzo institucional pretende erradicar cualquier <strong>atavismo<\/strong> que limite el potencial de las nuevas generaciones, garantizando un entorno de sano desarrollo.<\/p>\n\n\n\n<p>La administraci\u00f3n municipal de <strong>Sergio Luna <\/strong>ha implementado un esquema de <strong>becas deportivas del 100%<\/strong>, eliminando las barreras econ\u00f3micas para el acceso a centros de alto rendimiento. <strong>\u00abEsta medida busca fomentar una disciplina ferviente en los atletas locales que entrenan diariamente en los diversos espacios p\u00fablicos\u00bb<\/strong>, explic\u00f3 el Alcalde. Gracias a esta visi\u00f3n, los infantes cuentan con oportunidades reales para alcanzar una formaci\u00f3n <strong>\u00ednclita<\/strong> que trascienda las fronteras de su propia comunidad.<\/p>\n\n\n\n<p>Asimismo, se anunci\u00f3 la construcci\u00f3n de un innovador complejo atl\u00e9tico en la demarcaci\u00f3n de <strong>Teyahualco<\/strong>, ampliando la infraestructura existente con una visi\u00f3n <strong>vanguardista<\/strong>. Este nuevo recinto permitir\u00e1 que el crecimiento del municipio sea <strong>ostensible<\/strong>, brindando instalaciones dignas para que la juventud practique m\u00faltiples disciplinas competitivas. <strong>Sergio Luna<\/strong> puntualiz\u00f3 que el robustecimiento de estos espacios es vital para alejar a los j\u00f3venes de conductas de riesgo.<\/p>\n\n\n\n<figure class=\"wp-block-image aligncenter size-medium\"><img loading=\"lazy\" decoding=\"async\" width=\"300\" height=\"197\" src=\"https:\/\/elmexiquense.vip\/wp-content\/uploads\/2026\/03\/sergio-2-1-300x197.jpg\" alt=\"\" class=\"wp-image-42749\" srcset=\"https:\/\/elmexiquense.vip\/wp-content\/uploads\/2026\/03\/sergio-2-1-300x197.jpg 300w, https:\/\/elmexiquense.vip\/wp-content\/uploads\/2026\/03\/sergio-2-1.jpg 491w\" sizes=\"auto, (max-width: 300px) 100vw, 300px\" \/><\/figure>\n\n\n\n<p><strong>\u00abEn Tultepec seguiremos trabajando para impulsar el talento de nuestra ni\u00f1ez y construir un mejor futuro para todas y todos\u00bb<\/strong>, concluy\u00f3 el mandatario. Su administraci\u00f3n mantiene un compromiso <strong>ineludible<\/strong> con la excelencia, asegurando que cada proyecto sea una semilla de prosperidad <strong>perenne<\/strong> para el estado.<\/p>\n\n\n\n<p><strong>\u00abEl deporte tiene el poder de transformar el mundo\u00bb<\/strong>, afirm\u00f3 <strong>Nelson Mandela<\/strong>; bajo este ideal, <strong>Tultepec<\/strong> consolida hoy un legado de bienestar y esperanza inquebrantable.  <strong>#TalentoJoven<\/strong> &#8211; <strong>#CambiandoElMunicipio<\/strong><\/p>\n\n\n\n<p><strong>#miangelzorro<\/strong><\/p>\n\n\n\n<p><strong>#ElMexiquenseVIP<\/strong>&nbsp;\u2013<a href=\"https:\/\/www.facebook.com\/ElMexiquenseVIP\/\"><strong>El Mexiquense VIP<\/strong><\/a><\/p>\n\n\n\n<figure class=\"wp-block-image aligncenter size-full\"><img loading=\"lazy\" decoding=\"async\" width=\"636\" height=\"355\" src=\"https:\/\/elmexiquense.vip\/wp-content\/uploads\/2026\/03\/sergio-1.jpg\" alt=\"\" class=\"wp-image-42750\" srcset=\"https:\/\/elmexiquense.vip\/wp-content\/uploads\/2026\/03\/sergio-1.jpg 636w, https:\/\/elmexiquense.vip\/wp-content\/uploads\/2026\/03\/sergio-1-300x167.jpg 300w\" sizes=\"auto, (max-width: 636px) 100vw, 636px\" \/><\/figure>\n","protected":false},"excerpt":{"rendered":"<p>#BecasDeportivas &#8211; #Ni\u00f1ezSaludable &#8212;&#8211; #Tultepec,\u00a0#EstadoDeM\u00e9xico.- Como bien sentenci\u00f3 Arist\u00f3teles: \u00abLa salud es la base de la virtud\u00bb, una premisa que<\/p>\n","protected":false},"author":1,"featured_media":42750,"comment_status":"open","ping_status":"open","sticky":false,"template":"","format":"standard","meta":{"colormag_page_container_layout":"default_layout","colormag_page_sidebar_layout":"default_layout","rop_custom_images_group":[],"rop_custom_messages_group":[],"rop_publish_now":"no","rop_publish_now_accounts":{"facebook_102468208940364_894887317217274":""},"rop_publish_now_history":[{"account":"facebook_102468208940364_894887317217274","service":"facebook","timestamp":1773430297,"status":"success"}],"rop_publish_now_status":"done","footnotes":""},"categories":[522],"tags":[88,787,177,474,379,376,217,136,762,791,435,792,790,895,378,377],"class_list":["post-42748","post","type-post","status-publish","format-standard","has-post-thumbnail","hentry","category-municipios","tag-amlo","tag-claudia-sheinbaum-pardo","tag-delfina-gomez-alvarez","tag-el-mexiquense-vip","tag-en-vivo","tag-enterate","tag-gobierno-de-mexico","tag-gobierno-del-estado-de-mexico","tag-miguel-angel-zorro","tag-municipio-de-tultepec","tag-noticias-estado-de-mexico","tag-noticias-tultepec","tag-sergio-luna-cortes","tag-turismo-tultepec","tag-ultimahora","tag-ultimas-noticias"],"_links":{"self":[{"href":"https:\/\/elmexiquense.vip\/index.php?rest_route=\/wp\/v2\/posts\/42748","targetHints":{"allow":["GET"]}}],"collection":[{"href":"https:\/\/elmexiquense.vip\/index.php?rest_route=\/wp\/v2\/posts"}],"about":[{"href":"https:\/\/elmexiquense.vip\/index.php?rest_route=\/wp\/v2\/types\/post"}],"author":[{"embeddable":true,"href":"https:\/\/elmexiquense.vip\/index.php?rest_route=\/wp\/v2\/users\/1"}],"replies":[{"embeddable":true,"href":"https:\/\/elmexiquense.vip\/index.php?rest_route=%2Fwp%2Fv2%2Fcomments&post=42748"}],"version-history":[{"count":1,"href":"https:\/\/elmexiquense.vip\/index.php?rest_route=\/wp\/v2\/posts\/42748\/revisions"}],"predecessor-version":[{"id":42751,"href":"https:\/\/elmexiquense.vip\/index.php?rest_route=\/wp\/v2\/posts\/42748\/revisions\/42751"}],"wp:featuredmedia":[{"embeddable":true,"href":"https:\/\/elmexiquense.vip\/index.php?rest_route=\/wp\/v2\/media\/42750"}],"wp:attachment":[{"href":"https:\/\/elmexiquense.vip\/index.php?rest_route=%2Fwp%2Fv2%2Fmedia&parent=42748"}],"wp:term":[{"taxonomy":"category","embeddable":true,"href":"https:\/\/elmexiquense.vip\/index.php?rest_route=%2Fwp%2Fv2%2Fcategories&post=42748"},{"taxonomy":"post_tag","embeddable":true,"href":"https:\/\/elmexiquense.vip\/index.php?rest_route=%2Fwp%2Fv2%2Ftags&post=42748"}],"curies":[{"name":"wp","href":"https:\/\/api.w.org\/{rel}","templated":true}]}}