{"id":42756,"date":"2026-03-17T18:07:49","date_gmt":"2026-03-18T00:07:49","guid":{"rendered":"https:\/\/elmexiquense.vip\/?p=42756"},"modified":"2026-03-17T20:38:03","modified_gmt":"2026-03-18T02:38:03","slug":"el-gobierno-de-atizapan-de-zaragoza-fortalece-el-tejido-social-con-la-jornada-integral-de-salud-y-empoderamiento-mujeres-creciendo-juntas-pedro_rvillegas-gobatizapan","status":"publish","type":"post","link":"https:\/\/elmexiquense.vip\/?p=42756","title":{"rendered":"Salud, empoderamiento y sororidad: M\u00e1s de mil 500 mujeres se re\u00fanen para transformar su realidad en Atizap\u00e1n \/ @Pedro_RVillegas @GobAtizapan"},"content":{"rendered":"\n<p><strong>#D\u00edaDeLaMujer<\/strong> &#8211; <strong>#UnidosDamosResultados<\/strong> &#8212;&#8211; <strong>#Atizap\u00e1nDeZaragoza<\/strong>,\u00a0<strong>#EstadoDeM\u00e9xico<\/strong>.- En un acto de sororidad y compromiso institucional, el alcalde <strong>#PedroRodr\u00edguezVillegas<\/strong> y la presidenta honoraria del <strong>#SMDIF<\/strong>, <strong>#PatyAr\u00e9valoRubio<\/strong>, encabezaron la jornada \u201c<strong>#MujeresCreciendoJuntas<\/strong>\u201d ante m\u00e1s de mil 500 asistentes en la explanada municipal. Este encuentro, dise\u00f1ado para empoderar a la poblaci\u00f3n femenina de <strong>Atizap\u00e1n de Zaragoza<\/strong>, ofreci\u00f3 servicios integrales de salud, asesor\u00eda jur\u00eddica y herramientas de desarrollo personal. La iniciativa busca consolidar un entorno de paz y equidad donde cada ciudadana se convierta en el motor de progreso para su familia y comunidad. <strong>#MujeresAtizap\u00e1n #EmpoderamientoFemenino<\/strong><\/p>\n\n\n\n<p>Durante el evento, las participantes accedieron a consultas en unidades m\u00e9dicas m\u00f3viles, detecci\u00f3n de glucosa y servicios est\u00e9ticos, fortaleciendo el tejido social a trav\u00e9s de la atenci\u00f3n directa. La activista <strong>Ver\u00f3nica Umansky Salame<\/strong> inst\u00f3 a las presentes a ser arquitectas de nuevas oportunidades para otras mujeres, mejorando as\u00ed su calidad de vida colectiva. Este despliegue de recursos humanos y t\u00e9cnicos refleja una pol\u00edtica p\u00fablica centrada en la dignificaci\u00f3n de la mujer y su bienestar integral.<\/p>\n\n\n\n<figure class=\"wp-block-image aligncenter size-medium\"><img loading=\"lazy\" decoding=\"async\" width=\"300\" height=\"225\" src=\"https:\/\/elmexiquense.vip\/wp-content\/uploads\/2026\/03\/pedro-2-1-300x225.jpg\" alt=\"\" class=\"wp-image-42757\"\/><\/figure>\n\n\n\n<p><strong>\u201cEs muy importante recordarles que no est\u00e1n solas, que sepan que est\u00e1n acompa\u00f1adas\u201d<\/strong>, refiri\u00f3 de manera emotiva <strong>Paty Ar\u00e9valo<\/strong>, quien destac\u00f3 su labor de 25 a\u00f1os recorriendo las colonias municipales. La funcionaria enfatiz\u00f3 que el objetivo primordial es erradicar la violencia y generar espacios seguros donde las familias vivan felices y protegidas bajo un esquema de justicia social. Con el respaldo de regidores y directores de la administraci\u00f3n, se reafirm\u00f3 que las bases para el crecimiento est\u00e1n plenamente establecidas.<\/p>\n\n\n\n<p>Para dar continuidad a este esfuerzo, el <strong>SMDIF de Atizap\u00e1n<\/strong> mantiene programas permanentes en coordinaci\u00f3n con la <strong>Direcci\u00f3n de la Mujer<\/strong> y el <strong>SIPINNA<\/strong>. Estas acciones conjuntas, que incluyen conferencias en escuelas y la protecci\u00f3n de adultas mayores por parte de la Procuradur\u00eda especializada, garantizan una vigilancia constante de los derechos humanos. Con la mirada puesta en el futuro, el gobierno local asegura que este es solo el inicio de una transformaci\u00f3n profunda y duradera.<\/p>\n\n\n\n<p><strong>#ElMexiquenseVIP<\/strong>\u00a0\u2013<a href=\"https:\/\/www.facebook.com\/ElMexiquenseVIP\/\"><strong>El Mexiquense VIP<\/strong><\/a><\/p>\n\n\n\n<figure class=\"wp-block-image aligncenter size-large\"><img loading=\"lazy\" decoding=\"async\" width=\"1024\" height=\"763\" src=\"https:\/\/elmexiquense.vip\/wp-content\/uploads\/2026\/03\/pedro-0-e1773444171577-1024x763.jpg\" alt=\"\" class=\"wp-image-42758\"\/><\/figure>\n","protected":false},"excerpt":{"rendered":"<p>#D\u00edaDeLaMujer &#8211; #UnidosDamosResultados &#8212;&#8211; #Atizap\u00e1nDeZaragoza,\u00a0#EstadoDeM\u00e9xico.- En un acto de sororidad y compromiso institucional, el alcalde #PedroRodr\u00edguezVillegas y la presidenta honoraria<\/p>\n","protected":false},"author":8,"featured_media":42758,"comment_status":"open","ping_status":"open","sticky":false,"template":"","format":"standard","meta":{"colormag_page_container_layout":"default_layout","colormag_page_sidebar_layout":"default_layout","rop_custom_images_group":[],"rop_custom_messages_group":[],"rop_publish_now":"no","rop_publish_now_accounts":{"facebook_102468208940364_894887317217274":""},"rop_publish_now_history":[{"account":"facebook_102468208940364_894887317217274","service":"facebook","timestamp":1773444369,"status":"success"}],"rop_publish_now_status":"done","footnotes":""},"categories":[29],"tags":[515,787,177,764,474,379,376,217,136,777,492,744,691,837,493,383],"class_list":["post-42756","post","type-post","status-publish","format-standard","has-post-thumbnail","hentry","category-destacados","tag-anuar-azar-figueroa","tag-claudia-sheinbaum-pardo","tag-delfina-gomez-alvarez","tag-dif-atizapan-de-zaragoza","tag-el-mexiquense-vip","tag-en-vivo","tag-enterate","tag-gobierno-de-mexico","tag-gobierno-del-estado-de-mexico","tag-jorge-romero-herrera","tag-municipio-de-atizapan-de-zaragoza","tag-noticias-atizapan-de-zaragoza","tag-patricia-arevalo-rubio","tag-paty-arevalo","tag-pedro-rodriguez-villegas","tag-ultima-hora"],"_links":{"self":[{"href":"https:\/\/elmexiquense.vip\/index.php?rest_route=\/wp\/v2\/posts\/42756","targetHints":{"allow":["GET"]}}],"collection":[{"href":"https:\/\/elmexiquense.vip\/index.php?rest_route=\/wp\/v2\/posts"}],"about":[{"href":"https:\/\/elmexiquense.vip\/index.php?rest_route=\/wp\/v2\/types\/post"}],"author":[{"embeddable":true,"href":"https:\/\/elmexiquense.vip\/index.php?rest_route=\/wp\/v2\/users\/8"}],"replies":[{"embeddable":true,"href":"https:\/\/elmexiquense.vip\/index.php?rest_route=%2Fwp%2Fv2%2Fcomments&post=42756"}],"version-history":[{"count":2,"href":"https:\/\/elmexiquense.vip\/index.php?rest_route=\/wp\/v2\/posts\/42756\/revisions"}],"predecessor-version":[{"id":42812,"href":"https:\/\/elmexiquense.vip\/index.php?rest_route=\/wp\/v2\/posts\/42756\/revisions\/42812"}],"wp:featuredmedia":[{"embeddable":true,"href":"https:\/\/elmexiquense.vip\/index.php?rest_route=\/wp\/v2\/media\/42758"}],"wp:attachment":[{"href":"https:\/\/elmexiquense.vip\/index.php?rest_route=%2Fwp%2Fv2%2Fmedia&parent=42756"}],"wp:term":[{"taxonomy":"category","embeddable":true,"href":"https:\/\/elmexiquense.vip\/index.php?rest_route=%2Fwp%2Fv2%2Fcategories&post=42756"},{"taxonomy":"post_tag","embeddable":true,"href":"https:\/\/elmexiquense.vip\/index.php?rest_route=%2Fwp%2Fv2%2Ftags&post=42756"}],"curies":[{"name":"wp","href":"https:\/\/api.w.org\/{rel}","templated":true}]}}