{"id":42763,"date":"2026-03-14T18:34:08","date_gmt":"2026-03-15T00:34:08","guid":{"rendered":"https:\/\/elmexiquense.vip\/?p=42763"},"modified":"2026-03-14T18:34:08","modified_gmt":"2026-03-15T00:34:08","slug":"mexico-consolida-el-sistema-de-centros-libre-para-garantizar-la-justicia-integral-de-las-mujeres-en-todos-los-municipios-claudiashein-gobiernomx","status":"publish","type":"post","link":"https:\/\/elmexiquense.vip\/?p=42763","title":{"rendered":"M\u00e9xico consolida el sistema de Centros LIBRE para garantizar la justicia integral de las mujeres en todos los municipios \u00a0\/ @Claudiashein @GobiernoMX >>>"},"content":{"rendered":"\n<p><strong>#MujeresDeLaPatria<\/strong> &#8211; <strong>#Pensi\u00f3nMujeresBienestar<\/strong> &#8212;- <strong>#GobiernoFederal<\/strong>,\u00a0<strong>#M\u00e9xico<\/strong>.- En un acto sin precedentes desde <strong>Ixtl\u00e1n del R\u00edo<\/strong>, la Presidenta<strong> #ClaudiaSheinbaumPardo<\/strong> reafirm\u00f3 que su mandato simboliza la llegada de todas las mexicanas al poder, consolidando una era donde \u00ab<strong>#EnM\u00e9xicoGobiernaElPueblo<\/strong>\u00bb y la perspectiva de g\u00e9nero es el eje central de la transformaci\u00f3n nacional. Bajo esta premisa, la mandataria inaugur\u00f3 un <strong>#CentroLIBRE <\/strong>en Nayarit, espacio que se erige como un basti\u00f3n de justicia y acompa\u00f1amiento para las mujeres. <strong>#MujeresEnElPoder #JusticiaSocial<\/strong><\/p>\n\n\n\n<p>Este recinto forma parte de una ambiciosa estrategia de alcance nacional, dise\u00f1ada para ofrecer <strong>asesor\u00eda jur\u00eddica y psicol\u00f3gica<\/strong>, adem\u00e1s de fomentar la cultura mediante talleres y c\u00edrculos de lectura en cada municipio del pa\u00eds. La secretaria <strong>Citlalli Hern\u00e1ndez Mora<\/strong> confirm\u00f3 que, con la pr\u00f3xima apertura de tres unidades adicionales en abril, <strong>Nayarit<\/strong> se convertir\u00e1 en la primera entidad en alcanzar la cobertura total de estos centros.<\/p>\n\n\n\n<p>Aunado a la infraestructura f\u00edsica, la administraci\u00f3n impulsa la <strong>Pensi\u00f3n Mujeres Bienestar<\/strong>, un programa que otorga un reconocimiento hist\u00f3rico al trabajo dom\u00e9stico y de cuidados, tradicionalmente invisibilizado en la econom\u00eda. Asimismo, se destac\u00f3 el fortalecimiento de las <strong>\u00abRedes de Mujeres Tejedoras de la Patria\u00bb<\/strong>, grupos de apoyo comunitario que funcionan como un enlace directo con las instituciones federales para resolver problem\u00e1ticas sociales.<\/p>\n\n\n\n<p>Finalmente, el Gobernador <strong>Miguel \u00c1ngel Navarro Quintero<\/strong> celebr\u00f3 la determinaci\u00f3n de la <strong>Jefa del Ejecutivo Federal<\/strong> para erradicar las violencias, mientras se anunci\u00f3 que la figura de <strong>Margarita Maza<\/strong> ser\u00e1 proclamada como <strong>\u00abPrimera Embajadora Hist\u00f3rica de M\u00e9xico\u00bb<\/strong> el pr\u00f3ximo 21 de marzo.<\/p>\n\n\n\n<p><strong>#ElMexiquenseVIP<\/strong>\u00a0\u2013<a href=\"https:\/\/www.facebook.com\/ElMexiquenseVIP\/\"><strong>El Mexiquense VIP<\/strong><\/a><\/p>\n\n\n\n<figure class=\"wp-block-image aligncenter size-full\"><img loading=\"lazy\" decoding=\"async\" width=\"650\" height=\"400\" src=\"https:\/\/elmexiquense.vip\/wp-content\/uploads\/2026\/03\/clau-0.jpg\" alt=\"\" class=\"wp-image-42764\" srcset=\"https:\/\/elmexiquense.vip\/wp-content\/uploads\/2026\/03\/clau-0.jpg 650w, https:\/\/elmexiquense.vip\/wp-content\/uploads\/2026\/03\/clau-0-300x185.jpg 300w\" sizes=\"auto, (max-width: 650px) 100vw, 650px\" \/><\/figure>\n","protected":false},"excerpt":{"rendered":"<p>#MujeresDeLaPatria &#8211; #Pensi\u00f3nMujeresBienestar &#8212;- #GobiernoFederal,\u00a0#M\u00e9xico.- En un acto sin precedentes desde Ixtl\u00e1n del R\u00edo, la Presidenta #ClaudiaSheinbaumPardo reafirm\u00f3 que su<\/p>\n","protected":false},"author":8,"featured_media":42764,"comment_status":"open","ping_status":"open","sticky":false,"template":"","format":"standard","meta":{"colormag_page_container_layout":"default_layout","colormag_page_sidebar_layout":"default_layout","rop_custom_images_group":[],"rop_custom_messages_group":[],"rop_publish_now":"no","rop_publish_now_accounts":{"facebook_102468208940364_894887317217274":""},"rop_publish_now_history":[{"account":"facebook_102468208940364_894887317217274","service":"facebook","timestamp":1773534871,"status":"success"}],"rop_publish_now_status":"done","footnotes":""},"categories":[690,31],"tags":[88,787,177,474,379,376,217,136,770,79,356,424,123,430,375,378,377],"class_list":["post-42763","post","type-post","status-publish","format-standard","has-post-thumbnail","hentry","category-legisladores","category-principales","tag-amlo","tag-claudia-sheinbaum-pardo","tag-delfina-gomez-alvarez","tag-el-mexiquense-vip","tag-en-vivo","tag-enterate","tag-gobierno-de-mexico","tag-gobierno-del-estado-de-mexico","tag-luisa-maria-alcalde-lujan","tag-secretara-de-salud","tag-secretaria-de-bienestar","tag-secretaria-de-comunicaciones-y-transportes","tag-secretaria-de-cultura","tag-secretaria-de-educacion","tag-secretaria-de-la-mujer","tag-ultimahora","tag-ultimas-noticias"],"_links":{"self":[{"href":"https:\/\/elmexiquense.vip\/index.php?rest_route=\/wp\/v2\/posts\/42763","targetHints":{"allow":["GET"]}}],"collection":[{"href":"https:\/\/elmexiquense.vip\/index.php?rest_route=\/wp\/v2\/posts"}],"about":[{"href":"https:\/\/elmexiquense.vip\/index.php?rest_route=\/wp\/v2\/types\/post"}],"author":[{"embeddable":true,"href":"https:\/\/elmexiquense.vip\/index.php?rest_route=\/wp\/v2\/users\/8"}],"replies":[{"embeddable":true,"href":"https:\/\/elmexiquense.vip\/index.php?rest_route=%2Fwp%2Fv2%2Fcomments&post=42763"}],"version-history":[{"count":1,"href":"https:\/\/elmexiquense.vip\/index.php?rest_route=\/wp\/v2\/posts\/42763\/revisions"}],"predecessor-version":[{"id":42765,"href":"https:\/\/elmexiquense.vip\/index.php?rest_route=\/wp\/v2\/posts\/42763\/revisions\/42765"}],"wp:featuredmedia":[{"embeddable":true,"href":"https:\/\/elmexiquense.vip\/index.php?rest_route=\/wp\/v2\/media\/42764"}],"wp:attachment":[{"href":"https:\/\/elmexiquense.vip\/index.php?rest_route=%2Fwp%2Fv2%2Fmedia&parent=42763"}],"wp:term":[{"taxonomy":"category","embeddable":true,"href":"https:\/\/elmexiquense.vip\/index.php?rest_route=%2Fwp%2Fv2%2Fcategories&post=42763"},{"taxonomy":"post_tag","embeddable":true,"href":"https:\/\/elmexiquense.vip\/index.php?rest_route=%2Fwp%2Fv2%2Ftags&post=42763"}],"curies":[{"name":"wp","href":"https:\/\/api.w.org\/{rel}","templated":true}]}}