{"id":42771,"date":"2026-03-15T18:06:18","date_gmt":"2026-03-16T00:06:18","guid":{"rendered":"https:\/\/elmexiquense.vip\/?p=42771"},"modified":"2026-03-15T18:06:18","modified_gmt":"2026-03-16T00:06:18","slug":"raciel-perez-cruz-encabeza-la-rehabilitacion-del-tejido-social-en-tlalnepantla-con-infraestructura-deportiva-de-vanguardia-y-gratuita-racielperezc_-gob_tlalne","status":"publish","type":"post","link":"https:\/\/elmexiquense.vip\/?p=42771","title":{"rendered":"Raciel P\u00e9rez Cruz encabeza la rehabilitaci\u00f3n del tejido social en Tlalnepantla con infraestructura deportiva de vanguardia y gratuita \/ @RacielPerezC_ @Gob_Tlalne >>"},"content":{"rendered":"\n<p><strong>#Transformaci\u00f3nUrbana <\/strong>&#8211; <strong>#EspaciosSeguros<\/strong> &#8212;&#8211; <strong>#TlalnepantlaDeBaz<\/strong>,\u00a0<strong>#EstadoDeM\u00e9xico<\/strong>.- Como bien afirm\u00f3 <strong>Arist\u00f3teles<\/strong>: \u00abLa excelencia no es un acto, sino un h\u00e1bito\u00bb, una premisa que hoy define la <strong>Rehabilitaci\u00f3n Integral<\/strong> de nuestra ciudad. El alcalde <strong>#RacielP\u00e9rezCruz<\/strong> ha logrado una <strong>metamorfosis<\/strong> urbana sin precedentes al inaugurar el M\u00f3dulo Deportivo Bajo Puente de San Andr\u00e9s, impulsando mediante <strong>#TlalnepantlaSegura<\/strong> y <strong>#RescateDelTejidoSocial<\/strong> una estrategia que prioriza el bienestar colectivo sobre el abandono. Esta entrega simboliza un hito de <strong>filantrop\u00eda<\/strong> gubernamental que devuelve la dignidad a los espacios p\u00fablicos, consolidando un entorno donde la seguridad y el deporte convergen armoniosamente.<\/p>\n\n\n\n<p>La recuperaci\u00f3n de este recinto no es un hecho aislado, sino una <strong>panacea<\/strong> contra la desintegraci\u00f3n comunitaria que afectaba a la zona. <strong>Raciel P\u00e9rez Cruz<\/strong> enfatiz\u00f3 que, \u00ab<strong>estos puntos estrat\u00e9gicos permitir\u00e1n a las infancias y juventudes cohonestar la disciplina atl\u00e9tica con una convivencia familiar saludable en instalaciones de primer nivel<\/strong>\u00ab.<\/p>\n\n\n\n<p>Esta iniciativa se encuentra plenamente alineada con la <strong>Estrategia Nacional de Atenci\u00f3n a las Causas<\/strong>, demostrando una <strong>convergencia<\/strong> institucional de gran calado. <strong>\u00abMediante el aprovechamiento de \u00e1reas anteriormente subutilizadas, el Gobierno de Tlalnepantla busca justipreciar el derecho constitucional al esparcimiento, transformando antiguos focos de riesgo en verdaderos bastiones de paz social<\/strong>\u00ab, explic\u00f3 el Alcalde de Tlalnepantla.<\/p>\n\n\n\n<figure class=\"wp-block-image aligncenter size-medium\"><img loading=\"lazy\" decoding=\"async\" width=\"300\" height=\"211\" src=\"https:\/\/elmexiquense.vip\/wp-content\/uploads\/2026\/03\/raci-2-3-e1773619309128-300x211.jpg\" alt=\"\" class=\"wp-image-42772\"\/><\/figure>\n\n\n\n<p><strong>\u00abLa intervenci\u00f3n t\u00e9cnica contempl\u00f3 la renovaci\u00f3n de canchas multiusos y la erogaci\u00f3n de recursos para luminarias de \u00faltima generaci\u00f3n con vigilancia permanente\u00bb,<\/strong> puntualiz\u00f3 <strong>Raciel P\u00e9rez<\/strong>. Este entorno seguro garantiza que el acceso a la recreaci\u00f3n sea una <strong>prerrogativa<\/strong> universal, ofreciendo juegos infantiles y servicios de alta calidad de manera totalmente gratuita para los usuarios.<\/p>\n\n\n\n<p>Finalmente, el proyecto destaca por ser un modelo de <strong>inclusividad<\/strong>, integrando programas espec\u00edficos para adultos mayores y personas con discapacidad. Raciel P\u00e9rez y la administraci\u00f3n municipal reafirman as\u00ed su car\u00e1cter <strong>altruista<\/strong>, convirtiendo la infraestructura p\u00fablica en un motor de cambio que moderniza el rostro urbano y fortalece nuestra identidad ciudadana.<\/p>\n\n\n\n<p>\u00abLa ciudad no es m\u00e1s que la gente\u00bb, sostuvo <strong>William Shakespeare<\/strong>, un sentimiento que hoy cobra vida en cada rinc\u00f3n recuperado del municipio de Tlalnepantla.<\/p>\n\n\n\n<p><strong>#miangelzorro<\/strong><\/p>\n\n\n\n<p><strong>#ElMexiquenseVIP<\/strong>\u00a0\u2013<a href=\"https:\/\/www.facebook.com\/ElMexiquenseVIP\/\"><strong>El Mexiquense VIP<\/strong><\/a><\/p>\n\n\n\n<figure class=\"wp-block-image aligncenter size-large\"><img loading=\"lazy\" decoding=\"async\" width=\"1024\" height=\"805\" src=\"https:\/\/elmexiquense.vip\/wp-content\/uploads\/2026\/03\/raci-1-3-e1773619485295-1024x805.jpg\" alt=\"\" class=\"wp-image-42774\"\/><\/figure>\n","protected":false},"excerpt":{"rendered":"<p>#Transformaci\u00f3nUrbana &#8211; #EspaciosSeguros &#8212;&#8211; #TlalnepantlaDeBaz,\u00a0#EstadoDeM\u00e9xico.- Como bien afirm\u00f3 Arist\u00f3teles: \u00abLa excelencia no es un acto, sino un h\u00e1bito\u00bb, una premisa<\/p>\n","protected":false},"author":1,"featured_media":42774,"comment_status":"open","ping_status":"open","sticky":false,"template":"","format":"standard","meta":{"colormag_page_container_layout":"default_layout","colormag_page_sidebar_layout":"default_layout","rop_custom_images_group":[],"rop_custom_messages_group":[],"rop_publish_now":"no","rop_publish_now_accounts":{"facebook_102468208940364_894887317217274":""},"rop_publish_now_history":[{"account":"facebook_102468208940364_894887317217274","service":"facebook","timestamp":1773619599,"status":"success"}],"rop_publish_now_status":"done","footnotes":""},"categories":[29],"tags":[773,787,177,602,474,379,376,217,599,136,770,762,152,51,378,377],"class_list":["post-42771","post","type-post","status-publish","format-standard","has-post-thumbnail","hentry","category-destacados","tag-andres-manuel-lopez-beltran","tag-claudia-sheinbaum-pardo","tag-delfina-gomez-alvarez","tag-dif-tlalnepantla","tag-el-mexiquense-vip","tag-en-vivo","tag-enterate","tag-gobierno-de-mexico","tag-gobierno-de-tlalnepantla-de-baz","tag-gobierno-del-estado-de-mexico","tag-luisa-maria-alcalde-lujan","tag-miguel-angel-zorro","tag-municipio-de-tlalnepantla-de-baz","tag-raciel-perez-cruz","tag-ultimahora","tag-ultimas-noticias"],"_links":{"self":[{"href":"https:\/\/elmexiquense.vip\/index.php?rest_route=\/wp\/v2\/posts\/42771","targetHints":{"allow":["GET"]}}],"collection":[{"href":"https:\/\/elmexiquense.vip\/index.php?rest_route=\/wp\/v2\/posts"}],"about":[{"href":"https:\/\/elmexiquense.vip\/index.php?rest_route=\/wp\/v2\/types\/post"}],"author":[{"embeddable":true,"href":"https:\/\/elmexiquense.vip\/index.php?rest_route=\/wp\/v2\/users\/1"}],"replies":[{"embeddable":true,"href":"https:\/\/elmexiquense.vip\/index.php?rest_route=%2Fwp%2Fv2%2Fcomments&post=42771"}],"version-history":[{"count":1,"href":"https:\/\/elmexiquense.vip\/index.php?rest_route=\/wp\/v2\/posts\/42771\/revisions"}],"predecessor-version":[{"id":42775,"href":"https:\/\/elmexiquense.vip\/index.php?rest_route=\/wp\/v2\/posts\/42771\/revisions\/42775"}],"wp:featuredmedia":[{"embeddable":true,"href":"https:\/\/elmexiquense.vip\/index.php?rest_route=\/wp\/v2\/media\/42774"}],"wp:attachment":[{"href":"https:\/\/elmexiquense.vip\/index.php?rest_route=%2Fwp%2Fv2%2Fmedia&parent=42771"}],"wp:term":[{"taxonomy":"category","embeddable":true,"href":"https:\/\/elmexiquense.vip\/index.php?rest_route=%2Fwp%2Fv2%2Fcategories&post=42771"},{"taxonomy":"post_tag","embeddable":true,"href":"https:\/\/elmexiquense.vip\/index.php?rest_route=%2Fwp%2Fv2%2Ftags&post=42771"}],"curies":[{"name":"wp","href":"https:\/\/api.w.org\/{rel}","templated":true}]}}