{"id":42789,"date":"2026-03-17T14:34:53","date_gmt":"2026-03-17T20:34:53","guid":{"rendered":"https:\/\/elmexiquense.vip\/?p=42789"},"modified":"2026-03-17T20:37:14","modified_gmt":"2026-03-18T02:37:14","slug":"sergio-luna-cortes-apuesta-por-la-formacion-continua-para-proyectar-un-crecimiento-inclusivo-y-de-gran-calado-en-tultepec-delfinagomeza-edomex","status":"publish","type":"post","link":"https:\/\/elmexiquense.vip\/?p=42789","title":{"rendered":"Sergio Luna Cort\u00e9s apuesta por la formaci\u00f3n continua para proyectar un crecimiento inclusivo y de gran calado en Tultepec \/ @delfinagomeza @Edomex"},"content":{"rendered":"\n<p><strong>#MunicipiosFuertes<\/strong> &#8211; <strong>#EscuelaMunicipalista2026<\/strong> &#8212;&#8211;&nbsp;<strong>#Tultepec<\/strong>,&nbsp;<strong>#EstadoDeM\u00e9xico<\/strong>.- Como bien afirm\u00f3 <strong>Confucio<\/strong>: \u00abSaber que se sabe lo que se sabe y que no se sabe lo que no se sabe; he aqu\u00ed el verdadero saber\u00bb. Bajo esta premisa, el alcalde de Tultepec, <strong>#SergioLunaCort\u00e9s<\/strong>, acudi\u00f3 a la Segunda<strong> #EscuelaMunicipalistaDeMorena<\/strong> en Morelos, donde a trav\u00e9s de <strong>#GobiernosConSentido<\/strong> se impulsa una <strong>did\u00e1ctica<\/strong> pol\u00edtica que, sumada al dinamismo de <strong>#Transformaci\u00f3nMX<\/strong>, garantiza una evoluci\u00f3n <strong>sustancial<\/strong> en la administraci\u00f3n de los territorios m\u00e1s poblados del pa\u00eds.<\/p>\n\n\n\n<p>Durante las jornadas de profesionalizaci\u00f3n en <strong>Oaxtepec<\/strong>, el edil tultepequense se integr\u00f3 a un grupo de m\u00e1s de cien mandatarios locales con el fin de adquirir una preparaci\u00f3n <strong>multidisciplinaria<\/strong>. El encuentro facilit\u00f3 un intercambio de saberes orientado a perfeccionar el servicio p\u00fablico, consolidando un esquema de gobernanza que busca ser un <strong>parang\u00f3n<\/strong> de eficiencia y honestidad en el Estado de M\u00e9xico.<\/p>\n\n\n\n<p>Es sumamente gratificante observar c\u00f3mo el liderazgo municipal apuesta por la capacitaci\u00f3n continua para robustecer el v\u00ednculo con la ciudadan\u00eda. Esta <strong>loable<\/strong> iniciativa permite que figuras como <strong>Berenice Carrillo Macario<\/strong> y la dirigente <strong>Luisa Alcalde<\/strong> unifiquen criterios, logrando una <strong>confluencia<\/strong> de ideas que dignifica la pol\u00edtica local y eleva el est\u00e1ndar de los resultados gubernamentales.<\/p>\n\n\n\n<figure class=\"wp-block-image aligncenter size-medium\"><img loading=\"lazy\" decoding=\"async\" width=\"300\" height=\"225\" src=\"https:\/\/elmexiquense.vip\/wp-content\/uploads\/2026\/03\/sergio-2-2-300x225.jpg\" alt=\"\" class=\"wp-image-42790\" srcset=\"https:\/\/elmexiquense.vip\/wp-content\/uploads\/2026\/03\/sergio-2-2-300x225.jpg 300w, https:\/\/elmexiquense.vip\/wp-content\/uploads\/2026\/03\/sergio-2-2.jpg 590w\" sizes=\"auto, (max-width: 300px) 100vw, 300px\" \/><\/figure>\n\n\n\n<p>En compa\u00f1\u00eda de sus hom\u00f3logos, <strong>Sergio Luna Cort\u00e9s<\/strong> refrend\u00f3 su compromiso de implementar estrategias que otorguen <strong>preeminencia<\/strong> al desarrollo comunitario. <strong>\u00abLa participaci\u00f3n en estos talleres especializados asegura que la gesti\u00f3n en Tultepec cuente con las herramientas necesarias para enfrentar cualquier vicisitud administrativa, priorizando siempre la transparencia y la atenci\u00f3n directa al pueblo\u00bb<\/strong>, asegur\u00f3 el Alcalde de tultepec.<\/p>\n\n\n\n<p>\u00abLa educaci\u00f3n es el arma m\u00e1s poderosa que puedes usar para cambiar el mundo\u00bb, sostuvo <strong>Nelson Mandela<\/strong>. Con esta visi\u00f3n, el fortalecimiento de la estructura municipal se erige como el pilar fundamental para edificar una sociedad m\u00e1s pr\u00f3spera y equitativa en Tultepec.   <strong>#TultepecEnMarcha<\/strong> &#8211; <strong>#PrimaveraCerca<\/strong><\/p>\n\n\n\n<p><strong>#miangelzorro<\/strong><\/p>\n\n\n\n<p><strong>#ElMexiquenseVIP<\/strong>&nbsp;\u2013<a href=\"https:\/\/www.facebook.com\/ElMexiquenseVIP\/\"><strong>El Mexiquense VIP<\/strong><\/a><\/p>\n\n\n\n<figure class=\"wp-block-image aligncenter size-full\"><img loading=\"lazy\" decoding=\"async\" width=\"650\" height=\"400\" src=\"https:\/\/elmexiquense.vip\/wp-content\/uploads\/2026\/03\/sergio-o.jpg\" alt=\"\" class=\"wp-image-42815\" srcset=\"https:\/\/elmexiquense.vip\/wp-content\/uploads\/2026\/03\/sergio-o.jpg 650w, https:\/\/elmexiquense.vip\/wp-content\/uploads\/2026\/03\/sergio-o-300x185.jpg 300w\" sizes=\"auto, (max-width: 650px) 100vw, 650px\" \/><\/figure>\n","protected":false},"excerpt":{"rendered":"<p>#MunicipiosFuertes &#8211; #EscuelaMunicipalista2026 &#8212;&#8211;&nbsp;#Tultepec,&nbsp;#EstadoDeM\u00e9xico.- Como bien afirm\u00f3 Confucio: \u00abSaber que se sabe lo que se sabe y que no se<\/p>\n","protected":false},"author":1,"featured_media":42815,"comment_status":"open","ping_status":"open","sticky":false,"template":"","format":"standard","meta":{"colormag_page_container_layout":"default_layout","colormag_page_sidebar_layout":"default_layout","rop_custom_images_group":[],"rop_custom_messages_group":[],"rop_publish_now":"no","rop_publish_now_accounts":{"facebook_102468208940364_894887317217274":""},"rop_publish_now_history":[{"account":"facebook_102468208940364_894887317217274","service":"facebook","timestamp":1773693315,"status":"success"}],"rop_publish_now_status":"done","footnotes":""},"categories":[522,31],"tags":[88,787,177,474,379,376,217,136,762,791,435,792,790,895,378,377],"class_list":["post-42789","post","type-post","status-publish","format-standard","has-post-thumbnail","hentry","category-municipios","category-principales","tag-amlo","tag-claudia-sheinbaum-pardo","tag-delfina-gomez-alvarez","tag-el-mexiquense-vip","tag-en-vivo","tag-enterate","tag-gobierno-de-mexico","tag-gobierno-del-estado-de-mexico","tag-miguel-angel-zorro","tag-municipio-de-tultepec","tag-noticias-estado-de-mexico","tag-noticias-tultepec","tag-sergio-luna-cortes","tag-turismo-tultepec","tag-ultimahora","tag-ultimas-noticias"],"_links":{"self":[{"href":"https:\/\/elmexiquense.vip\/index.php?rest_route=\/wp\/v2\/posts\/42789","targetHints":{"allow":["GET"]}}],"collection":[{"href":"https:\/\/elmexiquense.vip\/index.php?rest_route=\/wp\/v2\/posts"}],"about":[{"href":"https:\/\/elmexiquense.vip\/index.php?rest_route=\/wp\/v2\/types\/post"}],"author":[{"embeddable":true,"href":"https:\/\/elmexiquense.vip\/index.php?rest_route=\/wp\/v2\/users\/1"}],"replies":[{"embeddable":true,"href":"https:\/\/elmexiquense.vip\/index.php?rest_route=%2Fwp%2Fv2%2Fcomments&post=42789"}],"version-history":[{"count":2,"href":"https:\/\/elmexiquense.vip\/index.php?rest_route=\/wp\/v2\/posts\/42789\/revisions"}],"predecessor-version":[{"id":42816,"href":"https:\/\/elmexiquense.vip\/index.php?rest_route=\/wp\/v2\/posts\/42789\/revisions\/42816"}],"wp:featuredmedia":[{"embeddable":true,"href":"https:\/\/elmexiquense.vip\/index.php?rest_route=\/wp\/v2\/media\/42815"}],"wp:attachment":[{"href":"https:\/\/elmexiquense.vip\/index.php?rest_route=%2Fwp%2Fv2%2Fmedia&parent=42789"}],"wp:term":[{"taxonomy":"category","embeddable":true,"href":"https:\/\/elmexiquense.vip\/index.php?rest_route=%2Fwp%2Fv2%2Fcategories&post=42789"},{"taxonomy":"post_tag","embeddable":true,"href":"https:\/\/elmexiquense.vip\/index.php?rest_route=%2Fwp%2Fv2%2Ftags&post=42789"}],"curies":[{"name":"wp","href":"https:\/\/api.w.org\/{rel}","templated":true}]}}