{"id":42796,"date":"2026-03-16T17:42:34","date_gmt":"2026-03-16T23:42:34","guid":{"rendered":"https:\/\/elmexiquense.vip\/?p=42796"},"modified":"2026-03-16T17:42:34","modified_gmt":"2026-03-16T23:42:34","slug":"un-cuarto-de-millon-de-voces-el-primer-fin-de-semana-de-atmosfera-mundialista-en-tecamac-rompe-records-con-saldo-blanco-rosi_wong-ayuntatec2025","status":"publish","type":"post","link":"https:\/\/elmexiquense.vip\/?p=42796","title":{"rendered":"Un cuarto de mill\u00f3n de voces: El primer fin de semana de Atm\u00f3sfera Mundialista en Tec\u00e1mac rompe r\u00e9cords con saldo blanco \/ @rosi_wong @AyuntaTec2025 >>>"},"content":{"rendered":"\n<p><strong>#Tec\u00e1macCultural<\/strong> &#8211; <strong>#TurismoM\u00e9xico<\/strong> &#8211; <strong>#Tec\u00e1macDeFelipeVillanueva<\/strong>,\u00a0<strong>#EstadoDeM\u00e9xico<\/strong>.-\u00a0Con una afluencia sin precedentes que alcanz\u00f3 las <strong>250 mil personas<\/strong>, el primer cap\u00edtulo del <strong>Festival Atm\u00f3sfera Mundialista 2026<\/strong> culmin\u00f3 con un \u00e9xito rotundo en el <strong>#ParqueLinealLosH\u00e9roesTec\u00e1mac<\/strong>. Bajo el liderazgo de la alcaldesa<strong> #RosiWongRomero<\/strong>, esta quinta edici\u00f3n se erige como un referente cultural de magnitud internacional, logrando armonizar una log\u00edstica impecable con una oferta art\u00edstica de primer nivel. El evento ha demostrado que la convivencia pac\u00edfica y el acceso gratuito a la alta cultura son los pilares de la actual gesti\u00f3n municipal. <strong>#Atm\u00f3sferaMundialista #Tec\u00e1macCultural<\/strong><\/p>\n\n\n\n<p>La cartelera musical cautiv\u00f3 a diversas generaciones, iniciando el viernes con la elegancia r\u00edtmica de <strong>Alberto Barros<\/strong>, <strong>\u00d3scar D\u2019Le\u00f3n<\/strong> y <strong>Charlie Zaa<\/strong>, quienes convirtieron el recinto en una vibrante pista de salsa. El s\u00e1bado, el pulso joven vibr\u00f3 con la energ\u00eda de <strong>El Bogueto<\/strong> y <strong>Los Korukos<\/strong>, mientras que el cierre dominical estuvo a cargo de <strong>Christian Nodal<\/strong>, el \u00edcono del regional mexicano que consolid\u00f3 el <strong>\u00absaldo blanco\u00bb<\/strong> reportado por la <strong>Guardia Civil de Tec\u00e1mac<\/strong>.<\/p>\n\n\n\n<figure class=\"wp-block-image aligncenter size-medium\"><img loading=\"lazy\" decoding=\"async\" width=\"300\" height=\"200\" src=\"https:\/\/elmexiquense.vip\/wp-content\/uploads\/2026\/03\/teca-1-4-300x200.jpg\" alt=\"\" class=\"wp-image-42797\"\/><\/figure>\n\n\n\n<p>M\u00e1s all\u00e1 del espect\u00e1culo, la presencia de <strong>Oaxaca<\/strong> como invitado de honor y el respaldo de <strong>Mexicana de Aviaci\u00f3n<\/strong> enriquecieron la experiencia mediante una <strong>\u00abmuestra gastron\u00f3mica y artesanal\u00bb<\/strong> excepcional. Los visitantes disfrutaron de textiles \u00fanicos y el misticismo de los alebrijes, fortaleciendo la identidad cultural en un entorno familiar. Las autoridades y los asistentes coincidieron en que la organizaci\u00f3n ha superado cualquier expectativa previa, posicionando al municipio como un punto de encuentro estrat\u00e9gico tras la consolidaci\u00f3n del <strong>AIFA<\/strong>.<\/p>\n\n\n\n<p>La celebraci\u00f3n continuar\u00e1 el pr\u00f3ximo <strong>20 de marzo<\/strong> con la majestuosidad de la <strong>Guelaguetza<\/strong>, contando con la participaci\u00f3n de figuras de la talla de <strong>Lila Downs<\/strong> y el grupo <strong>Bronco<\/strong>. El cl\u00edmax de esta jornada se espera con el concierto de <strong>Siddhartha<\/strong> y el magno cierre de <strong>Emmanuel y Mijares<\/strong>, prometiendo una <strong>\u00abexperiencia inolvidable y plural\u00bb<\/strong> para toda la sociedad. Con estas acciones, el gobierno local refrenda su compromiso con la diversidad y el sano esparcimiento de las familias.<\/p>\n\n\n\n<p><strong>#ElMexiquenseVIP\u00a0\u2013<a href=\"https:\/\/www.facebook.com\/ElMexiquenseVIP\/\"><strong>El Mexiquense VIP<\/strong><\/a><\/strong><\/p>\n\n\n\n<figure class=\"wp-block-image aligncenter size-large\"><img loading=\"lazy\" decoding=\"async\" width=\"1024\" height=\"575\" src=\"https:\/\/elmexiquense.vip\/wp-content\/uploads\/2026\/03\/teca-2-4-1024x575.jpg\" alt=\"\" class=\"wp-image-42799\"\/><\/figure>\n","protected":false},"excerpt":{"rendered":"<p>#Tec\u00e1macCultural &#8211; #TurismoM\u00e9xico &#8211; #Tec\u00e1macDeFelipeVillanueva,\u00a0#EstadoDeM\u00e9xico.-\u00a0Con una afluencia sin precedentes que alcanz\u00f3 las 250 mil personas, el primer cap\u00edtulo del Festival<\/p>\n","protected":false},"author":8,"featured_media":42799,"comment_status":"open","ping_status":"open","sticky":false,"template":"","format":"standard","meta":{"colormag_page_container_layout":"default_layout","colormag_page_sidebar_layout":"default_layout","rop_custom_images_group":[],"rop_custom_messages_group":[],"rop_publish_now":"no","rop_publish_now_accounts":{"facebook_102468208940364_894887317217274":""},"rop_publish_now_history":[{"account":"facebook_102468208940364_894887317217274","service":"facebook","timestamp":1773704574,"status":"success"}],"rop_publish_now_status":"done","footnotes":""},"categories":[34],"tags":[88,787,177,474,379,376,217,136,770,903,55,461,786,789,378,377],"class_list":["post-42796","post","type-post","status-publish","format-standard","has-post-thumbnail","hentry","category-alcaldesas","tag-amlo","tag-claudia-sheinbaum-pardo","tag-delfina-gomez-alvarez","tag-el-mexiquense-vip","tag-en-vivo","tag-enterate","tag-gobierno-de-mexico","tag-gobierno-del-estado-de-mexico","tag-luisa-maria-alcalde-lujan","tag-luz-ma-hernandez","tag-mariela-gutierrez-escalante","tag-noticias-tecamac","tag-rosi-wong-romero","tag-tecamac-ayuntamiento-del-bicentenario-2025-2027","tag-ultimahora","tag-ultimas-noticias"],"_links":{"self":[{"href":"https:\/\/elmexiquense.vip\/index.php?rest_route=\/wp\/v2\/posts\/42796","targetHints":{"allow":["GET"]}}],"collection":[{"href":"https:\/\/elmexiquense.vip\/index.php?rest_route=\/wp\/v2\/posts"}],"about":[{"href":"https:\/\/elmexiquense.vip\/index.php?rest_route=\/wp\/v2\/types\/post"}],"author":[{"embeddable":true,"href":"https:\/\/elmexiquense.vip\/index.php?rest_route=\/wp\/v2\/users\/8"}],"replies":[{"embeddable":true,"href":"https:\/\/elmexiquense.vip\/index.php?rest_route=%2Fwp%2Fv2%2Fcomments&post=42796"}],"version-history":[{"count":1,"href":"https:\/\/elmexiquense.vip\/index.php?rest_route=\/wp\/v2\/posts\/42796\/revisions"}],"predecessor-version":[{"id":42800,"href":"https:\/\/elmexiquense.vip\/index.php?rest_route=\/wp\/v2\/posts\/42796\/revisions\/42800"}],"wp:featuredmedia":[{"embeddable":true,"href":"https:\/\/elmexiquense.vip\/index.php?rest_route=\/wp\/v2\/media\/42799"}],"wp:attachment":[{"href":"https:\/\/elmexiquense.vip\/index.php?rest_route=%2Fwp%2Fv2%2Fmedia&parent=42796"}],"wp:term":[{"taxonomy":"category","embeddable":true,"href":"https:\/\/elmexiquense.vip\/index.php?rest_route=%2Fwp%2Fv2%2Fcategories&post=42796"},{"taxonomy":"post_tag","embeddable":true,"href":"https:\/\/elmexiquense.vip\/index.php?rest_route=%2Fwp%2Fv2%2Ftags&post=42796"}],"curies":[{"name":"wp","href":"https:\/\/api.w.org\/{rel}","templated":true}]}}