{"id":42803,"date":"2026-03-16T19:11:54","date_gmt":"2026-03-17T01:11:54","guid":{"rendered":"https:\/\/elmexiquense.vip\/?p=42803"},"modified":"2026-03-16T19:11:54","modified_gmt":"2026-03-17T01:11:54","slug":"proteccion-civil-de-tlalnepantla-descarta-riesgos-quimicos-tras-exhaustiva-inspeccion-en-los-reyes-ixtacala-racielperezc_-gob_tlalne","status":"publish","type":"post","link":"https:\/\/elmexiquense.vip\/?p=42803","title":{"rendered":"Protecci\u00f3n Civil de Tlalnepantla descarta riesgos qu\u00edmicos tras exhaustiva inspecci\u00f3n en Los Reyes Ixtacala \/ @RacielPerezC_ @Gob_Tlalne >>"},"content":{"rendered":"\n<p><strong>#Edom\u00e9xNoticias<\/strong> &#8211; <strong>#SeguridadCiudadana<\/strong> &#8212;&#8211; <strong>#TlalnepantlaDeBaz<\/strong>,\u00a0<strong>#EstadoDeM\u00e9xico<\/strong>.-\u00a0Ante la inquietud manifestada por la ciudadan\u00eda de <strong>Los Reyes Ixtacala<\/strong> debido a emanaciones inusuales, el <strong>#GobiernoMunicipalDeTlalnepantla <\/strong>confirm\u00f3, tras operativos de supervisi\u00f3n, que no existe peligro para la integridad de las familias. Las inspecciones t\u00e9cnicas descartaron fugas de sustancias peligrosas, asegurando que el ambiente se mantiene en condiciones \u00f3ptimas de habitabilidad. Esta pronta respuesta institucional reafirma que la seguridad de los vecinos es la prioridad absoluta en la agenda de gesti\u00f3n local. <strong>#TlalnepantlaSeguro #Protecci\u00f3nCivil<\/strong><\/p>\n\n\n\n<p>Bajo la supervisi\u00f3n de la <strong>Direcci\u00f3n de Protecci\u00f3n Civil y Bomberos<\/strong>, se desplegaron las unidades <strong>BM-46<\/strong> y <strong>PC-24<\/strong> para ejecutar mediciones multigas en puntos neur\u00e1lgicos como la <strong>Avenida Industria<\/strong> y los <strong>\u00abCampos del Hoyo\u00bb<\/strong>. Los especialistas determinaron que el ox\u00edgeno se encuentra en un saludable 20.8%, mientras que los indicadores de gases t\u00f3xicos o explosivos permanecen en cero absoluto. Estos recorridos, realizados del <strong>13 al 16 de marzo<\/strong>, garantizan la veracidad de los reportes entregados a la comunidad.<\/p>\n\n\n\n<figure class=\"wp-block-image aligncenter size-medium\"><img loading=\"lazy\" decoding=\"async\" width=\"300\" height=\"267\" src=\"https:\/\/elmexiquense.vip\/wp-content\/uploads\/2026\/03\/Sin-titulo-300x267.jpg\" alt=\"\" class=\"wp-image-42805\" srcset=\"https:\/\/elmexiquense.vip\/wp-content\/uploads\/2026\/03\/Sin-titulo-300x267.jpg 300w, https:\/\/elmexiquense.vip\/wp-content\/uploads\/2026\/03\/Sin-titulo-1024x913.jpg 1024w, https:\/\/elmexiquense.vip\/wp-content\/uploads\/2026\/03\/Sin-titulo-768x684.jpg 768w, https:\/\/elmexiquense.vip\/wp-content\/uploads\/2026\/03\/Sin-titulo-600x535.jpg 600w, https:\/\/elmexiquense.vip\/wp-content\/uploads\/2026\/03\/Sin-titulo.jpg 1195w\" sizes=\"auto, (max-width: 300px) 100vw, 300px\" \/><\/figure>\n\n\n\n<p>Los dict\u00e1menes periciales concluyeron que los olores percibidos derivan \u00fanicamente de la <strong>\u00abmateria org\u00e1nica en descomposici\u00f3n\u00bb<\/strong> acumulada en el drenaje y encharcamientos espec\u00edficos del \u00e1rea. Se ratific\u00f3 ante representantes vecinales la inexistencia de amoniaco o gas LP, despejando cualquier duda sobre una posible contingencia qu\u00edmica. El acompa\u00f1amiento de los propios ciudadanos durante las revisiones de campo otorg\u00f3 total transparencia a los procesos de verificaci\u00f3n ambiental realizados en la zona de <strong>Los Reyes<\/strong>.<\/p>\n\n\n\n<p>Para mantener la <strong>\u00abpaz y tranquilidad social\u00bb<\/strong>, las autoridades municipales exhortan a la poblaci\u00f3n a seguir \u00fanicamente la informaci\u00f3n vertida en canales oficiales. El monitoreo preventivo continuar\u00e1 de forma permanente para reaccionar con inmediatez ante cualquier reporte que la ciudadan\u00eda realice a los n\u00fameros de emergencia. El compromiso de <strong>Tlalnepantla<\/strong> es velar por un entorno libre de riesgos mediante la vigilancia constante de su infraestructura urbana.<\/p>\n\n\n\n<p><strong>#ElMexiquenseVIP<\/strong>\u00a0\u2013<a href=\"https:\/\/www.facebook.com\/ElMexiquenseVIP\/\"><strong>El Mexiquense VIP<\/strong><\/a><\/p>\n\n\n\n<figure class=\"wp-block-image aligncenter size-large\"><img loading=\"lazy\" decoding=\"async\" width=\"1024\" height=\"796\" src=\"https:\/\/elmexiquense.vip\/wp-content\/uploads\/2026\/03\/tlane-0-1024x796.jpg\" alt=\"\" class=\"wp-image-42804\"\/><\/figure>\n","protected":false},"excerpt":{"rendered":"<p>#Edom\u00e9xNoticias &#8211; #SeguridadCiudadana &#8212;&#8211; #TlalnepantlaDeBaz,\u00a0#EstadoDeM\u00e9xico.-\u00a0Ante la inquietud manifestada por la ciudadan\u00eda de Los Reyes Ixtacala debido a emanaciones inusuales, el<\/p>\n","protected":false},"author":8,"featured_media":42804,"comment_status":"open","ping_status":"open","sticky":false,"template":"","format":"standard","meta":{"colormag_page_container_layout":"default_layout","colormag_page_sidebar_layout":"default_layout","rop_custom_images_group":[],"rop_custom_messages_group":[],"rop_publish_now":"no","rop_publish_now_accounts":{"facebook_102468208940364_894887317217274":""},"rop_publish_now_history":[{"account":"facebook_102468208940364_894887317217274","service":"facebook","timestamp":1773709934,"status":"success"}],"rop_publish_now_status":"done","footnotes":""},"categories":[29],"tags":[773,787,177,602,474,379,376,217,599,136,770,152,51,378,377],"class_list":["post-42803","post","type-post","status-publish","format-standard","has-post-thumbnail","hentry","category-destacados","tag-andres-manuel-lopez-beltran","tag-claudia-sheinbaum-pardo","tag-delfina-gomez-alvarez","tag-dif-tlalnepantla","tag-el-mexiquense-vip","tag-en-vivo","tag-enterate","tag-gobierno-de-mexico","tag-gobierno-de-tlalnepantla-de-baz","tag-gobierno-del-estado-de-mexico","tag-luisa-maria-alcalde-lujan","tag-municipio-de-tlalnepantla-de-baz","tag-raciel-perez-cruz","tag-ultimahora","tag-ultimas-noticias"],"_links":{"self":[{"href":"https:\/\/elmexiquense.vip\/index.php?rest_route=\/wp\/v2\/posts\/42803","targetHints":{"allow":["GET"]}}],"collection":[{"href":"https:\/\/elmexiquense.vip\/index.php?rest_route=\/wp\/v2\/posts"}],"about":[{"href":"https:\/\/elmexiquense.vip\/index.php?rest_route=\/wp\/v2\/types\/post"}],"author":[{"embeddable":true,"href":"https:\/\/elmexiquense.vip\/index.php?rest_route=\/wp\/v2\/users\/8"}],"replies":[{"embeddable":true,"href":"https:\/\/elmexiquense.vip\/index.php?rest_route=%2Fwp%2Fv2%2Fcomments&post=42803"}],"version-history":[{"count":1,"href":"https:\/\/elmexiquense.vip\/index.php?rest_route=\/wp\/v2\/posts\/42803\/revisions"}],"predecessor-version":[{"id":42806,"href":"https:\/\/elmexiquense.vip\/index.php?rest_route=\/wp\/v2\/posts\/42803\/revisions\/42806"}],"wp:featuredmedia":[{"embeddable":true,"href":"https:\/\/elmexiquense.vip\/index.php?rest_route=\/wp\/v2\/media\/42804"}],"wp:attachment":[{"href":"https:\/\/elmexiquense.vip\/index.php?rest_route=%2Fwp%2Fv2%2Fmedia&parent=42803"}],"wp:term":[{"taxonomy":"category","embeddable":true,"href":"https:\/\/elmexiquense.vip\/index.php?rest_route=%2Fwp%2Fv2%2Fcategories&post=42803"},{"taxonomy":"post_tag","embeddable":true,"href":"https:\/\/elmexiquense.vip\/index.php?rest_route=%2Fwp%2Fv2%2Ftags&post=42803"}],"curies":[{"name":"wp","href":"https:\/\/api.w.org\/{rel}","templated":true}]}}