{"id":42807,"date":"2026-03-16T19:25:00","date_gmt":"2026-03-17T01:25:00","guid":{"rendered":"https:\/\/elmexiquense.vip\/?p=42807"},"modified":"2026-03-16T19:25:00","modified_gmt":"2026-03-17T01:25:00","slug":"naucalpan-recupera-sus-espacios-publicos-a-traves-del-programa-huellas-de-la-transformacion-isaacsolar-gobnau","status":"publish","type":"post","link":"https:\/\/elmexiquense.vip\/?p=42807","title":{"rendered":"Naucalpan recupera sus espacios p\u00fablicos a trav\u00e9s del programa Huellas de la Transformaci\u00f3n \/ @isaacsolar @GobNau >>>"},"content":{"rendered":"\n<p><strong>#HuellasDeLaTransformaci\u00f3n<\/strong> &#8211; <strong>#EspaciosParaTodos<\/strong> &#8212;&#8211; <strong>#NaucalpanDeJu\u00e1rez<\/strong>,\u00a0<strong>#EstadoDeM\u00e9xico<\/strong>.- Con la firme convicci\u00f3n de restaurar el tejido social en cada rinc\u00f3n de la demarcaci\u00f3n, el Alcalde<strong> #IsaacMontoyaM\u00e1rquez<\/strong> encabez\u00f3 la entrega de un espacio p\u00fablico rehabilitado en <strong>Santa Cruz del Monte<\/strong>. Esta acci\u00f3n, enmarcada en la estrategia integral <strong>\u00abHuellas de la Transformaci\u00f3n\u00bb<\/strong>, busca revertir el hist\u00f3rico descuido que afect\u00f3 a la mayor\u00eda de las colonias durante gestiones previas. Mediante la recuperaci\u00f3n de parques e infraestructura urbana, el gobierno local reafirma su compromiso de devolver la dignidad a las familias mexiquenses. <strong>#NaucalpanSeTransforma #JusticiaSocial<\/strong><\/p>\n\n\n\n<p>Durante el acto oficial, el <strong>Presidente Municipal Isaac Montoya M\u00e1rquez<\/strong> inaugur\u00f3 las \u00e1reas recreativas de la calle <strong>Cruz del Campo Santo<\/strong>, donde se instalaron juegos infantiles y mobiliario urbano para el esparcimiento vecinal. El mandatario enfatiz\u00f3 que el objetivo primordial es que la mejora en la <strong>\u00abcalidad de vida\u00bb<\/strong> sea una realidad palpable y no meramente un recurso discursivo. En apenas una semana, lo que era un terreno desaprovechado se transform\u00f3 en un entorno seguro e iluminado.<\/p>\n\n\n\n<figure class=\"wp-block-image aligncenter size-medium\"><img loading=\"lazy\" decoding=\"async\" width=\"300\" height=\"164\" src=\"https:\/\/elmexiquense.vip\/wp-content\/uploads\/2026\/03\/isa-2-5-e1773710552352-300x164.jpg\" alt=\"\" class=\"wp-image-42809\"\/><\/figure>\n\n\n\n<p>La intervenci\u00f3n incluy\u00f3 un despliegue de <strong>Servicios P\u00fablicos<\/strong> que abarc\u00f3 desde el bacheo con <strong>39 toneladas de asfalto<\/strong> hasta la colocaci\u00f3n de luminarias y la reconstrucci\u00f3n de rampas de acceso. Estas labores t\u00e9cnicas contaron con la participaci\u00f3n de organismos como <strong>OAPAS<\/strong> y <strong>Obras P\u00fablicas<\/strong>, asegurando una atenci\u00f3n transversal a las problem\u00e1ticas h\u00eddricas y viales de la zona. Asimismo, se anunci\u00f3 la pr\u00f3xima pavimentaci\u00f3n de la <strong>Avenida Santa Cruz<\/strong> y la renovaci\u00f3n de equipos de bombeo para garantizar el suministro de agua.<\/p>\n\n\n\n<p>Para consolidar estos <strong>\u00abterritorios de paz\u00bb<\/strong>, las brigadas municipales realizaron la limpieza profunda y el retiro de m\u00e1s de <strong>8 toneladas de residuos<\/strong>, devolviendo el brillo a las \u00e1reas deportivas. El edil recalc\u00f3 que su administraci\u00f3n no descansar\u00e1 hasta llevar <strong>\u00abjusticia social\u00bb<\/strong> a los pueblos y barrios que permanecieron en el olvido. Con estas acciones, <strong>Naucalpan<\/strong> avanza hacia una integraci\u00f3n comunitaria basada en el ordenamiento urbano y la recuperaci\u00f3n de la identidad vecinal.<\/p>\n\n\n\n<p><strong>#ElMexiquenseVIP<\/strong>\u00a0\u2013<a href=\"https:\/\/www.facebook.com\/ElMexiquenseVIP\/\"><strong>El Mexiquense VIP<\/strong><\/a><\/p>\n\n\n\n<figure class=\"wp-block-image aligncenter size-large\"><img loading=\"lazy\" decoding=\"async\" width=\"1024\" height=\"663\" src=\"https:\/\/elmexiquense.vip\/wp-content\/uploads\/2026\/03\/isa-1-5-e1773710644360-1024x663.jpg\" alt=\"\" class=\"wp-image-42810\"\/><\/figure>\n","protected":false},"excerpt":{"rendered":"<p>#HuellasDeLaTransformaci\u00f3n &#8211; #EspaciosParaTodos &#8212;&#8211; #NaucalpanDeJu\u00e1rez,\u00a0#EstadoDeM\u00e9xico.- Con la firme convicci\u00f3n de restaurar el tejido social en cada rinc\u00f3n de la demarcaci\u00f3n,<\/p>\n","protected":false},"author":8,"featured_media":42810,"comment_status":"open","ping_status":"open","sticky":false,"template":"","format":"standard","meta":{"colormag_page_container_layout":"default_layout","colormag_page_sidebar_layout":"default_layout","rop_custom_images_group":[],"rop_custom_messages_group":[],"rop_publish_now":"no","rop_publish_now_accounts":{"facebook_102468208940364_894887317217274":""},"rop_publish_now_history":[{"account":"facebook_102468208940364_894887317217274","service":"facebook","timestamp":1773710724,"status":"success"}],"rop_publish_now_status":"done","footnotes":""},"categories":[29],"tags":[88,787,177,105,474,379,376,217,136,575,788,770,898,766,897,383],"class_list":["post-42807","post","type-post","status-publish","format-standard","has-post-thumbnail","hentry","category-destacados","tag-amlo","tag-claudia-sheinbaum-pardo","tag-delfina-gomez-alvarez","tag-dif-naucalpan","tag-el-mexiquense-vip","tag-en-vivo","tag-enterate","tag-gobierno-de-mexico","tag-gobierno-del-estado-de-mexico","tag-gobierno-municipal-de-naucalpan-de-juarez","tag-isaac-montoya-marquez","tag-luisa-maria-alcalde-lujan","tag-naucalpan-news","tag-noticias-naucalpan","tag-turismo-naucalpan","tag-ultima-hora"],"_links":{"self":[{"href":"https:\/\/elmexiquense.vip\/index.php?rest_route=\/wp\/v2\/posts\/42807","targetHints":{"allow":["GET"]}}],"collection":[{"href":"https:\/\/elmexiquense.vip\/index.php?rest_route=\/wp\/v2\/posts"}],"about":[{"href":"https:\/\/elmexiquense.vip\/index.php?rest_route=\/wp\/v2\/types\/post"}],"author":[{"embeddable":true,"href":"https:\/\/elmexiquense.vip\/index.php?rest_route=\/wp\/v2\/users\/8"}],"replies":[{"embeddable":true,"href":"https:\/\/elmexiquense.vip\/index.php?rest_route=%2Fwp%2Fv2%2Fcomments&post=42807"}],"version-history":[{"count":1,"href":"https:\/\/elmexiquense.vip\/index.php?rest_route=\/wp\/v2\/posts\/42807\/revisions"}],"predecessor-version":[{"id":42811,"href":"https:\/\/elmexiquense.vip\/index.php?rest_route=\/wp\/v2\/posts\/42807\/revisions\/42811"}],"wp:featuredmedia":[{"embeddable":true,"href":"https:\/\/elmexiquense.vip\/index.php?rest_route=\/wp\/v2\/media\/42810"}],"wp:attachment":[{"href":"https:\/\/elmexiquense.vip\/index.php?rest_route=%2Fwp%2Fv2%2Fmedia&parent=42807"}],"wp:term":[{"taxonomy":"category","embeddable":true,"href":"https:\/\/elmexiquense.vip\/index.php?rest_route=%2Fwp%2Fv2%2Fcategories&post=42807"},{"taxonomy":"post_tag","embeddable":true,"href":"https:\/\/elmexiquense.vip\/index.php?rest_route=%2Fwp%2Fv2%2Ftags&post=42807"}],"curies":[{"name":"wp","href":"https:\/\/api.w.org\/{rel}","templated":true}]}}