{"id":43369,"date":"2026-04-20T13:49:09","date_gmt":"2026-04-20T19:49:09","guid":{"rendered":"https:\/\/elmexiquense.vip\/?p=43369"},"modified":"2026-04-20T13:49:09","modified_gmt":"2026-04-20T19:49:09","slug":"el-gobierno-de-naucalpan-y-el-estado-de-mexico-rescatan-la-secundaria-emiliano-zapata-y-rehabilitan-la-conectividad-en-minas-san-martin-tras-anos-de-abandono-isaacsolar-gobnau","status":"publish","type":"post","link":"https:\/\/elmexiquense.vip\/?p=43369","title":{"rendered":"El Gobierno de Naucalpan y el Estado de M\u00e9xico rescatan la secundaria Emiliano Zapata y rehabilitan la conectividad en Minas San Mart\u00edn tras a\u00f1os de abandono \/ @isaacsolar @GobNau >>>"},"content":{"rendered":"\n<p><strong>#NaucalpanSeTransforma<\/strong> &#8211; <strong>#ObraP\u00fablica2026<\/strong> &#8212;&#8211; En un acto de justicia social que redefine el porvenir de <strong>#Naucalpan<\/strong>, el alcalde <strong>#IsaacMontoyaM\u00e1rquez<\/strong> entreg\u00f3 la rehabilitaci\u00f3n integral de la <strong>#SecundariaEmilianoZapata<\/strong>, rescat\u00e1ndola del olvido institucional tras el desastre natural de 2024. Esta intervenci\u00f3n estrat\u00e9gica no solo restaura el derecho a la educaci\u00f3n, sino que garantiza una \u201c<strong>#MovilidadSegura<\/strong>\u201d para m\u00e1s de mil ciudadanos mediante un nuevo paso peatonal inclusivo. La obra simboliza la victoria de la voluntad pol\u00edtica sobre la antigua sentencia de p\u00e9rdida total, devolviendo la esperanza a las familias de <strong>Minas San Mart\u00edn<\/strong>. <strong>#Transformaci\u00f3nNaucalpan #JusticiaSocial<\/strong><\/p>\n\n\n\n<p>La administraci\u00f3n municipal, en estrecha colaboraci\u00f3n con el <strong>Gobierno del Estado de M\u00e9xico<\/strong>, logr\u00f3 revertir el dictamen de inviabilidad que pesaba sobre el plantel tras el desborde de la <strong>Presa de los Cuartos<\/strong>. Los trabajos t\u00e9cnicos incluyeron la edificaci\u00f3n de un robusto muro de contenci\u00f3n de <strong>493 metros c\u00fabicos<\/strong> dise\u00f1ado para mitigar la presi\u00f3n hidr\u00e1ulica del r\u00edo. De igual forma, se dio soluci\u00f3n definitiva a un socav\u00f3n de <strong>30 metros de profundidad<\/strong> que amenazaba con el colapso de la estructura educativa.<\/p>\n\n\n\n<figure class=\"wp-block-image aligncenter size-medium\"><img loading=\"lazy\" decoding=\"async\" width=\"244\" height=\"300\" src=\"https:\/\/elmexiquense.vip\/wp-content\/uploads\/2026\/04\/isa-2-4-e1776714414730-244x300.jpg\" alt=\"\" class=\"wp-image-43370\"\/><\/figure>\n\n\n\n<p>Durante la ceremonia, ante directivos como <strong>Leticia Calder\u00f3n<\/strong> y <strong>Salvador F. Alvarado<\/strong>, el presidente municipal destac\u00f3 que estas acciones superan en eficiencia los logros de gestiones previas. <strong>Isaac Montoya M\u00e1rquez<\/strong> enfatiz\u00f3 que el conocimiento directo de las calles permite ejecutar proyectos que realmente impactan en la dignidad comunitaria, bajo la premisa de que <strong>\u201csi se quiere, se puede\u201d<\/strong>. La coordinaci\u00f3n estatal fue clave para consolidar esta infraestructura que hoy act\u00faa como un pilar fundamental para el desarrollo local.<\/p>\n\n\n\n<p>Finalmente, el edil reconoci\u00f3 el apoyo de la Gobernadora <strong>Delfina G\u00f3mez<\/strong>, vinculando este \u00e9xito con la rehabilitaci\u00f3n hist\u00f3rica de <strong>108 kil\u00f3metros<\/strong> del Perif\u00e9rico Norte. Esta sinergia gubernamental permite que hoy la comunidad de <strong>Minas Coyote<\/strong> recupere su conectividad y seguridad a trav\u00e9s de obras de ingenier\u00eda de alta precisi\u00f3n. Con la reapertura de la escuela, Naucalpan reafirma su ruta hacia la transformaci\u00f3n, priorizando siempre a las zonas que padecieron mayor vulnerabilidad clim\u00e1tica.<\/p>\n\n\n\n<p><strong>#ElMexiquenseVIP<\/strong>\u00a0\u2013<a href=\"https:\/\/www.facebook.com\/ElMexiquenseVIP\/\"><strong>El Mexiquense VIP<\/strong><\/a><\/p>\n\n\n\n<figure class=\"wp-block-image aligncenter size-large\"><img loading=\"lazy\" decoding=\"async\" width=\"1024\" height=\"682\" src=\"https:\/\/elmexiquense.vip\/wp-content\/uploads\/2026\/04\/isa-1-5-1024x682.jpg\" alt=\"\" class=\"wp-image-43371\"\/><\/figure>\n","protected":false},"excerpt":{"rendered":"<p>#NaucalpanSeTransforma &#8211; #ObraP\u00fablica2026 &#8212;&#8211; En un acto de justicia social que redefine el porvenir de #Naucalpan, el alcalde #IsaacMontoyaM\u00e1rquez entreg\u00f3<\/p>\n","protected":false},"author":8,"featured_media":43371,"comment_status":"open","ping_status":"open","sticky":false,"template":"","format":"standard","meta":{"colormag_page_container_layout":"default_layout","colormag_page_sidebar_layout":"default_layout","rop_custom_images_group":[],"rop_custom_messages_group":[],"rop_publish_now":"no","rop_publish_now_accounts":{"facebook_102468208940364_894887317217274":""},"rop_publish_now_history":[{"account":"facebook_102468208940364_894887317217274","service":"facebook","timestamp":1776714565,"status":"success"}],"rop_publish_now_status":"done","footnotes":""},"categories":[29],"tags":[787,177,105,474,379,376,217,136,575,788,770,898,766,897,383],"class_list":["post-43369","post","type-post","status-publish","format-standard","has-post-thumbnail","hentry","category-destacados","tag-claudia-sheinbaum-pardo","tag-delfina-gomez-alvarez","tag-dif-naucalpan","tag-el-mexiquense-vip","tag-en-vivo","tag-enterate","tag-gobierno-de-mexico","tag-gobierno-del-estado-de-mexico","tag-gobierno-municipal-de-naucalpan-de-juarez","tag-isaac-montoya-marquez","tag-luisa-maria-alcalde-lujan","tag-naucalpan-news","tag-noticias-naucalpan","tag-turismo-naucalpan","tag-ultima-hora"],"_links":{"self":[{"href":"https:\/\/elmexiquense.vip\/index.php?rest_route=\/wp\/v2\/posts\/43369","targetHints":{"allow":["GET"]}}],"collection":[{"href":"https:\/\/elmexiquense.vip\/index.php?rest_route=\/wp\/v2\/posts"}],"about":[{"href":"https:\/\/elmexiquense.vip\/index.php?rest_route=\/wp\/v2\/types\/post"}],"author":[{"embeddable":true,"href":"https:\/\/elmexiquense.vip\/index.php?rest_route=\/wp\/v2\/users\/8"}],"replies":[{"embeddable":true,"href":"https:\/\/elmexiquense.vip\/index.php?rest_route=%2Fwp%2Fv2%2Fcomments&post=43369"}],"version-history":[{"count":1,"href":"https:\/\/elmexiquense.vip\/index.php?rest_route=\/wp\/v2\/posts\/43369\/revisions"}],"predecessor-version":[{"id":43372,"href":"https:\/\/elmexiquense.vip\/index.php?rest_route=\/wp\/v2\/posts\/43369\/revisions\/43372"}],"wp:featuredmedia":[{"embeddable":true,"href":"https:\/\/elmexiquense.vip\/index.php?rest_route=\/wp\/v2\/media\/43371"}],"wp:attachment":[{"href":"https:\/\/elmexiquense.vip\/index.php?rest_route=%2Fwp%2Fv2%2Fmedia&parent=43369"}],"wp:term":[{"taxonomy":"category","embeddable":true,"href":"https:\/\/elmexiquense.vip\/index.php?rest_route=%2Fwp%2Fv2%2Fcategories&post=43369"},{"taxonomy":"post_tag","embeddable":true,"href":"https:\/\/elmexiquense.vip\/index.php?rest_route=%2Fwp%2Fv2%2Ftags&post=43369"}],"curies":[{"name":"wp","href":"https:\/\/api.w.org\/{rel}","templated":true}]}}