{"id":43376,"date":"2026-04-20T14:04:53","date_gmt":"2026-04-20T20:04:53","guid":{"rendered":"https:\/\/elmexiquense.vip\/?p=43376"},"modified":"2026-04-20T14:04:53","modified_gmt":"2026-04-20T20:04:53","slug":"el-gobierno-de-hidalgo-se-suma-al-plan-estrategico-de-procuracion-de-justicia-2026-2029-para-fortalecer-el-modelo-de-atencion-a-victimas-y-la-paz-nacional-juliomenchaca_-gobiernohidalgo","status":"publish","type":"post","link":"https:\/\/elmexiquense.vip\/?p=43376","title":{"rendered":"El Gobierno de Hidalgo se suma al Plan Estrat\u00e9gico de Procuraci\u00f3n de Justicia 2026\u20132029 para fortalecer el modelo de atenci\u00f3n a v\u00edctimas y la paz nacional \/ @juliomenchaca_ @gobiernohidalgo"},"content":{"rendered":"\n<p><strong>#EstadoDeHidalgo<\/strong>,\u00a0<strong>#M\u00e9xico<\/strong>.-\u00a0En un acto que redefine la arquitectura de la ley en M\u00e9xico, el gobernador <strong>#JulioMenchacaSalazar<\/strong> respald\u00f3 la presentaci\u00f3n del <strong>#PlanEstrat\u00e9gicoDeProcuraci\u00f3nDeJusticia<\/strong> <strong>2026\u20132029<\/strong>, encabezado por la fiscal <strong>#ErnestinaGodoyRamos<\/strong>. Este ambicioso proyecto busca instaurar un modelo de justicia que priorice el <strong>#BienestarSocial<\/strong> y la <strong>#PazDuradera<\/strong>, consolidando una fiscal\u00eda que atienda directamente las causas de la impunidad. Con esta alianza, <strong>#Hidalgo<\/strong> se suma a una visi\u00f3n nacional donde la seguridad ciudadana se convierte en la prioridad m\u00e1xima de la agenda p\u00fablica. <strong>#JusticiaParaTodos #HidalgoSeguro<\/strong><\/p>\n\n\n\n<p>La titular de la Fiscal\u00eda General de la Rep\u00fablica, <strong>Ernestina Godoy Ramos<\/strong>, detall\u00f3 que la columna vertebral de esta iniciativa reside en una <strong>reestructuraci\u00f3n interna<\/strong> profunda y una gesti\u00f3n con <strong>\u201cvisi\u00f3n humanista\u201d<\/strong>. El objetivo central es construir una instituci\u00f3n que logre poner genuinamente <strong>\u201cen el centro a la v\u00edctima\u201d<\/strong>, garantizando que el acceso a la verdad sea un derecho tangible. Este cambio de paradigma busca alejarse de los modelos punitivos tradicionales para enfocarse en la reparaci\u00f3n y la atenci\u00f3n integral.<\/p>\n\n\n\n<p>Por su parte, el mandatario hidalguense enfatiz\u00f3 que la <strong>investigaci\u00f3n basada en inteligencia<\/strong> y la <strong>coordinaci\u00f3n absoluta<\/strong> entre los distintos niveles de gobierno son ejes fundamentales para el \u00e9xito del plan. <strong>Julio Menchaca Salazar<\/strong> subray\u00f3 que estas acciones estrat\u00e9gicas permitir\u00e1n optimizar los recursos tecnol\u00f3gicos para combatir la delincuencia de manera m\u00e1s efectiva. La modernizaci\u00f3n de los procesos judiciales se presenta as\u00ed como una herramienta indispensable para recuperar la confianza de las familias en sus instituciones.<\/p>\n\n\n\n<p>Finalmente, el Gobernador reiter\u00f3 su compromiso de trabajar de la mano con la Federaci\u00f3n para asegurar que la procuraci\u00f3n de justicia sea pronta y expedita. Este esfuerzo conjunto promete transformar el panorama legal del pa\u00eds, estableciendo bases s\u00f3lidas para un entorno de <strong>\u201cpaz y bienestar\u201d<\/strong> en cada rinc\u00f3n del territorio. Con el respaldo de Hidalgo, el Plan Estrat\u00e9gico inicia una etapa de fortalecimiento institucional que marcar\u00e1 un hito en la historia jur\u00eddica de la naci\u00f3n mexicana.<\/p>\n\n\n\n<p><strong>#ElMexiquenseVIP<\/strong>\u00a0\u2013<a href=\"https:\/\/www.facebook.com\/ElMexiquenseVIP\/\"><strong>El Mexiquense VIP<\/strong><\/a><\/p>\n\n\n\n<figure class=\"wp-block-image aligncenter size-full\"><img loading=\"lazy\" decoding=\"async\" width=\"650\" height=\"400\" src=\"https:\/\/elmexiquense.vip\/wp-content\/uploads\/2026\/04\/hidal-1.jpg\" alt=\"\" class=\"wp-image-43377\" srcset=\"https:\/\/elmexiquense.vip\/wp-content\/uploads\/2026\/04\/hidal-1.jpg 650w, https:\/\/elmexiquense.vip\/wp-content\/uploads\/2026\/04\/hidal-1-300x185.jpg 300w\" sizes=\"auto, (max-width: 650px) 100vw, 650px\" \/><\/figure>\n","protected":false},"excerpt":{"rendered":"<p>#EstadoDeHidalgo,\u00a0#M\u00e9xico.-\u00a0En un acto que redefine la arquitectura de la ley en M\u00e9xico, el gobernador #JulioMenchacaSalazar respald\u00f3 la presentaci\u00f3n del #PlanEstrat\u00e9gicoDeProcuraci\u00f3nDeJusticia<\/p>\n","protected":false},"author":8,"featured_media":43377,"comment_status":"open","ping_status":"open","sticky":false,"template":"","format":"standard","meta":{"colormag_page_container_layout":"default_layout","colormag_page_sidebar_layout":"default_layout","rop_custom_images_group":[],"rop_custom_messages_group":[],"rop_publish_now":"no","rop_publish_now_accounts":{"facebook_102468208940364_894887317217274":""},"rop_publish_now_history":[{"account":"facebook_102468208940364_894887317217274","service":"facebook","timestamp":1776715509,"status":"success"}],"rop_publish_now_status":"done","footnotes":""},"categories":[297],"tags":[88,787,917,379,376,911,913,217,914,915,770,762,916,912,378,377],"class_list":["post-43376","post","type-post","status-publish","format-standard","has-post-thumbnail","hentry","category-municipio-en-mexico","tag-amlo","tag-claudia-sheinbaum-pardo","tag-dif-hidalgo","tag-en-vivo","tag-enterate","tag-estado-de-hidalgo","tag-estado-de-hidalgo-news","tag-gobierno-de-mexico","tag-gobierno-del-estado-de-hidalgo","tag-julio-menchaca-salazar","tag-luisa-maria-alcalde-lujan","tag-miguel-angel-zorro","tag-noticias-estado-de-hidalgo","tag-turismo-estado-de-hidalgo","tag-ultimahora","tag-ultimas-noticias"],"_links":{"self":[{"href":"https:\/\/elmexiquense.vip\/index.php?rest_route=\/wp\/v2\/posts\/43376","targetHints":{"allow":["GET"]}}],"collection":[{"href":"https:\/\/elmexiquense.vip\/index.php?rest_route=\/wp\/v2\/posts"}],"about":[{"href":"https:\/\/elmexiquense.vip\/index.php?rest_route=\/wp\/v2\/types\/post"}],"author":[{"embeddable":true,"href":"https:\/\/elmexiquense.vip\/index.php?rest_route=\/wp\/v2\/users\/8"}],"replies":[{"embeddable":true,"href":"https:\/\/elmexiquense.vip\/index.php?rest_route=%2Fwp%2Fv2%2Fcomments&post=43376"}],"version-history":[{"count":1,"href":"https:\/\/elmexiquense.vip\/index.php?rest_route=\/wp\/v2\/posts\/43376\/revisions"}],"predecessor-version":[{"id":43378,"href":"https:\/\/elmexiquense.vip\/index.php?rest_route=\/wp\/v2\/posts\/43376\/revisions\/43378"}],"wp:featuredmedia":[{"embeddable":true,"href":"https:\/\/elmexiquense.vip\/index.php?rest_route=\/wp\/v2\/media\/43377"}],"wp:attachment":[{"href":"https:\/\/elmexiquense.vip\/index.php?rest_route=%2Fwp%2Fv2%2Fmedia&parent=43376"}],"wp:term":[{"taxonomy":"category","embeddable":true,"href":"https:\/\/elmexiquense.vip\/index.php?rest_route=%2Fwp%2Fv2%2Fcategories&post=43376"},{"taxonomy":"post_tag","embeddable":true,"href":"https:\/\/elmexiquense.vip\/index.php?rest_route=%2Fwp%2Fv2%2Ftags&post=43376"}],"curies":[{"name":"wp","href":"https:\/\/api.w.org\/{rel}","templated":true}]}}