{"id":43391,"date":"2026-04-21T13:23:04","date_gmt":"2026-04-21T19:23:04","guid":{"rendered":"https:\/\/elmexiquense.vip\/?p=43391"},"modified":"2026-04-21T13:23:04","modified_gmt":"2026-04-21T19:23:04","slug":"la-solercia-administrativa-de-sergio-luna-cortes-dota-a-tultepec-de-infraestructuras-educativas-de-vanguardia-delfinagomeza-edomex","status":"publish","type":"post","link":"https:\/\/elmexiquense.vip\/?p=43391","title":{"rendered":"La solercia administrativa de Sergio Luna Cort\u00e9s dota a Tultepec de infraestructuras educativas de vanguardia \u00a0\/ @delfinagomeza @Edomex"},"content":{"rendered":"\n<p><strong>#Educaci\u00f3nSinL\u00edmites<\/strong> &#8211; <strong>#CompromisoCumplido<\/strong> &#8212;&#8211; <strong>#Tultepec<\/strong>,\u00a0<strong>#EstadoDeM\u00e9xico<\/strong>.- En un acto de profundo civismo que <strong>engalana<\/strong> el porvenir educativo de Tultepec, la comunidad de <strong>#SantaElena<\/strong> presenci\u00f3 una transformaci\u00f3n estructural sin precedentes. \u00abLa educaci\u00f3n es el vestido de gala para asistir a la fiesta de la vida\u00bb, afirm\u00f3 <strong>Miguel Rojas<\/strong>, mientras el alcalde <strong>#SergioLunaCort\u00e9s<\/strong> inauguraba una techumbre monumental bajo el clamor de <strong>#TultepecCrece<\/strong> y la alegr\u00eda de <strong>#InfanciaDigna<\/strong>, consolidando as\u00ed un compromiso ineludible con la ni\u00f1ez. \u00ab<strong>Esta entrega no solo representa un avance material, sino la cristalizaci\u00f3n de un anhelo colectivo que sublima el entorno pedag\u00f3gico de los alumnos del Jard\u00edn de Ni\u00f1os \u00abJaime Sabines\u00bb<\/strong>, dijo el Alcalde.<\/p>\n\n\n\n<p>La gesti\u00f3n administrativa de este proyecto educativo se distingue por una ejecuci\u00f3n <strong>impecable<\/strong> que trasciende la simple infraestructura para convertirse en un baluarte de seguridad. El edil manifest\u00f3 su orgullo al fungir como padrino de generaci\u00f3n, asegurando que la nueva explanada permitir\u00e1 actividades recreativas protegidas de las inclemencias clim\u00e1ticas con total <strong>solercia<\/strong>. <strong>\u00abHemos priorizado la creaci\u00f3n de espacios donde el desarrollo f\u00edsico y el intelectual converjan en un ambiente de absoluta armon\u00eda y dignidad para los estudiantes\u00bb<\/strong>, asegur\u00f3 <strong>Seguido Luna<\/strong>.<\/p>\n\n\n\n<p>La <strong>proclividad<\/strong> del gobierno local hacia el fortalecimiento escolar ha resonado con fuerza en las plataformas digitales, donde se viraliz\u00f3 la modernizaci\u00f3n de los m\u00f3dulos sanitarios. <strong>\u00abTultepec se posiciona a la vanguardia estatal al garantizar instalaciones dignas en cada plantel p\u00fablico del municipio\u00bb<\/strong>, puntualiz\u00f3 el Alcalde. Esta determinaci\u00f3n pol\u00edtica, celebrada ampliamente, demuestra un ejercicio de <strong>transparencia<\/strong> que responde directamente a las demandas hist\u00f3ricas de las familias de la zona.<\/p>\n\n\n\n<figure class=\"wp-block-image aligncenter size-medium\"><img loading=\"lazy\" decoding=\"async\" width=\"300\" height=\"280\" src=\"https:\/\/elmexiquense.vip\/wp-content\/uploads\/2026\/04\/sergio-2-1-300x280.jpg\" alt=\"\" class=\"wp-image-43392\" srcset=\"https:\/\/elmexiquense.vip\/wp-content\/uploads\/2026\/04\/sergio-2-1-300x280.jpg 300w, https:\/\/elmexiquense.vip\/wp-content\/uploads\/2026\/04\/sergio-2-1.jpg 428w\" sizes=\"auto, (max-width: 300px) 100vw, 300px\" \/><\/figure>\n\n\n\n<p><strong>Es alagador c\u00f3mo el fomento a la cultura mediante el programa \u00abJ\u00f3venes por Tultepec\u00bb complementa estas obras, ofreciendo una formaci\u00f3n art\u00edstica gratuita que considero laudable\u00bb<\/strong>, afirm\u00f3 <strong>Sergio Luna Cort\u00e9s<\/strong>.<\/p>\n\n\n\n<p>Resulta sumamente gratificante constatar que la visi\u00f3n de un gobernante coincida con el bienestar genuino de sus gobernados a trav\u00e9s de la m\u00fasica y la ense\u00f1anza. El enfoque integral de esta administraci\u00f3n es, a mi juicio, un ejemplo <strong>fehaciente<\/strong> de c\u00f3mo la inversi\u00f3n social puede regenerar el tejido comunitario de forma permanente.<\/p>\n\n\n\n<p>La culminaci\u00f3n de este evento protocolario dej\u00f3 una huella de esperanza en el \u00e1nimo de los tultepenses, reafirmando que el progreso es <strong>inexorables<\/strong> cuando existe voluntad. Como bien sentenci\u00f3 Franklin D. Roosevelt: \u00abNo siempre podemos construir el futuro para nuestra juventud, pero podemos construir a nuestra juventud para el futuro\u00bb. El compromiso de <strong>Sergio Luna Cort\u00e9s<\/strong> de seguir erigiendo techumbres met\u00e1licas en Tultepec asegura que la educaci\u00f3n p\u00fablica en la regi\u00f3n alcance niveles de excelencia <strong>inmarcesibles<\/strong>.<\/p>\n\n\n\n<p><strong>#miangelzorro<\/strong><\/p>\n\n\n\n<p><strong>#ElMexiquenseVIP<\/strong>&nbsp;\u2013<a href=\"https:\/\/www.facebook.com\/ElMexiquenseVIP\/\"><strong>El Mexiquense VIP<\/strong><\/a><\/p>\n\n\n\n<figure class=\"wp-block-image aligncenter size-full\"><img loading=\"lazy\" decoding=\"async\" width=\"650\" height=\"400\" src=\"https:\/\/elmexiquense.vip\/wp-content\/uploads\/2026\/04\/sergio-1-2.jpg\" alt=\"\" class=\"wp-image-43393\" srcset=\"https:\/\/elmexiquense.vip\/wp-content\/uploads\/2026\/04\/sergio-1-2.jpg 650w, https:\/\/elmexiquense.vip\/wp-content\/uploads\/2026\/04\/sergio-1-2-300x185.jpg 300w\" sizes=\"auto, (max-width: 650px) 100vw, 650px\" \/><\/figure>\n","protected":false},"excerpt":{"rendered":"<p>#Educaci\u00f3nSinL\u00edmites &#8211; #CompromisoCumplido &#8212;&#8211; #Tultepec,\u00a0#EstadoDeM\u00e9xico.- En un acto de profundo civismo que engalana el porvenir educativo de Tultepec, la comunidad<\/p>\n","protected":false},"author":1,"featured_media":43393,"comment_status":"open","ping_status":"open","sticky":false,"template":"","format":"standard","meta":{"colormag_page_container_layout":"default_layout","colormag_page_sidebar_layout":"default_layout","rop_custom_images_group":[],"rop_custom_messages_group":[],"rop_publish_now":"no","rop_publish_now_accounts":{"facebook_102468208940364_894887317217274":""},"rop_publish_now_history":[{"account":"facebook_102468208940364_894887317217274","service":"facebook","timestamp":1776799403,"status":"success"}],"rop_publish_now_status":"done","footnotes":""},"categories":[522,31],"tags":[88,787,177,474,379,376,217,136,762,791,435,792,790,895,378,377],"class_list":["post-43391","post","type-post","status-publish","format-standard","has-post-thumbnail","hentry","category-municipios","category-principales","tag-amlo","tag-claudia-sheinbaum-pardo","tag-delfina-gomez-alvarez","tag-el-mexiquense-vip","tag-en-vivo","tag-enterate","tag-gobierno-de-mexico","tag-gobierno-del-estado-de-mexico","tag-miguel-angel-zorro","tag-municipio-de-tultepec","tag-noticias-estado-de-mexico","tag-noticias-tultepec","tag-sergio-luna-cortes","tag-turismo-tultepec","tag-ultimahora","tag-ultimas-noticias"],"_links":{"self":[{"href":"https:\/\/elmexiquense.vip\/index.php?rest_route=\/wp\/v2\/posts\/43391","targetHints":{"allow":["GET"]}}],"collection":[{"href":"https:\/\/elmexiquense.vip\/index.php?rest_route=\/wp\/v2\/posts"}],"about":[{"href":"https:\/\/elmexiquense.vip\/index.php?rest_route=\/wp\/v2\/types\/post"}],"author":[{"embeddable":true,"href":"https:\/\/elmexiquense.vip\/index.php?rest_route=\/wp\/v2\/users\/1"}],"replies":[{"embeddable":true,"href":"https:\/\/elmexiquense.vip\/index.php?rest_route=%2Fwp%2Fv2%2Fcomments&post=43391"}],"version-history":[{"count":1,"href":"https:\/\/elmexiquense.vip\/index.php?rest_route=\/wp\/v2\/posts\/43391\/revisions"}],"predecessor-version":[{"id":43394,"href":"https:\/\/elmexiquense.vip\/index.php?rest_route=\/wp\/v2\/posts\/43391\/revisions\/43394"}],"wp:featuredmedia":[{"embeddable":true,"href":"https:\/\/elmexiquense.vip\/index.php?rest_route=\/wp\/v2\/media\/43393"}],"wp:attachment":[{"href":"https:\/\/elmexiquense.vip\/index.php?rest_route=%2Fwp%2Fv2%2Fmedia&parent=43391"}],"wp:term":[{"taxonomy":"category","embeddable":true,"href":"https:\/\/elmexiquense.vip\/index.php?rest_route=%2Fwp%2Fv2%2Fcategories&post=43391"},{"taxonomy":"post_tag","embeddable":true,"href":"https:\/\/elmexiquense.vip\/index.php?rest_route=%2Fwp%2Fv2%2Ftags&post=43391"}],"curies":[{"name":"wp","href":"https:\/\/api.w.org\/{rel}","templated":true}]}}