{"id":43395,"date":"2026-04-21T13:34:42","date_gmt":"2026-04-21T19:34:42","guid":{"rendered":"https:\/\/elmexiquense.vip\/?p=43395"},"modified":"2026-04-21T13:34:42","modified_gmt":"2026-04-21T19:34:42","slug":"senderos-seguros-en-tlalnepantla-la-estrategia-integral-que-devuelve-la-luz-y-el-sosiego-a-las-comunidades-escolares-racielperezc_-gob_tlalne","status":"publish","type":"post","link":"https:\/\/elmexiquense.vip\/?p=43395","title":{"rendered":"Senderos Seguros en Tlalnepantla: la estrategia integral que devuelve la luz y el sosiego a las comunidades escolares \/ @RacielPerezC_ @Gob_Tlalne >>"},"content":{"rendered":"\n<p><strong>#UrbanismoHumano<\/strong> &#8211; <strong>#EdomexEnMovimiento<\/strong> &#8212;&#8211; En un esfuerzo sin precedentes por devolver la tranquilidad a las calles mexiquenses, el Presidente Municipal, <strong>#RacielP\u00e9rezCruz<\/strong>, inaugur\u00f3 el programa \u00ab<strong>#LuminariaNuestraCiudad<\/strong>\u00ab, una estrategia que combate el rezago hist\u00f3rico en #<strong>ServiciosP\u00fablicos<\/strong>. Esta iniciativa no solo busca erradicar la oscuridad en las v\u00edas principales, sino que se erige como un pilar fundamental para robustecer la <strong>#SeguridadCiudadana<\/strong> y la #<strong>PazSocial<\/strong>. Con la mirada puesta en un entorno m\u00e1s habitable, la administraci\u00f3n municipal reafirma que una ciudad iluminada es, por definici\u00f3n, una ciudad m\u00e1s segura para todas las familias. <strong>#TlalnepantlaSeguro<\/strong> <strong>#LuminariaNuestraCiudad<\/strong><\/p>\n\n\n\n<p>Durante la fase inicial de este despliegue operativo, las cuadrillas de servicios p\u00fablicos concentraron sus labores en las avenidas <strong>Jos\u00e9 Loreto Fabela<\/strong> y <strong>Constituyentes de 1917<\/strong>. La intervenci\u00f3n t\u00e9cnica permiti\u00f3 la instalaci\u00f3n de <strong>35 luminarias<\/strong> de \u00faltima generaci\u00f3n y 25 postes dise\u00f1ados para la convivencia vial y peatonal a lo largo de un kil\u00f3metro. Esta infraestructura beneficia directamente a los residentes de <strong>Los Reyes Ixtacala Segunda Secci\u00f3n<\/strong> y la colonia <strong>La Comunidad<\/strong>, garantizando trayectos nocturnos con una visibilidad <strong>\u00ednclita<\/strong>.<\/p>\n\n\n\n<figure class=\"wp-block-image aligncenter size-medium\"><img loading=\"lazy\" decoding=\"async\" width=\"261\" height=\"300\" src=\"https:\/\/elmexiquense.vip\/wp-content\/uploads\/2026\/04\/raci-2-4-e1776799958634-261x300.jpg\" alt=\"\" class=\"wp-image-43396\"\/><\/figure>\n\n\n\n<p>La estrategia gubernamental prioriza la creaci\u00f3n de los denominados \u00ab<strong>Senderos Seguros<\/strong>\u00ab, circuitos dise\u00f1ados para salvaguardar a la comunidad estudiantil de instituciones como la <strong>FES Iztacala<\/strong> y el <strong>Tecnol\u00f3gico de Tlalnepantla<\/strong>. Destaca la rehabilitaci\u00f3n del alumbrado en el puente peatonal sobre la <strong>Avenida Mario Col\u00edn<\/strong>, donde la colocaci\u00f3n de reflectores estrat\u00e9gicos permite un tr\u00e1nsito libre de riesgos. Con esta <strong>pericia<\/strong> administrativa, el gobierno local atiende los puntos cr\u00edticos donde la poblaci\u00f3n flotante requer\u00eda una respuesta institucional inmediata.<\/p>\n\n\n\n<p>El compromiso del ayuntamiento es alcanzar la meta de <strong>10,000 unidades<\/strong> instaladas antes de concluir el 2026, asegurando que la calidad de vida sea una realidad tangible. Al invertir en tecnolog\u00eda de vanguardia, Tlalnepantla se posiciona como un referente en modernizaci\u00f3n urbana y prevenci\u00f3n del delito. Esta labor <strong>laudable<\/strong> asegura que el derecho a la ciudad sea una garant\u00eda plena para cada habitante que recorre diariamente su geograf\u00eda.<\/p>\n\n\n\n<p><strong>#ElMexiquenseVIP<\/strong>\u00a0\u2013<a href=\"https:\/\/www.facebook.com\/ElMexiquenseVIP\/\"><strong>El Mexiquense VIP<\/strong><\/a><\/p>\n\n\n\n<figure class=\"wp-block-image aligncenter size-large\"><img loading=\"lazy\" decoding=\"async\" width=\"1024\" height=\"576\" src=\"https:\/\/elmexiquense.vip\/wp-content\/uploads\/2026\/04\/raci-1-5-1024x576.jpg\" alt=\"\" class=\"wp-image-43397\"\/><\/figure>\n","protected":false},"excerpt":{"rendered":"<p>#UrbanismoHumano &#8211; #EdomexEnMovimiento &#8212;&#8211; En un esfuerzo sin precedentes por devolver la tranquilidad a las calles mexiquenses, el Presidente Municipal,<\/p>\n","protected":false},"author":8,"featured_media":43397,"comment_status":"open","ping_status":"open","sticky":false,"template":"","format":"standard","meta":{"colormag_page_container_layout":"default_layout","colormag_page_sidebar_layout":"default_layout","rop_custom_images_group":[],"rop_custom_messages_group":[],"rop_publish_now":"no","rop_publish_now_accounts":{"facebook_102468208940364_894887317217274":""},"rop_publish_now_history":[{"account":"facebook_102468208940364_894887317217274","service":"facebook","timestamp":1776800100,"status":"success"}],"rop_publish_now_status":"done","footnotes":""},"categories":[29],"tags":[787,177,602,474,379,376,217,599,136,770,152,919,51,378,377],"class_list":["post-43395","post","type-post","status-publish","format-standard","has-post-thumbnail","hentry","category-destacados","tag-claudia-sheinbaum-pardo","tag-delfina-gomez-alvarez","tag-dif-tlalnepantla","tag-el-mexiquense-vip","tag-en-vivo","tag-enterate","tag-gobierno-de-mexico","tag-gobierno-de-tlalnepantla-de-baz","tag-gobierno-del-estado-de-mexico","tag-luisa-maria-alcalde-lujan","tag-municipio-de-tlalnepantla-de-baz","tag-ndres-manuel-lopez-beltran","tag-raciel-perez-cruz","tag-ultimahora","tag-ultimas-noticias"],"_links":{"self":[{"href":"https:\/\/elmexiquense.vip\/index.php?rest_route=\/wp\/v2\/posts\/43395","targetHints":{"allow":["GET"]}}],"collection":[{"href":"https:\/\/elmexiquense.vip\/index.php?rest_route=\/wp\/v2\/posts"}],"about":[{"href":"https:\/\/elmexiquense.vip\/index.php?rest_route=\/wp\/v2\/types\/post"}],"author":[{"embeddable":true,"href":"https:\/\/elmexiquense.vip\/index.php?rest_route=\/wp\/v2\/users\/8"}],"replies":[{"embeddable":true,"href":"https:\/\/elmexiquense.vip\/index.php?rest_route=%2Fwp%2Fv2%2Fcomments&post=43395"}],"version-history":[{"count":1,"href":"https:\/\/elmexiquense.vip\/index.php?rest_route=\/wp\/v2\/posts\/43395\/revisions"}],"predecessor-version":[{"id":43398,"href":"https:\/\/elmexiquense.vip\/index.php?rest_route=\/wp\/v2\/posts\/43395\/revisions\/43398"}],"wp:featuredmedia":[{"embeddable":true,"href":"https:\/\/elmexiquense.vip\/index.php?rest_route=\/wp\/v2\/media\/43397"}],"wp:attachment":[{"href":"https:\/\/elmexiquense.vip\/index.php?rest_route=%2Fwp%2Fv2%2Fmedia&parent=43395"}],"wp:term":[{"taxonomy":"category","embeddable":true,"href":"https:\/\/elmexiquense.vip\/index.php?rest_route=%2Fwp%2Fv2%2Fcategories&post=43395"},{"taxonomy":"post_tag","embeddable":true,"href":"https:\/\/elmexiquense.vip\/index.php?rest_route=%2Fwp%2Fv2%2Ftags&post=43395"}],"curies":[{"name":"wp","href":"https:\/\/api.w.org\/{rel}","templated":true}]}}