{"id":43402,"date":"2026-04-23T14:21:45","date_gmt":"2026-04-23T20:21:45","guid":{"rendered":"https:\/\/elmexiquense.vip\/?p=43402"},"modified":"2026-04-23T21:08:41","modified_gmt":"2026-04-24T03:08:41","slug":"magno-festejo-del-dia-del-nino-romina-contreras-carrasco-lidera-una-gesta-de-alegria-para-robustecer-el-tejido-social-en-huixquilucan-rominacdv-huixquigob","status":"publish","type":"post","link":"https:\/\/elmexiquense.vip\/?p=43402","title":{"rendered":"Magno festejo del D\u00eda del Ni\u00f1o: Romina Contreras Carrasco lidera una gesta de alegr\u00eda para robustecer el tejido social en Huixquilucan \u00a0\/ @RominaCDV @HuixquiGob >>>"},"content":{"rendered":"\n<p><strong>#D\u00edaDelNi\u00f1o2026<\/strong> &#8211; <strong>#M\u00e9xicoUnido<\/strong> &#8212;&#8211; <strong>#HuixquilucanDeDegollado<\/strong>\u00a0<strong>#EstadoDeM\u00e9xico<\/strong>.-\u00a0Bajo un firmamento de j\u00fabilo y cohesi\u00f3n comunitaria, <strong>#Huixquilucan<\/strong> se erige como un referente de bienestar infantil. \u00abLa infancia es la etapa en la que todo se construye\u00bb, sentenci\u00f3 Jean Piaget, premisa que <strong>#RominaContrerasCarrasco<\/strong> honr\u00f3 con una celebraci\u00f3n sin parang\u00f3n donde el uso de <strong>#Ni\u00f1ezSegura<\/strong> y la tendencia de <strong>#HuixquilucanAvanza<\/strong> fueron el eco de una gesti\u00f3n que <strong>sublima<\/strong> el derecho a la alegr\u00eda. <strong>\u00abEste magno evento en el Complejo Rosa M\u00edstica logr\u00f3 congregar a una multitud ingente de familias que celebraron el futuro del municipio con esperanza renovada\u00bb<\/strong>, asegur\u00f3 la Alcaldesa de Huixquilucan.<\/p>\n\n\n\n<p>La jornada se distingui\u00f3 por una <strong>ex\u00e9gesis<\/strong> de creatividad y asombro, destacando la exhibici\u00f3n de dinosaurios a escala. El escenario vibr\u00f3 con el carisma de \u00ab<strong>Lagrimita y Costel<\/strong>\u00ab, quienes fusionaron m\u00fasica y comedia para deleite de los asistentes. Asimismo, la energ\u00eda de \u00ab<strong>Las Guerreras K-Pop<\/strong>\u00bb aport\u00f3 una est\u00e9tica moderna que cautiv\u00f3 a la juventud presente. <strong>\u00abLa organizaci\u00f3n impecable permiti\u00f3 que m\u00e1s de 30 mil corazones latieran al un\u00edsono en un ambiente sano\u00bb<\/strong>, inform\u00f3 <strong>Romina Contreras<\/strong>.<\/p>\n\n\n\n<figure class=\"wp-block-image aligncenter size-medium\"><img loading=\"lazy\" decoding=\"async\" width=\"198\" height=\"300\" src=\"https:\/\/elmexiquense.vip\/wp-content\/uploads\/2026\/04\/romina-22-198x300.jpg\" alt=\"\" class=\"wp-image-43406\" srcset=\"https:\/\/elmexiquense.vip\/wp-content\/uploads\/2026\/04\/romina-22-198x300.jpg 198w, https:\/\/elmexiquense.vip\/wp-content\/uploads\/2026\/04\/romina-22.jpg 229w\" sizes=\"auto, (max-width: 198px) 100vw, 198px\" \/><\/figure>\n\n\n\n<p>La noticia ha escalado en plataformas digitales, donde medios oficiales resaltan que esta pol\u00edtica p\u00fablica es una <strong>panacea<\/strong> contra la fragmentaci\u00f3n social. La labor de <strong>Ana Luisa P\u00e9rez Aguilar<\/strong> al frente del <strong>DIF municipal<\/strong> se ha vuelto viral como ejemplo de <strong>filantrop\u00eda<\/strong> institucional. El impacto de este megaevento gratuito contin\u00faa dominando la conversaci\u00f3n p\u00fablica por su capacidad para fortalecer el tejido comunitario y priorizar la felicidad de los sectores m\u00e1s vulnerables.<\/p>\n\n\n\n<p>\u00ab<strong>Estas acciones trascienden el mero entretenimiento para convertirse en un baluarte de justicia social\u00bb<\/strong>, puntualiz\u00f3 <strong>Contreras Carrasco<\/strong>.<\/p>\n\n\n\n<figure class=\"wp-block-image aligncenter size-medium\"><img loading=\"lazy\" decoding=\"async\" width=\"300\" height=\"185\" src=\"https:\/\/elmexiquense.vip\/wp-content\/uploads\/2026\/04\/romi-1-300x185.jpg\" alt=\"\" class=\"wp-image-43404\" srcset=\"https:\/\/elmexiquense.vip\/wp-content\/uploads\/2026\/04\/romi-1-300x185.jpg 300w, https:\/\/elmexiquense.vip\/wp-content\/uploads\/2026\/04\/romi-1.jpg 650w\" sizes=\"auto, (max-width: 300px) 100vw, 300px\" \/><\/figure>\n\n\n\n<p>Observo con optimismo c\u00f3mo la inversi\u00f3n en infraestructura humana y recreativa genera un entorno <strong>laudable<\/strong> para el crecimiento. Me parece que la sinergia entre el gobierno de Huixquilucan y la ciudadan\u00eda en estos espacios dignifica el servicio p\u00fablico.<\/p>\n\n\n\n<p>La sonrisa de un infante es el mejor indicador de una sociedad que camina hacia el progreso con paso <strong>firme<\/strong>. \u00abNo hay causa que merezca m\u00e1s alta prioridad que la protecci\u00f3n y el desarrollo del ni\u00f1o\u00bb, afirm\u00f3 Kofi Annan con sabidur\u00eda <strong>perenne<\/strong>. Edificar una infancia plena es, sin duda, la garant\u00eda de un ma\u00f1ana pr\u00f3spero y lleno de luz.   <strong>#CompromisoCumplido<\/strong><\/p>\n\n\n\n<p><strong>#miangelzorro<\/strong><\/p>\n\n\n\n<p><strong>#ElMexiquenseVIP<\/strong>&nbsp;\u2013<a href=\"https:\/\/www.facebook.com\/ElMexiquenseVIP\/\"><strong>El Mexiquense VIP<\/strong><\/a><\/p>\n\n\n\n<figure class=\"wp-block-image aligncenter size-full\"><img loading=\"lazy\" decoding=\"async\" width=\"519\" height=\"309\" src=\"https:\/\/elmexiquense.vip\/wp-content\/uploads\/2026\/04\/romi-0.jpg\" alt=\"\" class=\"wp-image-43407\" srcset=\"https:\/\/elmexiquense.vip\/wp-content\/uploads\/2026\/04\/romi-0.jpg 519w, https:\/\/elmexiquense.vip\/wp-content\/uploads\/2026\/04\/romi-0-300x179.jpg 300w\" sizes=\"auto, (max-width: 519px) 100vw, 519px\" \/><\/figure>\n","protected":false},"excerpt":{"rendered":"<p>#D\u00edaDelNi\u00f1o2026 &#8211; #M\u00e9xicoUnido &#8212;&#8211; #HuixquilucanDeDegollado\u00a0#EstadoDeM\u00e9xico.-\u00a0Bajo un firmamento de j\u00fabilo y cohesi\u00f3n comunitaria, #Huixquilucan se erige como un referente de bienestar<\/p>\n","protected":false},"author":1,"featured_media":43407,"comment_status":"open","ping_status":"open","sticky":false,"template":"","format":"standard","meta":{"colormag_page_container_layout":"default_layout","colormag_page_sidebar_layout":"default_layout","rop_custom_images_group":[],"rop_custom_messages_group":[],"rop_publish_now":"no","rop_publish_now_accounts":{"facebook_102468208940364_894887317217274":""},"rop_publish_now_history":[{"account":"facebook_102468208940364_894887317217274","service":"facebook","timestamp":1776802923,"status":"success"}],"rop_publish_now_status":"done","footnotes":""},"categories":[73],"tags":[436,787,177,91,379,45,376,217,136,149,918,777,762,427,414,378,377],"class_list":["post-43402","post","type-post","status-publish","format-standard","has-post-thumbnail","hentry","category-sobresaliente","tag-cdm-pan-huixquilucan","tag-claudia-sheinbaum-pardo","tag-delfina-gomez-alvarez","tag-dif-huixquilucan","tag-en-vivo","tag-enrique-vargas-del-villar","tag-enterate","tag-gobierno-de-mexico","tag-gobierno-del-estado-de-mexico","tag-gobierno-municipal-de-huixquilucan","tag-huixquilucan-news","tag-jorge-romero-herrera","tag-miguel-angel-zorro","tag-noticias-huixquilucan","tag-romina-contreras-carrasco","tag-ultimahora","tag-ultimas-noticias"],"_links":{"self":[{"href":"https:\/\/elmexiquense.vip\/index.php?rest_route=\/wp\/v2\/posts\/43402","targetHints":{"allow":["GET"]}}],"collection":[{"href":"https:\/\/elmexiquense.vip\/index.php?rest_route=\/wp\/v2\/posts"}],"about":[{"href":"https:\/\/elmexiquense.vip\/index.php?rest_route=\/wp\/v2\/types\/post"}],"author":[{"embeddable":true,"href":"https:\/\/elmexiquense.vip\/index.php?rest_route=\/wp\/v2\/users\/1"}],"replies":[{"embeddable":true,"href":"https:\/\/elmexiquense.vip\/index.php?rest_route=%2Fwp%2Fv2%2Fcomments&post=43402"}],"version-history":[{"count":1,"href":"https:\/\/elmexiquense.vip\/index.php?rest_route=\/wp\/v2\/posts\/43402\/revisions"}],"predecessor-version":[{"id":43408,"href":"https:\/\/elmexiquense.vip\/index.php?rest_route=\/wp\/v2\/posts\/43402\/revisions\/43408"}],"wp:featuredmedia":[{"embeddable":true,"href":"https:\/\/elmexiquense.vip\/index.php?rest_route=\/wp\/v2\/media\/43407"}],"wp:attachment":[{"href":"https:\/\/elmexiquense.vip\/index.php?rest_route=%2Fwp%2Fv2%2Fmedia&parent=43402"}],"wp:term":[{"taxonomy":"category","embeddable":true,"href":"https:\/\/elmexiquense.vip\/index.php?rest_route=%2Fwp%2Fv2%2Fcategories&post=43402"},{"taxonomy":"post_tag","embeddable":true,"href":"https:\/\/elmexiquense.vip\/index.php?rest_route=%2Fwp%2Fv2%2Ftags&post=43402"}],"curies":[{"name":"wp","href":"https:\/\/api.w.org\/{rel}","templated":true}]}}