{"id":43409,"date":"2026-04-21T16:57:23","date_gmt":"2026-04-21T22:57:23","guid":{"rendered":"https:\/\/elmexiquense.vip\/?p=43409"},"modified":"2026-04-21T16:57:23","modified_gmt":"2026-04-21T22:57:23","slug":"la-pacificacion-de-ecatepec-cobra-vigor-la-probidad-tactica-de-luis-alberto-taylor-gonzalez-reduce-la-incidencia-delictiva-azucenacisneros-ecatepec","status":"publish","type":"post","link":"https:\/\/elmexiquense.vip\/?p=43409","title":{"rendered":"La pacificaci\u00f3n de Ecatepec cobra vigor: la probidad t\u00e1ctica de Luis Alberto Taylor Gonz\u00e1lez reduce la incidencia delictiva \/ @azucenacisneros @Ecatepec"},"content":{"rendered":"\n<p><strong>#JusticiaMexicana<\/strong> &#8211; <strong>#SeguridadCiudadana<\/strong> &#8212;&#8211; <strong>#EcatepecDeMorelo<\/strong>s,\u00a0<strong>#EstadoDeM\u00e9xico<\/strong>.- Bajo una visi\u00f3n de justicia y pacificaci\u00f3n que transforma el rostro de la metr\u00f3poli, <strong>#Ecatepec<\/strong> consolida un avance hist\u00f3rico en la reducci\u00f3n de la inseguridad. \u00abLa seguridad es la madre de la prosperidad\u00bb, afirm\u00f3 Benjamin Franklin, premisa que #<strong>AzucenaCisnerosCoss<\/strong> encabeza bajo el impulso de <strong>#EcatepecSeguro<\/strong> y el eco de <strong>#PazEnTerritorio<\/strong> con una determinaci\u00f3n que <strong>sublima<\/strong> el orden. Este cambio de paradigma institucional \u2014a trav\u00e9s del comisario de Seguridad Ciudadana y Tr\u00e1nsito Municipal, <strong>#LuisAlbertoTaylorGonz\u00e1lez<\/strong>\u2014 representa una victoria <strong>fehaciente<\/strong> frente al rezago delictivo que laceraba al municipio.<\/p>\n\n\n\n<p>La implementaci\u00f3n operativa, liderada con notable <strong>solercia<\/strong> por el comisario <strong>Taylor Gonz\u00e1lez<\/strong>, ha dado paso a resultados contundentes como la recuperaci\u00f3n de 142 veh\u00edculos y la detenci\u00f3n de 86 sospechosos. <strong>\u00abA trav\u00e9s de estrategias como el<\/strong> \u00ab<strong>Argos Virtual<\/strong>\u00bb y el \u00ab<strong>Operativo Intermunicipal Frontera<\/strong>\u00ab, <strong>hemos logrado una ex\u00e9gesis t\u00e1ctica del territorio\u00bb<\/strong>, explic\u00f3 el Comisario. La coordinaci\u00f3n con el gobierno de <strong>Claudia Sheinbaum Pardo<\/strong> y <strong>Delfina G\u00f3mez \u00c1lvarez<\/strong> es ya una realidad.<\/p>\n\n\n\n<p>Las plataformas digitales y medios oficiales reportan con asombro una ca\u00edda del 38% en el robo de veh\u00edculos en <strong>Ecatepec<\/strong>, cifra que se ha vuelto viral por su car\u00e1cter <strong>laudable<\/strong>. La opini\u00f3n p\u00fablica celebra la <strong>probidad<\/strong> en el manejo de las estad\u00edsticas del <strong>SESNSP<\/strong>, las cuales confirman que delitos como la extorsi\u00f3n y el homicidio han descendido de manera sostenida. <\/p>\n\n\n\n<p><strong>\u00abEn seis a\u00f1os, de 2019 a 2024, los delitos de alto impacto estuvieron al alza, los cuales durante la actual administraci\u00f3n municipal est\u00e1n a la baja. Como ejemplo, en 2019 el robo de veh\u00edculo registr\u00f3 ocho mil 681 casos y en 2025, con el actual gobierno, cerr\u00f3 con mil 791 incidentes\u00bb<\/strong>, puntualiz\u00f3<strong>Taylor Gonz\u00e1lez<\/strong>.<\/p>\n\n\n\n<figure class=\"wp-block-image aligncenter size-medium\"><img loading=\"lazy\" decoding=\"async\" width=\"300\" height=\"237\" src=\"https:\/\/elmexiquense.vip\/wp-content\/uploads\/2026\/04\/luis-1-e1776811798929-300x237.jpg\" alt=\"\" class=\"wp-image-43410\"\/><\/figure>\n\n\n\n<p><strong>\u00abLa reducci\u00f3n del 49% en extorsiones es una se\u00f1al inequ\u00edvoca de que el rumbo tomado es el correcto\u00bb<\/strong>, afirm\u00f3  <strong>Luis Alberto Taylor Gonz\u00e1lez<\/strong>.<\/p>\n\n\n\n<p>Este despliegue de inteligencia y proximidad ciudadana constituye un <strong>baluarte<\/strong> de esperanza para <strong>Ecatepec<\/strong>. Me resulta sumamente positivo constatar que la seguridad en el municipio ha dejado de ser un anhelo para ser hoy.<\/p>\n\n\n\n<p>La consolidaci\u00f3n de un entorno libre de violencia es la base de cualquier sociedad que aspire a la grandeza <strong>inmarcesible<\/strong>. \u00abNo hay mejor pol\u00edtica social que una buena pol\u00edtica de seguridad\u00bb, sentenci\u00f3 acertadamente Rudolph Giuliani con voz <strong>perenne<\/strong>. Edificar una ciudad donde el transe\u00fante camine sin zozobra es la garant\u00eda de un porvenir lleno de luz y bienestar para Ecatepec.   <strong>#Transformaci\u00f3nSocial<\/strong><\/p>\n\n\n\n<p><strong>#miangelzorro<\/strong><\/p>\n\n\n\n<p><strong>#ElMexiquenseVIP<\/strong>&nbsp;\u2013<a href=\"https:\/\/www.facebook.com\/ElMexiquenseVIP\/\"><strong>El Mexiquense VIP<\/strong><\/a><\/p>\n\n\n\n<figure class=\"wp-block-image aligncenter size-large\"><img loading=\"lazy\" decoding=\"async\" width=\"1024\" height=\"722\" src=\"https:\/\/elmexiquense.vip\/wp-content\/uploads\/2026\/04\/luis-0-e1776811838140-1024x722.jpg\" alt=\"\" class=\"wp-image-43411\"\/><\/figure>\n","protected":false},"excerpt":{"rendered":"<p>#JusticiaMexicana &#8211; #SeguridadCiudadana &#8212;&#8211; #EcatepecDeMorelos,\u00a0#EstadoDeM\u00e9xico.- Bajo una visi\u00f3n de justicia y pacificaci\u00f3n que transforma el rostro de la metr\u00f3poli, #Ecatepec<\/p>\n","protected":false},"author":1,"featured_media":43411,"comment_status":"open","ping_status":"open","sticky":false,"template":"","format":"standard","meta":{"colormag_page_container_layout":"default_layout","colormag_page_sidebar_layout":"default_layout","rop_custom_images_group":[],"rop_custom_messages_group":[],"rop_publish_now":"no","rop_publish_now_accounts":{"facebook_102468208940364_894887317217274":""},"rop_publish_now_history":[{"account":"facebook_102468208940364_894887317217274","service":"facebook","timestamp":1776812309,"status":"success"}],"rop_publish_now_status":"done","footnotes":""},"categories":[874],"tags":[88,773,755,787,177,82,379,376,184,217,136,930,770,762,254,485,435,378,377],"class_list":["post-43409","post","type-post","status-publish","format-standard","has-post-thumbnail","hentry","category-seguridad-y-proteccion-civil","tag-amlo","tag-andres-manuel-lopez-beltran","tag-azucena-cisneros-coss","tag-claudia-sheinbaum-pardo","tag-delfina-gomez-alvarez","tag-dif-ecatepec","tag-en-vivo","tag-enterate","tag-gobierno-de-ecatepec-de-morelos","tag-gobierno-de-mexico","tag-gobierno-del-estado-de-mexico","tag-luis-alberto-taylor-gonzalez","tag-luisa-maria-alcalde-lujan","tag-miguel-angel-zorro","tag-morena-ecatepec","tag-noticias-ecatepec","tag-noticias-estado-de-mexico","tag-ultimahora","tag-ultimas-noticias"],"_links":{"self":[{"href":"https:\/\/elmexiquense.vip\/index.php?rest_route=\/wp\/v2\/posts\/43409","targetHints":{"allow":["GET"]}}],"collection":[{"href":"https:\/\/elmexiquense.vip\/index.php?rest_route=\/wp\/v2\/posts"}],"about":[{"href":"https:\/\/elmexiquense.vip\/index.php?rest_route=\/wp\/v2\/types\/post"}],"author":[{"embeddable":true,"href":"https:\/\/elmexiquense.vip\/index.php?rest_route=\/wp\/v2\/users\/1"}],"replies":[{"embeddable":true,"href":"https:\/\/elmexiquense.vip\/index.php?rest_route=%2Fwp%2Fv2%2Fcomments&post=43409"}],"version-history":[{"count":1,"href":"https:\/\/elmexiquense.vip\/index.php?rest_route=\/wp\/v2\/posts\/43409\/revisions"}],"predecessor-version":[{"id":43412,"href":"https:\/\/elmexiquense.vip\/index.php?rest_route=\/wp\/v2\/posts\/43409\/revisions\/43412"}],"wp:featuredmedia":[{"embeddable":true,"href":"https:\/\/elmexiquense.vip\/index.php?rest_route=\/wp\/v2\/media\/43411"}],"wp:attachment":[{"href":"https:\/\/elmexiquense.vip\/index.php?rest_route=%2Fwp%2Fv2%2Fmedia&parent=43409"}],"wp:term":[{"taxonomy":"category","embeddable":true,"href":"https:\/\/elmexiquense.vip\/index.php?rest_route=%2Fwp%2Fv2%2Fcategories&post=43409"},{"taxonomy":"post_tag","embeddable":true,"href":"https:\/\/elmexiquense.vip\/index.php?rest_route=%2Fwp%2Fv2%2Ftags&post=43409"}],"curies":[{"name":"wp","href":"https:\/\/api.w.org\/{rel}","templated":true}]}}