{"id":43413,"date":"2026-04-21T19:50:56","date_gmt":"2026-04-22T01:50:56","guid":{"rendered":"https:\/\/elmexiquense.vip\/?p=43413"},"modified":"2026-04-21T19:50:56","modified_gmt":"2026-04-22T01:50:56","slug":"atizapan-de-zaragoza-y-coparmex-suscriben-una-alianza-estrategica-para-potenciar-la-competitividad-y-la-probidad-industrial-pedro_rvillegas-gobatizapan","status":"publish","type":"post","link":"https:\/\/elmexiquense.vip\/?p=43413","title":{"rendered":"Atizap\u00e1n de Zaragoza y COPARMEX suscriben una alianza estrat\u00e9gica para potenciar la competitividad y la probidad industrial \/ @Pedro_RVillegas @GobAtizapan"},"content":{"rendered":"\n<p><strong>#AlianzaPorElEmpleo<\/strong> &#8211; <strong>#LiderazgoEmpresarial<\/strong> &#8212;&#8211; <strong>#Atizap\u00e1nDeZaragoza<\/strong>,\u00a0<strong>#EstadoDeM\u00e9xico<\/strong>.-\u00a0 Bajo una visi\u00f3n de prosperidad que posiciona a la demarcaci\u00f3n como un referente de competitividad nacional, el Alcalde <strong>#PedroRodr\u00edguezVillegas<\/strong> suscribi\u00f3 una alianza estrat\u00e9gica con<strong> #COPARMEX<\/strong> <strong>Metropolitano<\/strong>. Este convenio busca transformar el ecosistema empresarial, garantizando que el crecimiento industrial se traduzca en una oferta de empleo sin precedentes para las familias locales. La sinergia institucional promete consolidar un entorno de confianza y certidumbre jur\u00eddica que atraiga capitales estrat\u00e9gicos hacia el territorio municipal. <strong>#Atizap\u00e1nEmprende<\/strong> <strong>#Inversi\u00f3nEdomex<\/strong><\/p>\n\n\n\n<p>La voluntad pol\u00edtica del gobierno actual se enfoca en erigir un <strong>baluarte<\/strong> de oportunidades donde la coordinaci\u00f3n con el sector privado sea la piedra angular del desarrollo. Durante el protocolo, <strong>Pedro Rodr\u00edguez<\/strong> enfatiz\u00f3 que \u00ab<strong>un municipio que pretende ser grande tiene que hacer alianza con los empresarios<\/strong>\u00ab, recordando el \u00e9xito de proyectos en <strong>M\u00e9xico Nuevo<\/strong>. Esta interacci\u00f3n constante permite que la obra p\u00fablica y la inversi\u00f3n privada converjan en un beneficio social <strong>fehaciente<\/strong>.<\/p>\n\n\n\n<figure class=\"wp-block-image aligncenter size-medium\"><img loading=\"lazy\" decoding=\"async\" width=\"300\" height=\"211\" src=\"https:\/\/elmexiquense.vip\/wp-content\/uploads\/2026\/04\/atiza-2-3-300x211.jpg\" alt=\"\" class=\"wp-image-43414\"\/><\/figure>\n\n\n\n<p>Por su parte, el Presidente de <strong>COPARMEX Metropolitano<\/strong>, <strong>Jos\u00e9 Alfonso Ramos Cardona<\/strong>, elogi\u00f3 la <strong>solercia<\/strong> administrativa de la alcald\u00eda, destacando factores como el estado de derecho y el dinamismo econ\u00f3mico. El l\u00edder empresarial reconoci\u00f3 que la visi\u00f3n de futuro que impera en la localidad la convierte en un destino id\u00f3neo para la expansi\u00f3n industrial. Este reconocimiento internacional subraya la eficacia de una gesti\u00f3n que ha sabido <strong>aquilatar<\/strong> la importancia de la seguridad jur\u00eddica.<\/p>\n\n\n\n<p>La Directora de Desarrollo Econ\u00f3mico, <strong>Patricia Alonso<\/strong>, puntualiz\u00f3 que el acuerdo descansa sobre la innovaci\u00f3n y el fortalecimiento del talento local para potenciar la contrataci\u00f3n regional. Se busca que la responsabilidad social y el crecimiento de mercado generen una <strong>panacea<\/strong> econ\u00f3mica que eleve la calidad de vida de todos los atizapenses. Esta estrategia integral asegura que el municipio mantenga una trayectoria de \u00e9xito <strong>inmarcesible<\/strong> en la escena estatal.<\/p>\n\n\n\n<p><strong>#ElMexiquenseVIP<\/strong>\u00a0\u2013<a href=\"https:\/\/www.facebook.com\/ElMexiquenseVIP\/\"><strong>El Mexiquense VIP<\/strong><\/a><\/p>\n\n\n\n<figure class=\"wp-block-image aligncenter size-large\"><img loading=\"lazy\" decoding=\"async\" width=\"1024\" height=\"620\" src=\"https:\/\/elmexiquense.vip\/wp-content\/uploads\/2026\/04\/atiza-1-4-1024x620.jpg\" alt=\"\" class=\"wp-image-43415\"\/><\/figure>\n","protected":false},"excerpt":{"rendered":"<p>#AlianzaPorElEmpleo &#8211; #LiderazgoEmpresarial &#8212;&#8211; #Atizap\u00e1nDeZaragoza,\u00a0#EstadoDeM\u00e9xico.-\u00a0 Bajo una visi\u00f3n de prosperidad que posiciona a la demarcaci\u00f3n como un referente de competitividad<\/p>\n","protected":false},"author":8,"featured_media":43415,"comment_status":"open","ping_status":"open","sticky":false,"template":"","format":"standard","meta":{"colormag_page_container_layout":"default_layout","colormag_page_sidebar_layout":"default_layout","rop_custom_images_group":[],"rop_custom_messages_group":[],"rop_publish_now":"no","rop_publish_now_accounts":{"facebook_102468208940364_894887317217274":""},"rop_publish_now_history":[{"account":"facebook_102468208940364_894887317217274","service":"facebook","timestamp":1776822679,"status":"success"}],"rop_publish_now_status":"done","footnotes":""},"categories":[29],"tags":[515,787,177,764,474,379,376,217,136,777,492,744,691,837,493,383],"class_list":["post-43413","post","type-post","status-publish","format-standard","has-post-thumbnail","hentry","category-destacados","tag-anuar-azar-figueroa","tag-claudia-sheinbaum-pardo","tag-delfina-gomez-alvarez","tag-dif-atizapan-de-zaragoza","tag-el-mexiquense-vip","tag-en-vivo","tag-enterate","tag-gobierno-de-mexico","tag-gobierno-del-estado-de-mexico","tag-jorge-romero-herrera","tag-municipio-de-atizapan-de-zaragoza","tag-noticias-atizapan-de-zaragoza","tag-patricia-arevalo-rubio","tag-paty-arevalo","tag-pedro-rodriguez-villegas","tag-ultima-hora"],"_links":{"self":[{"href":"https:\/\/elmexiquense.vip\/index.php?rest_route=\/wp\/v2\/posts\/43413","targetHints":{"allow":["GET"]}}],"collection":[{"href":"https:\/\/elmexiquense.vip\/index.php?rest_route=\/wp\/v2\/posts"}],"about":[{"href":"https:\/\/elmexiquense.vip\/index.php?rest_route=\/wp\/v2\/types\/post"}],"author":[{"embeddable":true,"href":"https:\/\/elmexiquense.vip\/index.php?rest_route=\/wp\/v2\/users\/8"}],"replies":[{"embeddable":true,"href":"https:\/\/elmexiquense.vip\/index.php?rest_route=%2Fwp%2Fv2%2Fcomments&post=43413"}],"version-history":[{"count":1,"href":"https:\/\/elmexiquense.vip\/index.php?rest_route=\/wp\/v2\/posts\/43413\/revisions"}],"predecessor-version":[{"id":43416,"href":"https:\/\/elmexiquense.vip\/index.php?rest_route=\/wp\/v2\/posts\/43413\/revisions\/43416"}],"wp:featuredmedia":[{"embeddable":true,"href":"https:\/\/elmexiquense.vip\/index.php?rest_route=\/wp\/v2\/media\/43415"}],"wp:attachment":[{"href":"https:\/\/elmexiquense.vip\/index.php?rest_route=%2Fwp%2Fv2%2Fmedia&parent=43413"}],"wp:term":[{"taxonomy":"category","embeddable":true,"href":"https:\/\/elmexiquense.vip\/index.php?rest_route=%2Fwp%2Fv2%2Fcategories&post=43413"},{"taxonomy":"post_tag","embeddable":true,"href":"https:\/\/elmexiquense.vip\/index.php?rest_route=%2Fwp%2Fv2%2Ftags&post=43413"}],"curies":[{"name":"wp","href":"https:\/\/api.w.org\/{rel}","templated":true}]}}