{"id":43482,"date":"2026-04-24T20:30:07","date_gmt":"2026-04-25T02:30:07","guid":{"rendered":"https:\/\/elmexiquense.vip\/?p=43482"},"modified":"2026-04-24T20:30:07","modified_gmt":"2026-04-25T02:30:07","slug":"isaac-montoya-marquez-celebra-el-distintivo-destino-de-reuniones-y-ennoblece-la-proyeccion-internacional-de-naucalpan-isaacsolar-gobnau","status":"publish","type":"post","link":"https:\/\/elmexiquense.vip\/?p=43482","title":{"rendered":"Isaac Montoya M\u00e1rquez celebra el distintivo \u00abDestino de Reuniones\u00bb y ennoblece la proyecci\u00f3n internacional de Naucalpan \/ @isaacsolar @GobNau >>>"},"content":{"rendered":"\n<p>(<strong>#TurismoDeReuniones<\/strong> &#8211; <strong>#NaucalpanBrilla<\/strong>) &#8212;&#8211; \u00a0<strong>#NaucalpanDeJu\u00e1rez<\/strong>,\u00a0<strong>#EstadoDeM\u00e9xico<\/strong>.-\u00a0En un acto solemne, <strong>#Naucalpan<\/strong> fue distinguido como #<strong>DestinoDeReuniones<\/strong>, consolidando su infraestructura y conectividad para recibir convenciones y encuentros corporativos. \u201cEl turismo es la industria sin chimeneas\u201d (\u00c1ngel Ramos). El alcalde <strong>#IsaacMontoyaM\u00e1rquez<\/strong> encabez\u00f3 la ceremonia acompa\u00f1ado de autoridades estatales y municipales, destacando que, <strong>\u00abeste reconocimiento permitir\u00e1 profundizar el desarrollo econ\u00f3mico y social del municipio\u00bb<\/strong>. La ceremonia, marcada por la presencia de empresarios y representantes de c\u00e1maras de comercio, reafirm\u00f3 la vocaci\u00f3n tur\u00edstica de la ciudad <strong>#TurismoDeReuniones #NaucalpanBrilla<\/strong>. Con ello, se abre un nuevo cap\u00edtulo en la proyecci\u00f3n de Naucalpan como motor de prosperidad compartida.<\/p>\n\n\n\n<p>El distintivo fue entregado por la Secretar\u00eda de Cultura y Turismo del Estado de M\u00e9xico, encabezada por <strong>Nelly Carrasco God\u00ednez<\/strong>, quien subray\u00f3 que hablar de Naucalpan es hablar de un destino hecho a mano, con historia, tradiciones y riqueza cultural. <strong>\u00abRefrendamos nuestro compromiso de trabajar con sectores empresariales y sociales para devolverle el brillo al municipio, fortaleciendo su identidad y su capacidad de atraer turismo responsable y sostenible\u00bb<\/strong>, asegur\u00f3 el Alcalde de Naucalpan.<\/p>\n\n\n\n<p>La reflexi\u00f3n sobre este reconocimiento cobra mayor relevancia al considerar que, en los \u00faltimos meses, diversos municipios del pa\u00eds han intensificado su promoci\u00f3n tur\u00edstica con ferias internacionales y congresos especializados. De manera adicional, se ha difundido informaci\u00f3n reciente sobre el crecimiento del turismo de negocios en Naucalpan, que se ha convertido en un pilar estrat\u00e9gico para la econom\u00eda regional.<\/p>\n\n\n\n<figure class=\"wp-block-image aligncenter size-medium\"><img loading=\"lazy\" decoding=\"async\" width=\"300\" height=\"203\" src=\"https:\/\/elmexiquense.vip\/wp-content\/uploads\/2026\/04\/isa-2-5-300x203.jpg\" alt=\"\" class=\"wp-image-43484\" srcset=\"https:\/\/elmexiquense.vip\/wp-content\/uploads\/2026\/04\/isa-2-5-300x203.jpg 300w, https:\/\/elmexiquense.vip\/wp-content\/uploads\/2026\/04\/isa-2-5-1024x694.jpg 1024w, https:\/\/elmexiquense.vip\/wp-content\/uploads\/2026\/04\/isa-2-5-768x521.jpg 768w, https:\/\/elmexiquense.vip\/wp-content\/uploads\/2026\/04\/isa-2-5-600x407.jpg 600w, https:\/\/elmexiquense.vip\/wp-content\/uploads\/2026\/04\/isa-2-5.jpg 1280w\" sizes=\"auto, (max-width: 300px) 100vw, 300px\" \/><\/figure>\n\n\n\n<p><strong>\u00abEste ceremonia es un ejemplo de c\u00f3mo la gesti\u00f3n p\u00fablica y el empresariado pueden transformar la vocaci\u00f3n de un municipio, como Naucalpan\u00bb<\/strong>, puntualiz\u00f3 <strong>Isaac Montoya<\/strong>. <\/p>\n\n\n\n<p>Me resulta alentador ver c\u00f3mo se materializa el compromiso de las autoridades en beneficios tangibles para la poblaci\u00f3n, fortaleciendo la confianza ciudadana y proyectando a Naucalpan como un referente de modernidad y tradici\u00f3n.<\/p>\n\n\n\n<p>\u201cEl turismo es la libertad de descubrir\u201d (Paulo Coelho). Con esta premisa, Naucalpan reafirma su identidad y se proyecta como un destino que conjuga historia, cultura y desarrollo econ\u00f3mico.<\/p>\n\n\n\n<p><strong>#miangelzorro<\/strong><\/p>\n\n\n\n<p><strong>#ElMexiquenseVIP<\/strong>\u00a0\u2013<a href=\"https:\/\/www.facebook.com\/ElMexiquenseVIP\/\"><strong>El Mexiquense VIP<\/strong><\/a><\/p>\n\n\n\n<figure class=\"wp-block-image aligncenter size-large\"><img loading=\"lazy\" decoding=\"async\" width=\"1024\" height=\"694\" src=\"https:\/\/elmexiquense.vip\/wp-content\/uploads\/2026\/04\/isa-3-1024x694.jpg\" alt=\"\" class=\"wp-image-43483\"\/><\/figure>\n","protected":false},"excerpt":{"rendered":"<p>(#TurismoDeReuniones &#8211; #NaucalpanBrilla) &#8212;&#8211; \u00a0#NaucalpanDeJu\u00e1rez,\u00a0#EstadoDeM\u00e9xico.-\u00a0En un acto solemne, #Naucalpan fue distinguido como #DestinoDeReuniones, consolidando su infraestructura y conectividad para recibir<\/p>\n","protected":false},"author":1,"featured_media":43483,"comment_status":"open","ping_status":"open","sticky":false,"template":"","format":"standard","meta":{"colormag_page_container_layout":"default_layout","colormag_page_sidebar_layout":"default_layout","rop_custom_images_group":[],"rop_custom_messages_group":[],"rop_publish_now":"no","rop_publish_now_accounts":{"facebook_102468208940364_894887317217274":""},"rop_publish_now_history":[{"account":"facebook_102468208940364_894887317217274","service":"facebook","timestamp":1777084230,"status":"success"}],"rop_publish_now_status":"done","footnotes":""},"categories":[29],"tags":[787,177,105,474,379,376,217,136,575,788,770,898,766,897,383],"class_list":["post-43482","post","type-post","status-publish","format-standard","has-post-thumbnail","hentry","category-destacados","tag-claudia-sheinbaum-pardo","tag-delfina-gomez-alvarez","tag-dif-naucalpan","tag-el-mexiquense-vip","tag-en-vivo","tag-enterate","tag-gobierno-de-mexico","tag-gobierno-del-estado-de-mexico","tag-gobierno-municipal-de-naucalpan-de-juarez","tag-isaac-montoya-marquez","tag-luisa-maria-alcalde-lujan","tag-naucalpan-news","tag-noticias-naucalpan","tag-turismo-naucalpan","tag-ultima-hora"],"_links":{"self":[{"href":"https:\/\/elmexiquense.vip\/index.php?rest_route=\/wp\/v2\/posts\/43482","targetHints":{"allow":["GET"]}}],"collection":[{"href":"https:\/\/elmexiquense.vip\/index.php?rest_route=\/wp\/v2\/posts"}],"about":[{"href":"https:\/\/elmexiquense.vip\/index.php?rest_route=\/wp\/v2\/types\/post"}],"author":[{"embeddable":true,"href":"https:\/\/elmexiquense.vip\/index.php?rest_route=\/wp\/v2\/users\/1"}],"replies":[{"embeddable":true,"href":"https:\/\/elmexiquense.vip\/index.php?rest_route=%2Fwp%2Fv2%2Fcomments&post=43482"}],"version-history":[{"count":1,"href":"https:\/\/elmexiquense.vip\/index.php?rest_route=\/wp\/v2\/posts\/43482\/revisions"}],"predecessor-version":[{"id":43485,"href":"https:\/\/elmexiquense.vip\/index.php?rest_route=\/wp\/v2\/posts\/43482\/revisions\/43485"}],"wp:featuredmedia":[{"embeddable":true,"href":"https:\/\/elmexiquense.vip\/index.php?rest_route=\/wp\/v2\/media\/43483"}],"wp:attachment":[{"href":"https:\/\/elmexiquense.vip\/index.php?rest_route=%2Fwp%2Fv2%2Fmedia&parent=43482"}],"wp:term":[{"taxonomy":"category","embeddable":true,"href":"https:\/\/elmexiquense.vip\/index.php?rest_route=%2Fwp%2Fv2%2Fcategories&post=43482"},{"taxonomy":"post_tag","embeddable":true,"href":"https:\/\/elmexiquense.vip\/index.php?rest_route=%2Fwp%2Fv2%2Ftags&post=43482"}],"curies":[{"name":"wp","href":"https:\/\/api.w.org\/{rel}","templated":true}]}}