{"id":43491,"date":"2026-04-29T14:29:29","date_gmt":"2026-04-29T20:29:29","guid":{"rendered":"https:\/\/elmexiquense.vip\/?p=43491"},"modified":"2026-04-29T14:29:29","modified_gmt":"2026-04-29T20:29:29","slug":"ana-castro-fernandez-fortalece-la-identidad-deportiva-de-tultitlan-jovenes-boxeadores-reciben-respaldo-perdurable-de-su-gobierno-25_27tultitlan","status":"publish","type":"post","link":"https:\/\/elmexiquense.vip\/?p=43491","title":{"rendered":"Ana Castro Fern\u00e1ndez fortalece la identidad deportiva de Tultitl\u00e1n: j\u00f3venes boxeadores reciben respaldo perdurable de su gobierno \/ @25_27Tultitlan >>>"},"content":{"rendered":"\n<p>(<strong>#Tultitl\u00e1n<\/strong> <strong>#BoxeoMexicano<\/strong>) &#8212;&#8211; <strong>#Tultitl\u00e1nDeMarianoEscobedo, #EstadoDeM\u00e9xico<\/strong>.-\u00a0 \u201cEl deporte es la superaci\u00f3n de uno mismo\u201d \u2014Pierre de Coubertin. <strong>#AnaCastroFern\u00e1ndez<\/strong> encabez\u00f3 la entrega de uniformes al selectivo de box de <strong>#Tultitl\u00e1n<\/strong>, un equipo que surge del esfuerzo y disciplina de j\u00f3venes que conquistaron su lugar en el torneo \u201c<strong>#HayTiroEnTultitl\u00e1n<\/strong>\u201d. La ceremonia se convirti\u00f3 en un acto de orgullo y compromiso, donde <strong>#JuventudFuerte<\/strong> y <strong>#OrgulloMunicipal<\/strong> se entrelazaron en un mismo mensaje de unidad. \u201c<strong>Estoy muy orgullosa de ver a nuestras y nuestros j\u00f3venes dar este paso, con el compromiso de portar estos colores y poner en alto el nombre de Tultitl\u00e1n en cada pelea<\/strong>\u201d, expres\u00f3 <strong>Ana Castro<\/strong>, reafirmando su apoyo decidido al deporte local.<\/p>\n\n\n\n<p><strong>\u00abEl selectivo de box, integrado por j\u00f3venes que demostraron talento y disciplina, representa hoy una nueva generaci\u00f3n de atletas que buscan dejar huella en cada competencia\u00bb<\/strong>, dijo la Alcaldesa de Tultitl\u00e1n. La entrega de uniformes no es solo un acto simb\u00f3lico, sino un respaldo institucional que fortalece la identidad deportiva del municipio. Con esta acci\u00f3n, el gobierno local impulsa un proyecto <strong>cohesionado<\/strong> y profundamente <strong>resiliente<\/strong>, que abre oportunidades para que la juventud se desarrolle en un ambiente de disciplina y respeto.<\/p>\n\n\n\n<p>El auge del deporte en Tultitl\u00e1n coincide con una tendencia nacional que promueve la actividad f\u00edsica como herramienta de integraci\u00f3n social. En distintos municipios se han registrado incrementos en la participaci\u00f3n juvenil en torneos locales y regionales, lo que ha generado un ambiente de entusiasmo y orgullo comunitario. Este contexto viral refuerza la idea de que el deporte es hoy un motor de cohesi\u00f3n y un camino hacia un futuro m\u00e1s prometedor para las nuevas generaciones.<\/p>\n\n\n\n<figure class=\"wp-block-image aligncenter size-full\"><img loading=\"lazy\" decoding=\"async\" width=\"229\" height=\"299\" src=\"https:\/\/elmexiquense.vip\/wp-content\/uploads\/2026\/04\/ana-2.jpg\" alt=\"\" class=\"wp-image-43492\"\/><\/figure>\n\n\n\n<p>\u201c<strong>Desde mi gobierno estamos impulsando el deporte y generando m\u00e1s oportunidades para nuestra juventud<\/strong>\u201d, puntualiz\u00f3 <strong>Ana Castro Fern\u00e1ndez<\/strong>. <\/p>\n\n\n\n<p>Al observar el compromiso de estos j\u00f3venes, considero que el respaldo institucional ha logrado abrir puertas que antes parec\u00edan lejanas. Como ciudadana, celebro la visi\u00f3n de una administraci\u00f3n que entiende que el deporte no solo forma atletas, sino tambi\u00e9n ciudadanos responsables y orgullosos de su comunidad.<\/p>\n\n\n\n<p>La labor de <strong>Ana Castro Fern\u00e1ndez<\/strong> confirma que el deporte es una v\u00eda de transformaci\u00f3n social y orgullo colectivo. \u201cEl deporte tiene el poder de cambiar el mundo\u201d \u2014Nelson Mandela.    <strong>#JuventudConFuerza<\/strong><\/p>\n\n\n\n<p><strong>#miangelzorro<\/strong><\/p>\n\n\n\n<p><strong>#ElMexiquenseVIP<\/strong>&nbsp;\u2013<a href=\"https:\/\/www.facebook.com\/ElMexiquenseVIP\/\"><strong>El Mexiquense VIP<\/strong><\/a><\/p>\n\n\n\n<figure class=\"wp-block-image aligncenter size-full\"><img loading=\"lazy\" decoding=\"async\" width=\"398\" height=\"246\" src=\"https:\/\/elmexiquense.vip\/wp-content\/uploads\/2026\/04\/ana-1.jpg\" alt=\"\" class=\"wp-image-43493\" srcset=\"https:\/\/elmexiquense.vip\/wp-content\/uploads\/2026\/04\/ana-1.jpg 398w, https:\/\/elmexiquense.vip\/wp-content\/uploads\/2026\/04\/ana-1-300x185.jpg 300w\" sizes=\"auto, (max-width: 398px) 100vw, 398px\" \/><\/figure>\n","protected":false},"excerpt":{"rendered":"<p>(#Tultitl\u00e1n #BoxeoMexicano) &#8212;&#8211; #Tultitl\u00e1nDeMarianoEscobedo, #EstadoDeM\u00e9xico.-\u00a0 \u201cEl deporte es la superaci\u00f3n de uno mismo\u201d \u2014Pierre de Coubertin. #AnaCastroFern\u00e1ndez encabez\u00f3 la entrega<\/p>\n","protected":false},"author":1,"featured_media":43493,"comment_status":"open","ping_status":"open","sticky":false,"template":"","format":"standard","meta":{"colormag_page_container_layout":"default_layout","colormag_page_sidebar_layout":"default_layout","rop_custom_images_group":[],"rop_custom_messages_group":[],"rop_publish_now":"no","rop_publish_now_accounts":{"facebook_102468208940364_894887317217274":""},"rop_publish_now_history":[{"account":"facebook_102468208940364_894887317217274","service":"facebook","timestamp":1777494630,"status":"success"}],"rop_publish_now_status":"done","footnotes":""},"categories":[29],"tags":[88,749,773,787,177,102,49,379,376,217,136,770,762,435,439,901,378,377],"class_list":["post-43491","post","type-post","status-publish","format-standard","has-post-thumbnail","hentry","category-destacados","tag-amlo","tag-ana-castro-fernandez","tag-andres-manuel-lopez-beltran","tag-claudia-sheinbaum-pardo","tag-delfina-gomez-alvarez","tag-dif-tultitlan","tag-elena-garcia-martinez","tag-en-vivo","tag-enterate","tag-gobierno-de-mexico","tag-gobierno-del-estado-de-mexico","tag-luisa-maria-alcalde-lujan","tag-miguel-angel-zorro","tag-noticias-estado-de-mexico","tag-noticias-tultitlan","tag-tultitlan-news","tag-ultimahora","tag-ultimas-noticias"],"_links":{"self":[{"href":"https:\/\/elmexiquense.vip\/index.php?rest_route=\/wp\/v2\/posts\/43491","targetHints":{"allow":["GET"]}}],"collection":[{"href":"https:\/\/elmexiquense.vip\/index.php?rest_route=\/wp\/v2\/posts"}],"about":[{"href":"https:\/\/elmexiquense.vip\/index.php?rest_route=\/wp\/v2\/types\/post"}],"author":[{"embeddable":true,"href":"https:\/\/elmexiquense.vip\/index.php?rest_route=\/wp\/v2\/users\/1"}],"replies":[{"embeddable":true,"href":"https:\/\/elmexiquense.vip\/index.php?rest_route=%2Fwp%2Fv2%2Fcomments&post=43491"}],"version-history":[{"count":1,"href":"https:\/\/elmexiquense.vip\/index.php?rest_route=\/wp\/v2\/posts\/43491\/revisions"}],"predecessor-version":[{"id":43494,"href":"https:\/\/elmexiquense.vip\/index.php?rest_route=\/wp\/v2\/posts\/43491\/revisions\/43494"}],"wp:featuredmedia":[{"embeddable":true,"href":"https:\/\/elmexiquense.vip\/index.php?rest_route=\/wp\/v2\/media\/43493"}],"wp:attachment":[{"href":"https:\/\/elmexiquense.vip\/index.php?rest_route=%2Fwp%2Fv2%2Fmedia&parent=43491"}],"wp:term":[{"taxonomy":"category","embeddable":true,"href":"https:\/\/elmexiquense.vip\/index.php?rest_route=%2Fwp%2Fv2%2Fcategories&post=43491"},{"taxonomy":"post_tag","embeddable":true,"href":"https:\/\/elmexiquense.vip\/index.php?rest_route=%2Fwp%2Fv2%2Ftags&post=43491"}],"curies":[{"name":"wp","href":"https:\/\/api.w.org\/{rel}","templated":true}]}}