{"id":43503,"date":"2026-04-29T15:13:23","date_gmt":"2026-04-29T21:13:23","guid":{"rendered":"https:\/\/elmexiquense.vip\/?p=43503"},"modified":"2026-04-29T15:13:23","modified_gmt":"2026-04-29T21:13:23","slug":"cuautitlan-izcalli-logra-el-mes-mas-seguro-en-once-anos-gracias-a-politicas-de-coordinacion-interinstitucional-daniel_ser-gobizcalli","status":"publish","type":"post","link":"https:\/\/elmexiquense.vip\/?p=43503","title":{"rendered":"Cuautitl\u00e1n Izcalli logra el mes m\u00e1s seguro en once a\u00f1os gracias a pol\u00edticas de coordinaci\u00f3n interinstitucional \/ @daniel_ser @GobIzcalli >>>"},"content":{"rendered":"\n<p>(<strong>#SeguridadCiudadana &#8211; #Cuautitl\u00e1nIzcalliAvanza<\/strong>) &#8212;&#8211; <strong>#Cuautitl\u00e1nIzcalli<\/strong>,\u00a0#<strong>EstadoDeM\u00e9xico<\/strong>.-\u00a0En la conferencia \u201c<strong>#ElPoderDelPueblo<\/strong>\u201d, el alcalde <strong>#DanielSerranoPalacios<\/strong> anunci\u00f3 que marzo de 2026 se convirti\u00f3 en el mes menos violento de los \u00faltimos once a\u00f1os en <strong>Cuautitl\u00e1n Izcalli<\/strong>, gracias a la reducci\u00f3n sostenida en la incidencia delictiva. Con cifras oficiales del <strong>Secretariado Ejecutivo del<\/strong> <strong>#SistemaNacionalDeSeguridadP\u00fablica<\/strong>, se reportaron 1,210 eventos delictivos generales, lo que representa una disminuci\u00f3n del 16% respecto a 2023 y un 9% frente al mismo mes de 2025. Este logro refleja la efectividad de las pol\u00edticas de seguridad implementadas en coordinaci\u00f3n con autoridades estatales y federales.<\/p>\n\n\n\n<p>La estad\u00edstica muestra que los delitos de alto impacto descendieron de 670 a 517 incidentes, consolidando una baja del 23% en el periodo analizado. Entre los rubros m\u00e1s destacados se encuentran las lesiones dolosas, que pasaron de 167 a 120 casos, y el homicidio doloso, que se redujo de 11 a 3 lamentables agresiones.<\/p>\n\n\n\n<p>Asimismo, el robo en transporte p\u00fablico disminuy\u00f3 de 116 a 97 incidentes, mientras que el robo a negocio pas\u00f3 de 88 a 69. Estos indicadores reflejan un cambio positivo en la percepci\u00f3n de seguridad y fortalecen la confianza ciudadana en las acciones emprendidas por el Gobierno Municipal.<\/p>\n\n\n\n<figure class=\"wp-block-image aligncenter size-medium\"><img loading=\"lazy\" decoding=\"async\" width=\"300\" height=\"269\" src=\"https:\/\/elmexiquense.vip\/wp-content\/uploads\/2026\/04\/dani-2-3-e1777497003223-300x269.jpg\" alt=\"\" class=\"wp-image-43504\" srcset=\"https:\/\/elmexiquense.vip\/wp-content\/uploads\/2026\/04\/dani-2-3-e1777497003223-300x269.jpg 300w, https:\/\/elmexiquense.vip\/wp-content\/uploads\/2026\/04\/dani-2-3-e1777497003223-768x690.jpg 768w, https:\/\/elmexiquense.vip\/wp-content\/uploads\/2026\/04\/dani-2-3-e1777497003223.jpg 950w\" sizes=\"auto, (max-width: 300px) 100vw, 300px\" \/><\/figure>\n\n\n\n<p>La reducci\u00f3n delictiva se suma a un contexto nacional en el que diversas ciudades mexicanas han reportado avances en materia de seguridad p\u00fablica. De manera reciente, se inform\u00f3 que el Estado de M\u00e9xico alcanz\u00f3 un r\u00e9cord en la disminuci\u00f3n de robos con violencia durante el primer trimestre de 2026, lo que refuerza la tendencia de mejora en la regi\u00f3n y proyecta un impacto favorable en la calidad de vida de los habitantes.<\/p>\n\n\n\n<p>Con estos resultados, <strong>Cuautitl\u00e1n Izcalli<\/strong> se consolida como un referente en pol\u00edticas de seguridad municipal, reafirmando su compromiso de mantener la paz y el bienestar de la ciudadan\u00eda en colaboraci\u00f3n con las instituciones estatales y federales.<\/p>\n\n\n\n<p><strong>#ElMexiquenseVIP<\/strong>\u00a0\u2013<a href=\"https:\/\/www.facebook.com\/ElMexiquenseVIP\/\"><strong>El Mexiquense VIP<\/strong><\/a><\/p>\n\n\n\n<figure class=\"wp-block-image aligncenter size-large\"><img loading=\"lazy\" decoding=\"async\" width=\"1024\" height=\"633\" src=\"https:\/\/elmexiquense.vip\/wp-content\/uploads\/2026\/04\/dani-1-2-e1777497039471-1024x633.jpg\" alt=\"\" class=\"wp-image-43505\"\/><\/figure>\n","protected":false},"excerpt":{"rendered":"<p>(#SeguridadCiudadana &#8211; #Cuautitl\u00e1nIzcalliAvanza) &#8212;&#8211; #Cuautitl\u00e1nIzcalli,\u00a0#EstadoDeM\u00e9xico.-\u00a0En la conferencia \u201c#ElPoderDelPueblo\u201d, el alcalde #DanielSerranoPalacios anunci\u00f3 que marzo de 2026 se convirti\u00f3 en el<\/p>\n","protected":false},"author":8,"featured_media":43505,"comment_status":"open","ping_status":"open","sticky":false,"template":"","format":"standard","meta":{"colormag_page_container_layout":"default_layout","colormag_page_sidebar_layout":"default_layout","rop_custom_images_group":[],"rop_custom_messages_group":[],"rop_publish_now":"no","rop_publish_now_accounts":{"facebook_102468208940364_894887317217274":""},"rop_publish_now_history":[{"account":"facebook_102468208940364_894887317217274","service":"facebook","timestamp":1777497221,"status":"success"}],"rop_publish_now_status":"done","footnotes":""},"categories":[73],"tags":[88,787,900,758,177,100,474,379,376,217,136,613,770,762,688,435,899,383],"class_list":["post-43503","post","type-post","status-publish","format-standard","has-post-thumbnail","hentry","category-sobresaliente","tag-amlo","tag-claudia-sheinbaum-pardo","tag-cuautitlan-izcalli-news","tag-daniel-serrano-palacios","tag-delfina-gomez-alvarez","tag-dif-cuautitlan-izcalli","tag-el-mexiquense-vip","tag-en-vivo","tag-enterate","tag-gobierno-de-mexico","tag-gobierno-del-estado-de-mexico","tag-gobierno-municipal-de-cuautitlan-izcalli","tag-luisa-maria-alcalde-lujan","tag-miguel-angel-zorro","tag-noticias-cuautitlan-izcalli","tag-noticias-estado-de-mexico","tag-turismo-cuautitlan-izcalli","tag-ultima-hora"],"_links":{"self":[{"href":"https:\/\/elmexiquense.vip\/index.php?rest_route=\/wp\/v2\/posts\/43503","targetHints":{"allow":["GET"]}}],"collection":[{"href":"https:\/\/elmexiquense.vip\/index.php?rest_route=\/wp\/v2\/posts"}],"about":[{"href":"https:\/\/elmexiquense.vip\/index.php?rest_route=\/wp\/v2\/types\/post"}],"author":[{"embeddable":true,"href":"https:\/\/elmexiquense.vip\/index.php?rest_route=\/wp\/v2\/users\/8"}],"replies":[{"embeddable":true,"href":"https:\/\/elmexiquense.vip\/index.php?rest_route=%2Fwp%2Fv2%2Fcomments&post=43503"}],"version-history":[{"count":1,"href":"https:\/\/elmexiquense.vip\/index.php?rest_route=\/wp\/v2\/posts\/43503\/revisions"}],"predecessor-version":[{"id":43506,"href":"https:\/\/elmexiquense.vip\/index.php?rest_route=\/wp\/v2\/posts\/43503\/revisions\/43506"}],"wp:featuredmedia":[{"embeddable":true,"href":"https:\/\/elmexiquense.vip\/index.php?rest_route=\/wp\/v2\/media\/43505"}],"wp:attachment":[{"href":"https:\/\/elmexiquense.vip\/index.php?rest_route=%2Fwp%2Fv2%2Fmedia&parent=43503"}],"wp:term":[{"taxonomy":"category","embeddable":true,"href":"https:\/\/elmexiquense.vip\/index.php?rest_route=%2Fwp%2Fv2%2Fcategories&post=43503"},{"taxonomy":"post_tag","embeddable":true,"href":"https:\/\/elmexiquense.vip\/index.php?rest_route=%2Fwp%2Fv2%2Ftags&post=43503"}],"curies":[{"name":"wp","href":"https:\/\/api.w.org\/{rel}","templated":true}]}}