{"id":43507,"date":"2026-04-29T19:27:05","date_gmt":"2026-04-30T01:27:05","guid":{"rendered":"https:\/\/elmexiquense.vip\/?p=43507"},"modified":"2026-04-29T19:27:05","modified_gmt":"2026-04-30T01:27:05","slug":"isaac-montoya-marquez-impulsa-la-metamorfosis-de-naucalpan-y-celebra-la-ninez-como-emblema-de-esperanza-isaacsolar-gobnau","status":"publish","type":"post","link":"https:\/\/elmexiquense.vip\/?p=43507","title":{"rendered":"Isaac Montoya M\u00e1rquez impulsa la metamorfosis de Naucalpan y celebra la ni\u00f1ez como emblema de esperanza \/ @isaacsolar @GobNau >>>"},"content":{"rendered":"\n<p>(<strong>#NaucalpanTransforma &#8211; #FuerzaCiudadana<\/strong>) &#8212;&#8211; <strong>#NaucalpanDeJu\u00e1rez<\/strong>,\u00a0<strong>#EstadoDeM\u00e9xico<\/strong>.-\u00a0En un emotivo encuentro con vecinos de <strong>#IzcalliChamapa<\/strong>, el alcalde <strong>#IsaacMontoyaM\u00e1rquez<\/strong> record\u00f3 que \u201cla pol\u00edtica es la ciencia de servir\u201d \u2014Arist\u00f3teles\u2014, evocando sus inicio y la confianza que le otorgaron los ciudadanos. El protagonista de la jornada fue <strong>el Montoya M\u00e1rquez<\/strong>, quien destac\u00f3 que los habitantes son su \u201craz\u00f3n de ser, de hacer y de existir\u201d. Con un mensaje cargado de esperanza, subray\u00f3 que <strong>#UnidadSocial<\/strong> y <strong>#BienestarCom\u00fan<\/strong> son los pilares de su gesti\u00f3n. <strong>\u201cVean hasta d\u00f3nde hemos llegado, este avance no es el triunfo de una persona, sino el \u00e9xito de una comunidad entera\u201d<\/strong>, expres\u00f3 con firmeza <strong>el Alcalde de Naucalpan<\/strong>.<\/p>\n\n\n\n<p>El evento estuvo marcado por un ambiente de gratitud y cercan\u00eda, donde el edil reconoci\u00f3 el apoyo recibido en los momentos m\u00e1s inciertos de su trayectoria. La presencia de la presidenta honoraria del DIF, <strong>Adriana Garc\u00eda<\/strong>, y de autoridades auxiliares reforz\u00f3 el car\u00e1cter institucional de la jornada, que incluy\u00f3 la rifa de obsequios como s\u00edmbolo de uni\u00f3n comunitaria.<\/p>\n\n\n\n<p>Durante su mensaje, el alcalde destac\u00f3 que, <strong>\u00abla importancia de la ni\u00f1ez como eje central de las pol\u00edticas p\u00fablicas, asegurando que cada acci\u00f3n de su gobierno est\u00e1 pensada en su bienestar\u00bb<\/strong>. Durante el festival, el Gobierno Municipal despleg\u00f3 una agenda enfocada en el entretenimiento y el bienestar infantil. Entre las atracciones principales destacaron: la entrega de aperitivos y botanas para todos los asistentes; el acceso ilimitado a juegos mec\u00e1nicos; las presentaciones de la \u00abPatrulla de la Risa\u00bb y las din\u00e1micas de grupo y estaciones de \u00abpinta caritas\u00bb.<\/p>\n\n\n\n<figure class=\"wp-block-image aligncenter size-medium\"><img loading=\"lazy\" decoding=\"async\" width=\"300\" height=\"248\" src=\"https:\/\/elmexiquense.vip\/wp-content\/uploads\/2026\/04\/isa-2-6-e1777511593407-300x248.jpg\" alt=\"\" class=\"wp-image-43508\"\/><\/figure>\n\n\n\n<p><strong>\u201cLograr la transformaci\u00f3n de Naucalpan requiere que la ciudadan\u00eda asuma un papel proactivo de unirnos, conocernos y juntos jalar la carreta para sacarla del hoyo\u201d, <\/strong>afirm\u00f3<strong> Isaac Montoya M\u00e1rquez.<\/strong> <\/p>\n\n\n\n<p>Como ciudadano, celebro este compromiso porque refleja un liderazgo aut\u00e9ntico que entiende la importancia de la comunidad. Me parece inspirador que se priorice a la ni\u00f1ez y se trabaje incansablemente por un municipio m\u00e1s justo y con mejores condiciones de vida.<\/p>\n\n\n\n<p>La conclusi\u00f3n de esta jornada reafirma que <strong><strong>Isaac Montoya M\u00e1rquez<\/strong><\/strong> encarna la convicci\u00f3n de que el progreso es fruto de la uni\u00f3n social. \u201cLa gratitud es la memoria del coraz\u00f3n\u201d \u2014Jean-Baptiste Massieu\u2014, y este mensaje se convierte en la esencia de un liderazgo que busca trascender. <strong>#NaucalpanAvanza<\/strong><\/p>\n\n\n\n<p><strong>#miangelzorro<\/strong><\/p>\n\n\n\n<p><strong>#ElMexiquenseVIP<\/strong>&nbsp;\u2013<a href=\"https:\/\/www.facebook.com\/ElMexiquenseVIP\/\"><strong>El Mexiquense VIP<\/strong><\/a><\/p>\n\n\n\n<figure class=\"wp-block-image aligncenter size-large\"><img loading=\"lazy\" decoding=\"async\" width=\"1024\" height=\"759\" src=\"https:\/\/elmexiquense.vip\/wp-content\/uploads\/2026\/04\/isa-1-6-e1777512124152-1024x759.jpg\" alt=\"\" class=\"wp-image-43509\"\/><\/figure>\n","protected":false},"excerpt":{"rendered":"<p>(#NaucalpanTransforma &#8211; #FuerzaCiudadana) &#8212;&#8211; #NaucalpanDeJu\u00e1rez,\u00a0#EstadoDeM\u00e9xico.-\u00a0En un emotivo encuentro con vecinos de #IzcalliChamapa, el alcalde #IsaacMontoyaM\u00e1rquez record\u00f3 que \u201cla pol\u00edtica es<\/p>\n","protected":false},"author":1,"featured_media":43509,"comment_status":"open","ping_status":"open","sticky":false,"template":"","format":"standard","meta":{"colormag_page_container_layout":"default_layout","colormag_page_sidebar_layout":"default_layout","rop_custom_images_group":[],"rop_custom_messages_group":[],"rop_publish_now":"no","rop_publish_now_accounts":{"facebook_102468208940364_894887317217274":""},"rop_publish_now_history":[{"account":"facebook_102468208940364_894887317217274","service":"facebook","timestamp":1777512445,"status":"success"}],"rop_publish_now_status":"done","footnotes":""},"categories":[29],"tags":[787,177,105,474,379,376,217,136,575,788,898,766,897,383],"class_list":["post-43507","post","type-post","status-publish","format-standard","has-post-thumbnail","hentry","category-destacados","tag-claudia-sheinbaum-pardo","tag-delfina-gomez-alvarez","tag-dif-naucalpan","tag-el-mexiquense-vip","tag-en-vivo","tag-enterate","tag-gobierno-de-mexico","tag-gobierno-del-estado-de-mexico","tag-gobierno-municipal-de-naucalpan-de-juarez","tag-isaac-montoya-marquez","tag-naucalpan-news","tag-noticias-naucalpan","tag-turismo-naucalpan","tag-ultima-hora"],"_links":{"self":[{"href":"https:\/\/elmexiquense.vip\/index.php?rest_route=\/wp\/v2\/posts\/43507","targetHints":{"allow":["GET"]}}],"collection":[{"href":"https:\/\/elmexiquense.vip\/index.php?rest_route=\/wp\/v2\/posts"}],"about":[{"href":"https:\/\/elmexiquense.vip\/index.php?rest_route=\/wp\/v2\/types\/post"}],"author":[{"embeddable":true,"href":"https:\/\/elmexiquense.vip\/index.php?rest_route=\/wp\/v2\/users\/1"}],"replies":[{"embeddable":true,"href":"https:\/\/elmexiquense.vip\/index.php?rest_route=%2Fwp%2Fv2%2Fcomments&post=43507"}],"version-history":[{"count":1,"href":"https:\/\/elmexiquense.vip\/index.php?rest_route=\/wp\/v2\/posts\/43507\/revisions"}],"predecessor-version":[{"id":43510,"href":"https:\/\/elmexiquense.vip\/index.php?rest_route=\/wp\/v2\/posts\/43507\/revisions\/43510"}],"wp:featuredmedia":[{"embeddable":true,"href":"https:\/\/elmexiquense.vip\/index.php?rest_route=\/wp\/v2\/media\/43509"}],"wp:attachment":[{"href":"https:\/\/elmexiquense.vip\/index.php?rest_route=%2Fwp%2Fv2%2Fmedia&parent=43507"}],"wp:term":[{"taxonomy":"category","embeddable":true,"href":"https:\/\/elmexiquense.vip\/index.php?rest_route=%2Fwp%2Fv2%2Fcategories&post=43507"},{"taxonomy":"post_tag","embeddable":true,"href":"https:\/\/elmexiquense.vip\/index.php?rest_route=%2Fwp%2Fv2%2Ftags&post=43507"}],"curies":[{"name":"wp","href":"https:\/\/api.w.org\/{rel}","templated":true}]}}