{"id":43511,"date":"2026-04-29T19:47:49","date_gmt":"2026-04-30T01:47:49","guid":{"rendered":"https:\/\/elmexiquense.vip\/?p=43511"},"modified":"2026-04-29T19:47:49","modified_gmt":"2026-04-30T01:47:49","slug":"tecamac-celebra-la-ninez-con-la-inauguracion-de-su-feria-regional-2026-rosiwongromero","status":"publish","type":"post","link":"https:\/\/elmexiquense.vip\/?p=43511","title":{"rendered":"Tec\u00e1mac celebra la ni\u00f1ez con la inauguraci\u00f3n de su Feria Regional 2026 \/ @rosiwongromero"},"content":{"rendered":"\n<p>(<strong>#FeriaTec\u00e1mac2026 &#8211; #D\u00edaDelNi\u00f1o<\/strong>) &#8212;&#8211; <strong>#Tec\u00e1macDeFelipeVillanueva<\/strong>,\u00a0<strong>#EstadoDeM\u00e9xico<\/strong>.-\u00a0Con un despliegue de alegr\u00eda y color, <strong>#Tec\u00e1mac <\/strong>abre sus puertas a la <strong>#FeriaRegionalDeTec\u00e1mac2026<\/strong>, que inicia este 30 de abril con un homenaje especial a la ni\u00f1ez. El Gobierno Municipal, encabezado por la alcaldesa <strong>#RosiWongRomero<\/strong>, ha preparado un programa lleno de m\u00fasica, espect\u00e1culos y actividades gratuitas para ni\u00f1as y ni\u00f1os de hasta 12 a\u00f1os. La jornada, que se extender\u00e1 de 14:00 a 19:00 horas, busca convertirse en un espacio seguro y festivo, donde las familias puedan convivir y celebrar la importancia de la infancia en la construcci\u00f3n de una sociedad m\u00e1s justa y solidaria.<\/p>\n\n\n\n<p>El arranque de la feria contar\u00e1 con presentaciones de <strong>Luli Pampin<\/strong>, <strong>Lara Campos<\/strong> y el show de <strong>Chilin y Pikin<\/strong>, adem\u00e1s de tributos a personajes ic\u00f3nicos como <strong>Toy Story<\/strong>, <strong>Mario Bros<\/strong> y las <strong>Guerreras del K-Pop<\/strong>. La Guardia Civil, en coordinaci\u00f3n con el Ayuntamiento, implementar\u00e1 medidas de seguridad para garantizar un ambiente ordenado y confiable.<\/p>\n\n\n\n<figure class=\"wp-block-image aligncenter size-medium\"><img loading=\"lazy\" decoding=\"async\" width=\"240\" height=\"300\" src=\"https:\/\/elmexiquense.vip\/wp-content\/uploads\/2026\/04\/teca-2-4-240x300.jpg\" alt=\"\" class=\"wp-image-43512\" srcset=\"https:\/\/elmexiquense.vip\/wp-content\/uploads\/2026\/04\/teca-2-4-240x300.jpg 240w, https:\/\/elmexiquense.vip\/wp-content\/uploads\/2026\/04\/teca-2-4-819x1024.jpg 819w, https:\/\/elmexiquense.vip\/wp-content\/uploads\/2026\/04\/teca-2-4-768x960.jpg 768w, https:\/\/elmexiquense.vip\/wp-content\/uploads\/2026\/04\/teca-2-4-1229x1536.jpg 1229w, https:\/\/elmexiquense.vip\/wp-content\/uploads\/2026\/04\/teca-2-4-480x600.jpg 480w, https:\/\/elmexiquense.vip\/wp-content\/uploads\/2026\/04\/teca-2-4.jpg 1280w\" sizes=\"auto, (max-width: 240px) 100vw, 240px\" \/><\/figure>\n\n\n\n<p>La celebraci\u00f3n se enmarca en un contexto nacional de actividades dedicadas a la ni\u00f1ez, donde recientemente se han anunciado espect\u00e1culos masivos en parques y plazas p\u00fablicas, as\u00ed como transmisiones especiales en televisi\u00f3n y plataformas digitales que buscan reforzar el mensaje de protecci\u00f3n y reconocimiento a los derechos de las y los menores.<\/p>\n\n\n\n<p>La <strong>Feria Regional de Tec\u00e1mac<\/strong> se proyecta como un punto de encuentro cultural y recreativo que, m\u00e1s all\u00e1 de la diversi\u00f3n, reafirma el compromiso de la comunidad con sus generaciones m\u00e1s j\u00f3venes. Con esta inauguraci\u00f3n, se da inicio a una fiesta que promete convertirse en tradici\u00f3n y orgullo para el municipio.<\/p>\n\n\n\n<p><strong>#ElMexiquenseVIP\u00a0\u2013<a href=\"https:\/\/www.facebook.com\/ElMexiquenseVIP\/\"><strong>El Mexiquense VIP<\/strong><\/a><\/strong><\/p>\n\n\n\n<figure class=\"wp-block-image aligncenter size-large\"><img loading=\"lazy\" decoding=\"async\" width=\"1024\" height=\"633\" src=\"https:\/\/elmexiquense.vip\/wp-content\/uploads\/2026\/04\/teca-1-6-1024x633.jpg\" alt=\"\" class=\"wp-image-43513\"\/><\/figure>\n","protected":false},"excerpt":{"rendered":"<p>(#FeriaTec\u00e1mac2026 &#8211; #D\u00edaDelNi\u00f1o) &#8212;&#8211; #Tec\u00e1macDeFelipeVillanueva,\u00a0#EstadoDeM\u00e9xico.-\u00a0Con un despliegue de alegr\u00eda y color, #Tec\u00e1mac abre sus puertas a la #FeriaRegionalDeTec\u00e1mac2026, que inicia<\/p>\n","protected":false},"author":8,"featured_media":43513,"comment_status":"open","ping_status":"open","sticky":false,"template":"","format":"standard","meta":{"colormag_page_container_layout":"default_layout","colormag_page_sidebar_layout":"default_layout","rop_custom_images_group":[],"rop_custom_messages_group":[],"rop_publish_now":"no","rop_publish_now_accounts":{"facebook_102468208940364_894887317217274":""},"rop_publish_now_history":[{"account":"facebook_102468208940364_894887317217274","service":"facebook","timestamp":1777513686,"status":"success"}],"rop_publish_now_status":"done","footnotes":""},"categories":[34],"tags":[88,787,177,474,379,376,217,136,770,903,461,786,789,378,377],"class_list":["post-43511","post","type-post","status-publish","format-standard","has-post-thumbnail","hentry","category-alcaldesas","tag-amlo","tag-claudia-sheinbaum-pardo","tag-delfina-gomez-alvarez","tag-el-mexiquense-vip","tag-en-vivo","tag-enterate","tag-gobierno-de-mexico","tag-gobierno-del-estado-de-mexico","tag-luisa-maria-alcalde-lujan","tag-luz-ma-hernandez","tag-noticias-tecamac","tag-rosi-wong-romero","tag-tecamac-ayuntamiento-del-bicentenario-2025-2027","tag-ultimahora","tag-ultimas-noticias"],"_links":{"self":[{"href":"https:\/\/elmexiquense.vip\/index.php?rest_route=\/wp\/v2\/posts\/43511","targetHints":{"allow":["GET"]}}],"collection":[{"href":"https:\/\/elmexiquense.vip\/index.php?rest_route=\/wp\/v2\/posts"}],"about":[{"href":"https:\/\/elmexiquense.vip\/index.php?rest_route=\/wp\/v2\/types\/post"}],"author":[{"embeddable":true,"href":"https:\/\/elmexiquense.vip\/index.php?rest_route=\/wp\/v2\/users\/8"}],"replies":[{"embeddable":true,"href":"https:\/\/elmexiquense.vip\/index.php?rest_route=%2Fwp%2Fv2%2Fcomments&post=43511"}],"version-history":[{"count":1,"href":"https:\/\/elmexiquense.vip\/index.php?rest_route=\/wp\/v2\/posts\/43511\/revisions"}],"predecessor-version":[{"id":43514,"href":"https:\/\/elmexiquense.vip\/index.php?rest_route=\/wp\/v2\/posts\/43511\/revisions\/43514"}],"wp:featuredmedia":[{"embeddable":true,"href":"https:\/\/elmexiquense.vip\/index.php?rest_route=\/wp\/v2\/media\/43513"}],"wp:attachment":[{"href":"https:\/\/elmexiquense.vip\/index.php?rest_route=%2Fwp%2Fv2%2Fmedia&parent=43511"}],"wp:term":[{"taxonomy":"category","embeddable":true,"href":"https:\/\/elmexiquense.vip\/index.php?rest_route=%2Fwp%2Fv2%2Fcategories&post=43511"},{"taxonomy":"post_tag","embeddable":true,"href":"https:\/\/elmexiquense.vip\/index.php?rest_route=%2Fwp%2Fv2%2Ftags&post=43511"}],"curies":[{"name":"wp","href":"https:\/\/api.w.org\/{rel}","templated":true}]}}