{"id":43515,"date":"2026-04-29T20:00:27","date_gmt":"2026-04-30T02:00:27","guid":{"rendered":"https:\/\/elmexiquense.vip\/?p=43515"},"modified":"2026-04-29T20:00:27","modified_gmt":"2026-04-30T02:00:27","slug":"atencion-el-estado-de-mexico-impulsa-la-modernizacion-del-campo-con-apoyos-a-productores-y-ejidos-inscribete-delfinagomeza-edomex","status":"publish","type":"post","link":"https:\/\/elmexiquense.vip\/?p=43515","title":{"rendered":"\u00a1Atenci\u00f3n! El Estado de M\u00e9xico impulsa la modernizaci\u00f3n del campo con apoyos a productores y ejidos \u00a1Inscr\u00edbete! \u00a0\/ @delfinagomeza @Edomex"},"content":{"rendered":"\n<p>(<strong>#TransformandoElCampo #RescateDelCampo<\/strong>) &#8212;&#8211; <strong>#EstadoDeM\u00e9xico<\/strong>,\u00a0<strong>#M\u00e9xico<\/strong>.-\u00a0 Con el prop\u00f3sito de fortalecer la producci\u00f3n agr\u00edcola y pecuaria en el Estado de M\u00e9xico, los d\u00edas 6, 7 y 8 de mayo de 2026 se abrir\u00e1 la recepci\u00f3n de solicitudes para los programas <strong>#TransformandoElCampo<\/strong> y <strong>#PorElRescateDelCampo<\/strong>. Las 11 Delegaciones Regionales de la <strong>#Secretar\u00edaDelCampo<\/strong> estar\u00e1n habilitadas para recibir a productores interesados en acceder a apoyos que van desde herramientas b\u00e1sicas hasta <strong>#Subsidios <\/strong>para la adquisici\u00f3n de ganado, drones y tractores. Esta iniciativa busca impulsar la modernizaci\u00f3n del sector y garantizar mejores condiciones de desarrollo para las comunidades rurales.<\/p>\n\n\n\n<p>La titular de la dependencia, <strong>Mar\u00eda Eugenia Rojano Vald\u00e9s<\/strong>, destac\u00f3 que este a\u00f1o se integran apoyos espec\u00edficos para la recuperaci\u00f3n de la cuenca lechera, adem\u00e1s de incentivos para que ejidos y ayuntamientos puedan acceder a maquinaria de \u00faltima generaci\u00f3n. \u201cEste a\u00f1o abrimos la convocatoria a los ejidos, porque hubo quienes nos dijeron: \u2018nosotros tambi\u00e9n queremos y tenemos la capacidad de aportar lo que nos corresponde\u2019\u201d, subray\u00f3.<\/p>\n\n\n\n<p>La estrategia se suma a un panorama nacional en el que se han anunciado programas de innovaci\u00f3n tecnol\u00f3gica para el campo, incluyendo el uso de inteligencia artificial en sistemas de riego y la incorporaci\u00f3n de energ\u00edas limpias en procesos de producci\u00f3n agr\u00edcola, medidas que han generado gran expectativa entre productores y especialistas del sector.<\/p>\n\n\n\n<p>Con estas acciones, el Gobierno del Estado de M\u00e9xico reafirma su compromiso con el desarrollo rural y la dignificaci\u00f3n de las familias campesinas. La convocatoria representa un paso firme hacia un campo m\u00e1s competitivo, moderno y sostenible, que busca convertirse en motor de crecimiento regional.<\/p>\n\n\n\n<p>La secretaria hizo un llamado a productoras y productores, comunidades agrarias, ejidos y ayuntamientos a mantenerse atentos a las redes sociales de la Secretar\u00eda del Campo, en Facebook y X como CampoEdomex, donde se publicar\u00e1n las convocatorias, as\u00ed como a revisar las reglas de operaci\u00f3n y anexos t\u00e9cnicos en el sitio oficial:\u00a0<a href=\"https:\/\/secampo.edomex.gob.mx\/\">secampo.edomex.gob.mx<\/a>.<\/p>\n\n\n\n<p><strong>#ElMexiquenseVIP<\/strong>\u00a0\u2013<a href=\"https:\/\/www.facebook.com\/ElMexiquenseVIP\/\"><strong>El Mexiquense VIP<\/strong><\/a><\/p>\n\n\n\n<figure class=\"wp-block-image aligncenter size-large\"><img loading=\"lazy\" decoding=\"async\" width=\"1024\" height=\"682\" src=\"https:\/\/elmexiquense.vip\/wp-content\/uploads\/2026\/04\/secre-6-1024x682.jpg\" alt=\"\" class=\"wp-image-43516\"\/><\/figure>\n","protected":false},"excerpt":{"rendered":"<p>(#TransformandoElCampo #RescateDelCampo) &#8212;&#8211; #EstadoDeM\u00e9xico,\u00a0#M\u00e9xico.-\u00a0 Con el prop\u00f3sito de fortalecer la producci\u00f3n agr\u00edcola y pecuaria en el Estado de M\u00e9xico, los<\/p>\n","protected":false},"author":8,"featured_media":43516,"comment_status":"open","ping_status":"open","sticky":false,"template":"","format":"standard","meta":{"colormag_page_container_layout":"default_layout","colormag_page_sidebar_layout":"default_layout","rop_custom_images_group":[],"rop_custom_messages_group":[],"rop_publish_now":"no","rop_publish_now_accounts":{"facebook_102468208940364_894887317217274":""},"rop_publish_now_history":[{"account":"facebook_102468208940364_894887317217274","service":"facebook","timestamp":1777514458,"status":"success"}],"rop_publish_now_status":"done","footnotes":""},"categories":[33,107],"tags":[88,773,787,177,369,870,474,379,376,217,136,770,435,902],"class_list":["post-43515","post","type-post","status-publish","format-standard","has-post-thumbnail","hentry","category-eventos-especiales","category-secretarias","tag-amlo","tag-andres-manuel-lopez-beltran","tag-claudia-sheinbaum-pardo","tag-delfina-gomez-alvarez","tag-dif-estado-de-mexico","tag-edomex-2","tag-el-mexiquense-vip","tag-en-vivo","tag-enterate","tag-gobierno-de-mexico","tag-gobierno-del-estado-de-mexico","tag-luisa-maria-alcalde-lujan","tag-noticias-estado-de-mexico","tag-turismo-estado-de-mexico"],"_links":{"self":[{"href":"https:\/\/elmexiquense.vip\/index.php?rest_route=\/wp\/v2\/posts\/43515","targetHints":{"allow":["GET"]}}],"collection":[{"href":"https:\/\/elmexiquense.vip\/index.php?rest_route=\/wp\/v2\/posts"}],"about":[{"href":"https:\/\/elmexiquense.vip\/index.php?rest_route=\/wp\/v2\/types\/post"}],"author":[{"embeddable":true,"href":"https:\/\/elmexiquense.vip\/index.php?rest_route=\/wp\/v2\/users\/8"}],"replies":[{"embeddable":true,"href":"https:\/\/elmexiquense.vip\/index.php?rest_route=%2Fwp%2Fv2%2Fcomments&post=43515"}],"version-history":[{"count":1,"href":"https:\/\/elmexiquense.vip\/index.php?rest_route=\/wp\/v2\/posts\/43515\/revisions"}],"predecessor-version":[{"id":43517,"href":"https:\/\/elmexiquense.vip\/index.php?rest_route=\/wp\/v2\/posts\/43515\/revisions\/43517"}],"wp:featuredmedia":[{"embeddable":true,"href":"https:\/\/elmexiquense.vip\/index.php?rest_route=\/wp\/v2\/media\/43516"}],"wp:attachment":[{"href":"https:\/\/elmexiquense.vip\/index.php?rest_route=%2Fwp%2Fv2%2Fmedia&parent=43515"}],"wp:term":[{"taxonomy":"category","embeddable":true,"href":"https:\/\/elmexiquense.vip\/index.php?rest_route=%2Fwp%2Fv2%2Fcategories&post=43515"},{"taxonomy":"post_tag","embeddable":true,"href":"https:\/\/elmexiquense.vip\/index.php?rest_route=%2Fwp%2Fv2%2Ftags&post=43515"}],"curies":[{"name":"wp","href":"https:\/\/api.w.org\/{rel}","templated":true}]}}