{"id":43519,"date":"2026-05-02T12:25:56","date_gmt":"2026-05-02T18:25:56","guid":{"rendered":"https:\/\/elmexiquense.vip\/?p=43519"},"modified":"2026-05-02T12:25:56","modified_gmt":"2026-05-02T18:25:56","slug":"jessica-diaz-de-leon-lidera-con-sapiencia-la-transformacion-social-en-atizapan-mediante-la-campana-digital-ponles-mas-super-heroes-a-tu-plato-pedro_rvillegas-gobatizapan","status":"publish","type":"post","link":"https:\/\/elmexiquense.vip\/?p=43519","title":{"rendered":"Jessica D\u00edaz de Le\u00f3n lidera con sapiencia la transformaci\u00f3n social en Atizap\u00e1n mediante la campa\u00f1a digital \u201cPonles m\u00e1s s\u00faper h\u00e9roes a tu plato\u201d \/ @Pedro_RVillegas @GobAtizapan"},"content":{"rendered":"\n<p>(<strong>#InfanciaConFuturo<\/strong> &#8211; <strong>#Ni\u00f1ezActiva<\/strong>) &#8212;&#8211; <strong>#Atizap\u00e1nDeZaragoza<\/strong>,\u00a0<strong>#EstadoDeM\u00e9xico<\/strong>.- En Atizap\u00e1n de Zaragoza, la protecci\u00f3n de la infancia se convierte en un estandarte de progreso y compromiso social, donde iniciativas como <strong>#InfanciaSegura<\/strong> y <strong>#SaludInfantil<\/strong> marcan tendencia en la agenda p\u00fablica. \u201cLa infancia es la etapa en que se construye el futuro de la humanidad\u201d \u2014Gabriela Mistral. La protagonista de estos programas, entre otras instancias \u2014como el Sistema Municipal de Protecci\u00f3n Integral de Ni\u00f1as, Ni\u00f1os y Adolescentes (<strong>#SIPINNA<\/strong>)\u2014, es <strong>#JessicaD\u00edazDeLe\u00f3n<\/strong>, Directora de Innovaci\u00f3n y Comunicaci\u00f3n de <strong>#Atizap\u00e1n<\/strong>, quien ha delineado acciones pioneras que consolidan al municipio como referente nacional. Con proyectos que integran <strong>#BienestarJuvenil<\/strong> y <strong>#Innovaci\u00f3nSocial<\/strong>, se busca transformar la realidad de miles de menores. \u201c<strong>Esta iniciativa surge ante la preocupaci\u00f3n de generar conciencia sobre la problem\u00e1tica que representa la obesidad infantil en M\u00e9xico<\/strong>\u201d, enfatiz\u00f3 <strong>D\u00edaz de Le\u00f3n<\/strong>.<\/p>\n\n\n\n<p>El desarrollo de la campa\u00f1a digital <strong>\u201cPonles m\u00e1s s\u00faper h\u00e9roes a tu plato\u201d<\/strong> ha demostrado ser una herramienta eficaz para fomentar h\u00e1bitos alimenticios saludables en la ni\u00f1ez. <strong>\u00abCon personajes animados inspirados en frutas y verduras, creados mediante inteligencia artificial, se ha logrado captar la atenci\u00f3n de los menores y sus familias, generando un impacto positivo en la percepci\u00f3n de la alimentaci\u00f3n balanceada\u00bb<\/strong>, explic\u00f3 la Directora de Innovaci\u00f3n y Comunicaci\u00f3n de <strong>Atizap\u00e1n<\/strong>. Este esfuerzo, respaldado por el Sistema Municipal de Protecci\u00f3n Integral de Ni\u00f1as, Ni\u00f1os y Adolescentes (SIPINNA), refleja una visi\u00f3n integral que conjuga creatividad y responsabilidad social.<\/p>\n\n\n\n<p>La reflexi\u00f3n sobre estas acciones cobra mayor relevancia al considerar que M\u00e9xico enfrenta una de las tasas m\u00e1s altas de obesidad infantil en el mundo, con m\u00e1s de 13 millones de menores en situaci\u00f3n de sobrepeso. En redes sociales, la campa\u00f1a ha sido ampliamente difundida, convirti\u00e9ndose en tendencia y recibiendo elogios por su car\u00e1cter innovador y por la manera en que logra sensibilizar a la poblaci\u00f3n. <strong>\u00abEste fen\u00f3meno evidencia que la sapiencia y la proactividad del Gobierno municipal del presidente, Pedro Rodr\u00edguez Villegas, pueden trascender fronteras digitales y convertirse en modelos replicables\u00bb<\/strong>, puntualiz\u00f3 <strong>Jessica D\u00edaz de Le\u00f3n<\/strong>.<\/p>\n\n\n\n<figure class=\"wp-block-image aligncenter size-medium\"><img loading=\"lazy\" decoding=\"async\" width=\"300\" height=\"223\" src=\"https:\/\/elmexiquense.vip\/wp-content\/uploads\/2026\/05\/jessi-2-e1777745961576-300x223.jpg\" alt=\"\" class=\"wp-image-43520\"\/><\/figure>\n\n\n\n<p>\u201c<strong>La atenci\u00f3n a la ni\u00f1ez y las adolescencias se ha priorizado en este municipio<\/strong>\u201d, afirm\u00f3 <strong>Jessica D\u00edaz de Le\u00f3n<\/strong>. <\/p>\n\n\n\n<p>Como lector y ciudadano, celebro que Atizap\u00e1n se coloque a la vanguardia en la protecci\u00f3n de la infancia, pues considero que estas acciones no solo fortalecen el tejido social, sino que tambi\u00e9n inspiran confianza en el futuro. La narrativa de esta noticia me deja una impresi\u00f3n positiva sobre el compromiso institucional y la capacidad de innovaci\u00f3n aplicada a la salud p\u00fablica.<\/p>\n\n\n\n<p>La conclusi\u00f3n es clara: el liderazgo de <strong>Jessica D\u00edaz de Le\u00f3n<\/strong> (entre otras instancias) reafirma que la ni\u00f1ez merece pol\u00edticas p\u00fablicas visionarias y sostenibles. \u201cLa infancia es el tesoro m\u00e1s valioso de una sociedad\u201d \u2014Nelson Mandela. <strong>#Ni\u00f1ezFeliz<\/strong><\/p>\n\n\n\n<p><strong>#miangelzorro<\/strong><\/p>\n\n\n\n<p><strong>#ElMexiquenseVIP<\/strong>&nbsp;\u2013<a href=\"https:\/\/www.facebook.com\/ElMexiquenseVIP\/\"><strong>El Mexiquense VIP<\/strong><\/a><\/p>\n\n\n\n<figure class=\"wp-block-image aligncenter size-large\"><img loading=\"lazy\" decoding=\"async\" width=\"1024\" height=\"613\" src=\"https:\/\/elmexiquense.vip\/wp-content\/uploads\/2026\/05\/jessi-1-1024x613.jpg\" alt=\"\" class=\"wp-image-43521\"\/><\/figure>\n","protected":false},"excerpt":{"rendered":"<p>(#InfanciaConFuturo &#8211; #Ni\u00f1ezActiva) &#8212;&#8211; #Atizap\u00e1nDeZaragoza,\u00a0#EstadoDeM\u00e9xico.- En Atizap\u00e1n de Zaragoza, la protecci\u00f3n de la infancia se convierte en un estandarte de<\/p>\n","protected":false},"author":1,"featured_media":43521,"comment_status":"open","ping_status":"open","sticky":false,"template":"","format":"standard","meta":{"colormag_page_container_layout":"default_layout","colormag_page_sidebar_layout":"default_layout","rop_custom_images_group":[],"rop_custom_messages_group":[],"rop_publish_now":"no","rop_publish_now_accounts":{"facebook_102468208940364_894887317217274":""},"rop_publish_now_history":[{"account":"facebook_102468208940364_894887317217274","service":"facebook","timestamp":1777746374,"status":"success"}],"rop_publish_now_status":"done","footnotes":""},"categories":[29],"tags":[515,787,177,764,474,379,376,217,136,932,777,762,492,744,691,837,493,383],"class_list":["post-43519","post","type-post","status-publish","format-standard","has-post-thumbnail","hentry","category-destacados","tag-anuar-azar-figueroa","tag-claudia-sheinbaum-pardo","tag-delfina-gomez-alvarez","tag-dif-atizapan-de-zaragoza","tag-el-mexiquense-vip","tag-en-vivo","tag-enterate","tag-gobierno-de-mexico","tag-gobierno-del-estado-de-mexico","tag-jessica-diaz-de-leon","tag-jorge-romero-herrera","tag-miguel-angel-zorro","tag-municipio-de-atizapan-de-zaragoza","tag-noticias-atizapan-de-zaragoza","tag-patricia-arevalo-rubio","tag-paty-arevalo","tag-pedro-rodriguez-villegas","tag-ultima-hora"],"_links":{"self":[{"href":"https:\/\/elmexiquense.vip\/index.php?rest_route=\/wp\/v2\/posts\/43519","targetHints":{"allow":["GET"]}}],"collection":[{"href":"https:\/\/elmexiquense.vip\/index.php?rest_route=\/wp\/v2\/posts"}],"about":[{"href":"https:\/\/elmexiquense.vip\/index.php?rest_route=\/wp\/v2\/types\/post"}],"author":[{"embeddable":true,"href":"https:\/\/elmexiquense.vip\/index.php?rest_route=\/wp\/v2\/users\/1"}],"replies":[{"embeddable":true,"href":"https:\/\/elmexiquense.vip\/index.php?rest_route=%2Fwp%2Fv2%2Fcomments&post=43519"}],"version-history":[{"count":1,"href":"https:\/\/elmexiquense.vip\/index.php?rest_route=\/wp\/v2\/posts\/43519\/revisions"}],"predecessor-version":[{"id":43522,"href":"https:\/\/elmexiquense.vip\/index.php?rest_route=\/wp\/v2\/posts\/43519\/revisions\/43522"}],"wp:featuredmedia":[{"embeddable":true,"href":"https:\/\/elmexiquense.vip\/index.php?rest_route=\/wp\/v2\/media\/43521"}],"wp:attachment":[{"href":"https:\/\/elmexiquense.vip\/index.php?rest_route=%2Fwp%2Fv2%2Fmedia&parent=43519"}],"wp:term":[{"taxonomy":"category","embeddable":true,"href":"https:\/\/elmexiquense.vip\/index.php?rest_route=%2Fwp%2Fv2%2Fcategories&post=43519"},{"taxonomy":"post_tag","embeddable":true,"href":"https:\/\/elmexiquense.vip\/index.php?rest_route=%2Fwp%2Fv2%2Ftags&post=43519"}],"curies":[{"name":"wp","href":"https:\/\/api.w.org\/{rel}","templated":true}]}}