{"id":43523,"date":"2026-05-02T12:48:15","date_gmt":"2026-05-02T18:48:15","guid":{"rendered":"https:\/\/elmexiquense.vip\/?p=43523"},"modified":"2026-05-02T12:57:29","modified_gmt":"2026-05-02T18:57:29","slug":"raciel-perez-cruz-encabeza-con-sapiencia-la-conmemoracion-de-140-anos-de-lucha-por-los-derechos-laborales-en-tlalnepantla-racielperezc_-gob_tlalne","status":"publish","type":"post","link":"https:\/\/elmexiquense.vip\/?p=43523","title":{"rendered":"Raciel P\u00e9rez Cruz encabeza con sapiencia la conmemoraci\u00f3n de 140 a\u00f1os de lucha por los derechos laborales en Tlalnepantla \/ @RacielPerezC_ @Gob_Tlalne >>"},"content":{"rendered":"\n<p>(<strong>#FuerzaTrabajadora<\/strong> &#8211; <strong>#M\u00e9xicoConDignidad<\/strong>) &#8212;&#8211; <strong>#TlalnepantlaDeBaz<\/strong>,\u00a0<strong>#EstadoDeM\u00e9xico<\/strong>.- En la explanada municipal de <strong>#Tlalnepantla<\/strong>, la conmemoraci\u00f3n de 140 a\u00f1os de lucha laboral se convirti\u00f3 en un acto de trascendencia hist\u00f3rica, donde <strong>#JusticiaLaboral<\/strong> y <strong>#DerechosHumanos<\/strong> resonaron como s\u00edmbolos de unidad y dignidad. \u201cLa libertad no es nada m\u00e1s que una oportunidad para ser mejor\u201d \u2014Albert Camus. El protagonista de esta jornada fue <strong>#RacielP\u00e9rezCruz<\/strong>, Presidente Municipal de Tlalnepantla de Baz, quien encabez\u00f3 junto a l\u00edderes sindicales y autoridades estatales un evento multitudinario. Con la fuerza de <strong>#M\u00e9xicoUnido<\/strong> y <strong>#Transformaci\u00f3nSocial<\/strong>, se destac\u00f3 la importancia de las conquistas laborales en un contexto de cambios profundos. \u201c<strong>Hoy, desde esta plaza y desde estos intensos y profundos d\u00edas de transformaci\u00f3n, somos testigos y protagonistas de una aut\u00e9ntica primavera laboral<\/strong>\u201d, expres\u00f3 <strong>Raciel P\u00e9rez<\/strong>.<\/p>\n\n\n\n<p>El desarrollo de la ceremonia estuvo marcado por el reconocimiento a mujeres y hombres que, con esfuerzo y perseverancia, han defendido los derechos fundamentales de la clase trabajadora. Se resaltaron avances como el aumento al salario m\u00ednimo, la implementaci\u00f3n de la Ley Silla y la reducci\u00f3n gradual de la jornada laboral, medidas que reflejan un compromiso tangible con la justicia social. <strong>\u00abEstos logros, producto de una lucha constante, consolidan un nuevo horizonte de dignidad y bienestar para las familias mexicanas\u00bb<\/strong>, expres\u00f3 el Alcalde de Tlalnepantla.<\/p>\n\n\n\n<p>La reflexi\u00f3n sobre este acontecimiento se amplifica al considerar que, en la actualidad, M\u00e9xico ha sido reconocido internacionalmente por sus reformas laborales, destacando la prohibici\u00f3n de la subcontrataci\u00f3n abusiva y la creaci\u00f3n de mecanismos m\u00e1s \u00e1giles de conciliaci\u00f3n. Estas acciones, difundidas ampliamente en medios y redes sociales, han generado un impacto positivo en la percepci\u00f3n ciudadana, demostrando que la <strong>equidad<\/strong> y la <strong>resiliencia<\/strong> son pilares de un pa\u00eds que avanza hacia un futuro m\u00e1s justo.<\/p>\n\n\n\n<figure class=\"wp-block-image aligncenter size-medium\"><img loading=\"lazy\" decoding=\"async\" width=\"264\" height=\"300\" src=\"https:\/\/elmexiquense.vip\/wp-content\/uploads\/2026\/05\/raci-2-e1777747378387-264x300.jpg\" alt=\"\" class=\"wp-image-43524\"\/><\/figure>\n\n\n\n<p>\u201c<strong>Esta fecha representa en s\u00ed misma la lucha irreversible de la clase trabajadora por la conquista de los derechos fundamentales, la equidad y la resiliencia son pilares de un pa\u00eds que avanza hacia un futuro m\u00e1s justo<\/strong>\u201d, enfatiz\u00f3 <strong>Raciel P\u00e9rez Cruz<\/strong>. <\/p>\n\n\n\n<p>Como ciudadano, celebro que estas pol\u00edticas se traduzcan en beneficios reales para quienes sostienen con su esfuerzo la econom\u00eda nacional. Considero que este acto no solo honra la memoria de quienes lucharon en el pasado, sino que tambi\u00e9n fortalece la esperanza de un M\u00e9xico m\u00e1s equitativo y solidario.<\/p>\n\n\n\n<p>La conclusi\u00f3n es contundente: el liderazgo de <strong>Raciel P\u00e9rez Cruz<\/strong> reafirma que la defensa de los derechos laborales es una causa irrenunciable. \u201cLa justicia social no es un ideal, es una necesidad\u201d \u2014Martin Luther King Jr. <strong>#PrimaveraLaboral<\/strong><\/p>\n\n\n\n<p><strong>#miangelzorro<\/strong><\/p>\n\n\n\n<p><strong>#ElMexiquenseVIP<\/strong>\u00a0\u2013<a href=\"https:\/\/www.facebook.com\/ElMexiquenseVIP\/\"><strong>El Mexiquense VIP<\/strong><\/a><\/p>\n\n\n\n<figure class=\"wp-block-image aligncenter size-large\"><img loading=\"lazy\" decoding=\"async\" width=\"1024\" height=\"683\" src=\"https:\/\/elmexiquense.vip\/wp-content\/uploads\/2026\/05\/raciel-1-1024x683.jpg\" alt=\"\" class=\"wp-image-43525\"\/><\/figure>\n","protected":false},"excerpt":{"rendered":"<p>(#FuerzaTrabajadora &#8211; #M\u00e9xicoConDignidad) &#8212;&#8211; #TlalnepantlaDeBaz,\u00a0#EstadoDeM\u00e9xico.- En la explanada municipal de #Tlalnepantla, la conmemoraci\u00f3n de 140 a\u00f1os de lucha laboral se<\/p>\n","protected":false},"author":1,"featured_media":43525,"comment_status":"open","ping_status":"open","sticky":false,"template":"","format":"standard","meta":{"colormag_page_container_layout":"default_layout","colormag_page_sidebar_layout":"default_layout","rop_custom_images_group":[],"rop_custom_messages_group":[],"rop_publish_now":"no","rop_publish_now_accounts":{"facebook_102468208940364_894887317217274":""},"rop_publish_now_history":[{"account":"facebook_102468208940364_894887317217274","service":"facebook","timestamp":1777747717,"status":"success"}],"rop_publish_now_status":"done","footnotes":""},"categories":[29],"tags":[773,787,177,602,474,379,376,217,599,136,762,152,51,378,377],"class_list":["post-43523","post","type-post","status-publish","format-standard","has-post-thumbnail","hentry","category-destacados","tag-andres-manuel-lopez-beltran","tag-claudia-sheinbaum-pardo","tag-delfina-gomez-alvarez","tag-dif-tlalnepantla","tag-el-mexiquense-vip","tag-en-vivo","tag-enterate","tag-gobierno-de-mexico","tag-gobierno-de-tlalnepantla-de-baz","tag-gobierno-del-estado-de-mexico","tag-miguel-angel-zorro","tag-municipio-de-tlalnepantla-de-baz","tag-raciel-perez-cruz","tag-ultimahora","tag-ultimas-noticias"],"_links":{"self":[{"href":"https:\/\/elmexiquense.vip\/index.php?rest_route=\/wp\/v2\/posts\/43523","targetHints":{"allow":["GET"]}}],"collection":[{"href":"https:\/\/elmexiquense.vip\/index.php?rest_route=\/wp\/v2\/posts"}],"about":[{"href":"https:\/\/elmexiquense.vip\/index.php?rest_route=\/wp\/v2\/types\/post"}],"author":[{"embeddable":true,"href":"https:\/\/elmexiquense.vip\/index.php?rest_route=\/wp\/v2\/users\/1"}],"replies":[{"embeddable":true,"href":"https:\/\/elmexiquense.vip\/index.php?rest_route=%2Fwp%2Fv2%2Fcomments&post=43523"}],"version-history":[{"count":2,"href":"https:\/\/elmexiquense.vip\/index.php?rest_route=\/wp\/v2\/posts\/43523\/revisions"}],"predecessor-version":[{"id":43527,"href":"https:\/\/elmexiquense.vip\/index.php?rest_route=\/wp\/v2\/posts\/43523\/revisions\/43527"}],"wp:featuredmedia":[{"embeddable":true,"href":"https:\/\/elmexiquense.vip\/index.php?rest_route=\/wp\/v2\/media\/43525"}],"wp:attachment":[{"href":"https:\/\/elmexiquense.vip\/index.php?rest_route=%2Fwp%2Fv2%2Fmedia&parent=43523"}],"wp:term":[{"taxonomy":"category","embeddable":true,"href":"https:\/\/elmexiquense.vip\/index.php?rest_route=%2Fwp%2Fv2%2Fcategories&post=43523"},{"taxonomy":"post_tag","embeddable":true,"href":"https:\/\/elmexiquense.vip\/index.php?rest_route=%2Fwp%2Fv2%2Ftags&post=43523"}],"curies":[{"name":"wp","href":"https:\/\/api.w.org\/{rel}","templated":true}]}}