{"id":43528,"date":"2026-05-02T13:30:51","date_gmt":"2026-05-02T19:30:51","guid":{"rendered":"https:\/\/elmexiquense.vip\/?p=43528"},"modified":"2026-05-02T13:30:51","modified_gmt":"2026-05-02T19:30:51","slug":"isaac-montoya-marquez-conmemora-el-dia-del-trabajo-con-un-gobierno-de-para-y-con-los-trabajadores-isaacsolar-gobnau","status":"publish","type":"post","link":"https:\/\/elmexiquense.vip\/?p=43528","title":{"rendered":"Isaac Montoya M\u00e1rquez conmemora el D\u00eda del Trabajo con un gobierno de, para y con los trabajadores \/ @isaacsolar @GobNau >>>"},"content":{"rendered":"\n<p>(<strong>#JusticiaLaboralMX<\/strong> &#8211; <strong>#NaucalpanTransforma<\/strong>) &#8212;&#8211; <strong>#NaucalpanDeJu\u00e1rez<\/strong>,\u00a0<strong>#EstadoDeM\u00e9xico<\/strong>.- En la explanada del Palacio Municipal de <strong>#Naucalpan<\/strong>, la conmemoraci\u00f3n del <strong>#D\u00edaDelTrabajo<\/strong> se convirti\u00f3 en un acto de unidad y reconocimiento, donde <strong>#TrabajoDigno<\/strong> y <strong>#ProsperidadCompartida<\/strong> resonaron como s\u00edmbolos de justicia social y compromiso obrero. \u201cLa verdadera libertad consiste en el dominio absoluto de s\u00ed mismo\u201d \u2014Michel de Montaigne. El protagonista de esta jornada fue <strong>#IsaacMontoyaM\u00e1rquez<\/strong>, Presidente Municipal de Naucalpan, quien reafirm\u00f3 su compromiso con los trabajadores y con la transformaci\u00f3n del municipio. Con la fuerza de <strong>#M\u00e9xicoUnido<\/strong> y <strong>#IdentidadObrera<\/strong>, se destac\u00f3 la importancia de devolver dignidad al servicio p\u00fablico. \u201c<strong>Nuestro gobierno ser\u00e1 de, para y con los trabajadores<\/strong>\u201d, expres\u00f3 <strong>Isaac Montoya<\/strong>.<\/p>\n\n\n\n<p>El desarrollo de la ceremonia estuvo marcado por la presencia de liderazgos sindicales y servidores p\u00fablicos, quienes reconocieron la labor del SUTEYM y la alianza con el gobierno municipal. Se resaltaron proyectos de infraestructura en colonias hist\u00f3ricamente rezagadas, como Lomas de los Remedios y la Avenida San Fernando, donde se anunci\u00f3 la pavimentaci\u00f3n y la conclusi\u00f3n de la red de drenaje. <strong>\u00abEstas acciones reflejan una visi\u00f3n de gobierno que busca equilibrar justicia laboral con progreso comunitario, fortaleciendo la cohesi\u00f3n social y la resiliencia de la poblaci\u00f3n<\/strong>\u00ab, explic\u00f3 el Alcalde de Naucalpan.<\/p>\n\n\n\n<p>La reflexi\u00f3n sobre este acto se amplifica al considerar que M\u00e9xico vive una recuperaci\u00f3n hist\u00f3rica del salario m\u00ednimo, con un incremento del 154% en t\u00e9rminos reales. En redes sociales, la reinauguraci\u00f3n del Monumento al Obrero ha sido ampliamente difundida, convirti\u00e9ndose en un s\u00edmbolo de identidad y resistencia.<strong> \u00abEste fen\u00f3meno evidencia que la sapiencia y la conciencia social en pol\u00edticas p\u00fablicas pueden transformar la percepci\u00f3n ciudadana y consolidar un nuevo horizonte de dignidad\u00bb<\/strong>, subray\u00f3<strong> Isaac Montoya<\/strong>.<\/p>\n\n\n\n<figure class=\"wp-block-image aligncenter size-medium\"><img loading=\"lazy\" decoding=\"async\" width=\"300\" height=\"300\" src=\"https:\/\/elmexiquense.vip\/wp-content\/uploads\/2026\/05\/isa-2-e1777749887211-300x300.jpg\" alt=\"\" class=\"wp-image-43529\"\/><\/figure>\n\n\n\n<p>\u201c<strong>La pol\u00edtica de los tiempos actuales debe tener la humildad para dejarse escuchar y ayudar. Cuando hay soberbia, no se alcanzan los objetivos<\/strong>\u201d, se\u00f1al\u00f3 <strong>Isaac Montoya M\u00e1rquez<\/strong>. <\/p>\n\n\n\n<p>Celebro que estas palabras reflejen un liderazgo cercano y consciente, pues considero que la narrativa de este acto fortalece la esperanza en un municipio m\u00e1s justo y solidario. La presencia conjunta de autoridades y sindicatos confirma que la transformaci\u00f3n de Naucalpan se construye con unidad y compromiso.<\/p>\n\n\n\n<p>La conclusi\u00f3n es clara: el liderazgo de <strong>Isaac Montoya M\u00e1rquez<\/strong> reafirma que la justicia laboral y la prosperidad compartida son pilares de un gobierno humanista. \u201cLa justicia social no es un ideal, es una necesidad\u201d \u2014Martin Luther King Jr. <strong>#UnidadObrera<\/strong><\/p>\n\n\n\n<p><strong>#miangelzorro<\/strong><\/p>\n\n\n\n<p><strong>#ElMexiquenseVIP<\/strong>&nbsp;\u2013<a href=\"https:\/\/www.facebook.com\/ElMexiquenseVIP\/\"><strong>El Mexiquense VIP<\/strong><\/a><\/p>\n\n\n\n<figure class=\"wp-block-image aligncenter size-large\"><img loading=\"lazy\" decoding=\"async\" width=\"1024\" height=\"397\" src=\"https:\/\/elmexiquense.vip\/wp-content\/uploads\/2026\/05\/isa-1-1024x397.jpg\" alt=\"\" class=\"wp-image-43530\"\/><\/figure>\n","protected":false},"excerpt":{"rendered":"<p>(#JusticiaLaboralMX &#8211; #NaucalpanTransforma) &#8212;&#8211; #NaucalpanDeJu\u00e1rez,\u00a0#EstadoDeM\u00e9xico.- En la explanada del Palacio Municipal de #Naucalpan, la conmemoraci\u00f3n del #D\u00edaDelTrabajo se convirti\u00f3 en<\/p>\n","protected":false},"author":1,"featured_media":43530,"comment_status":"open","ping_status":"open","sticky":false,"template":"","format":"standard","meta":{"colormag_page_container_layout":"default_layout","colormag_page_sidebar_layout":"default_layout","rop_custom_images_group":[],"rop_custom_messages_group":[],"rop_publish_now":"no","rop_publish_now_accounts":{"facebook_102468208940364_894887317217274":""},"rop_publish_now_history":[{"account":"facebook_102468208940364_894887317217274","service":"facebook","timestamp":1777750267,"status":"success"}],"rop_publish_now_status":"done","footnotes":""},"categories":[29],"tags":[787,177,105,474,379,376,217,136,575,788,762,898,766,897,383],"class_list":["post-43528","post","type-post","status-publish","format-standard","has-post-thumbnail","hentry","category-destacados","tag-claudia-sheinbaum-pardo","tag-delfina-gomez-alvarez","tag-dif-naucalpan","tag-el-mexiquense-vip","tag-en-vivo","tag-enterate","tag-gobierno-de-mexico","tag-gobierno-del-estado-de-mexico","tag-gobierno-municipal-de-naucalpan-de-juarez","tag-isaac-montoya-marquez","tag-miguel-angel-zorro","tag-naucalpan-news","tag-noticias-naucalpan","tag-turismo-naucalpan","tag-ultima-hora"],"_links":{"self":[{"href":"https:\/\/elmexiquense.vip\/index.php?rest_route=\/wp\/v2\/posts\/43528","targetHints":{"allow":["GET"]}}],"collection":[{"href":"https:\/\/elmexiquense.vip\/index.php?rest_route=\/wp\/v2\/posts"}],"about":[{"href":"https:\/\/elmexiquense.vip\/index.php?rest_route=\/wp\/v2\/types\/post"}],"author":[{"embeddable":true,"href":"https:\/\/elmexiquense.vip\/index.php?rest_route=\/wp\/v2\/users\/1"}],"replies":[{"embeddable":true,"href":"https:\/\/elmexiquense.vip\/index.php?rest_route=%2Fwp%2Fv2%2Fcomments&post=43528"}],"version-history":[{"count":1,"href":"https:\/\/elmexiquense.vip\/index.php?rest_route=\/wp\/v2\/posts\/43528\/revisions"}],"predecessor-version":[{"id":43531,"href":"https:\/\/elmexiquense.vip\/index.php?rest_route=\/wp\/v2\/posts\/43528\/revisions\/43531"}],"wp:featuredmedia":[{"embeddable":true,"href":"https:\/\/elmexiquense.vip\/index.php?rest_route=\/wp\/v2\/media\/43530"}],"wp:attachment":[{"href":"https:\/\/elmexiquense.vip\/index.php?rest_route=%2Fwp%2Fv2%2Fmedia&parent=43528"}],"wp:term":[{"taxonomy":"category","embeddable":true,"href":"https:\/\/elmexiquense.vip\/index.php?rest_route=%2Fwp%2Fv2%2Fcategories&post=43528"},{"taxonomy":"post_tag","embeddable":true,"href":"https:\/\/elmexiquense.vip\/index.php?rest_route=%2Fwp%2Fv2%2Ftags&post=43528"}],"curies":[{"name":"wp","href":"https:\/\/api.w.org\/{rel}","templated":true}]}}