{"id":43533,"date":"2026-05-02T13:48:29","date_gmt":"2026-05-02T19:48:29","guid":{"rendered":"https:\/\/elmexiquense.vip\/?p=43533"},"modified":"2026-05-02T13:48:29","modified_gmt":"2026-05-02T19:48:29","slug":"ceremonia-solemne-en-la-base-aerea-de-santa-lucia-rosi-wong-acompana-a-delfina-gomez-en-toma-de-protesta-militar-rosiwongromero","status":"publish","type":"post","link":"https:\/\/elmexiquense.vip\/?p=43533","title":{"rendered":"Ceremonia solemne en la Base A\u00e9rea de Santa Luc\u00eda: Rosi Wong acompa\u00f1a a Delfina G\u00f3mez en toma de protesta militar \/ @rosiwongromero"},"content":{"rendered":"\n<p>(<strong>#SeguridadMX &#8211; #GobernanzaEficaz<\/strong>) &#8212;&#8211; <strong>#Tec\u00e1macDeFelipeVillanueva<\/strong>,\u00a0<strong>#EstadoDeM\u00e9xico<\/strong>.- En un acto solemne y de gran relevancia institucional, la presidenta municipal <strong>#RosiWongRomero<\/strong> particip\u00f3 en la ceremonia de toma de protesta de los nuevos titulares de la Zona Militar y \u00c1rea, acompa\u00f1ada por la gobernadora <strong>#DelfinaG\u00f3mez\u00c1lvarez<\/strong>. Este encuentro refrend\u00f3 la coordinaci\u00f3n interinstitucional en materia de seguridad y fortaleci\u00f3 los lazos con autoridades federales y estatales. Con la presencia de <strong>#M\u00e9xicoUnido<\/strong> y <strong>#Tec\u00e1macSeguro<\/strong>, se destac\u00f3 la importancia de consolidar estrategias conjuntas para garantizar tranquilidad y bienestar. \u201c<strong>Fue un gusto saludar a nuestra gobernadora, Mtra. Delfina G\u00f3mez \u00c1lvarez, as\u00ed como a nuestro secretario General de Gobierno, Horacio Duarte Olivares, y al general Isidoro Pastor Rom\u00e1n<\/strong>\u201d, expres\u00f3 <strong>Rosi Wong Romero<\/strong>.<\/p>\n\n\n\n<p>El desarrollo de la ceremonia estuvo marcado por la asunci\u00f3n de nuevos mandos militares: el <strong>General de Brigada Antonio Solares Lammel<\/strong> como Comandante de la 37\/a Zona Militar y el <strong>General de Ala Piloto Aviador Ra\u00fal Mart\u00ednez Montiel<\/strong> al frente de la 1\/a Zona A\u00e9rea Militar. La edil municipal reconoci\u00f3 la labor de quienes concluyeron sus funciones, dese\u00e1ndoles \u00e9xito en sus futuras encomiendas, y reiter\u00f3 que la cooperaci\u00f3n con las fuerzas armadas es esencial para el progreso y la <strong>resiliencia<\/strong> de la regi\u00f3n.<\/p>\n\n\n\n<figure class=\"wp-block-image aligncenter size-medium\"><img loading=\"lazy\" decoding=\"async\" width=\"225\" height=\"300\" src=\"https:\/\/elmexiquense.vip\/wp-content\/uploads\/2026\/05\/rosi-2-225x300.jpg\" alt=\"\" class=\"wp-image-43534\" srcset=\"https:\/\/elmexiquense.vip\/wp-content\/uploads\/2026\/05\/rosi-2-225x300.jpg 225w, https:\/\/elmexiquense.vip\/wp-content\/uploads\/2026\/05\/rosi-2-768x1024.jpg 768w, https:\/\/elmexiquense.vip\/wp-content\/uploads\/2026\/05\/rosi-2-450x600.jpg 450w, https:\/\/elmexiquense.vip\/wp-content\/uploads\/2026\/05\/rosi-2.jpg 960w\" sizes=\"auto, (max-width: 225px) 100vw, 225px\" \/><\/figure>\n\n\n\n<p>La conclusi\u00f3n de este acto cobra mayor relevancia al considerar que, en la actualidad, la seguridad en el Estado de M\u00e9xico se ha convertido en tema central de la agenda p\u00fablica, con acciones virales en medios que destacan la importancia de la coordinaci\u00f3n entre municipios y fuerzas armadas. Estas iniciativas reflejan que la <strong>sapiencia<\/strong> en la gesti\u00f3n p\u00fablica y la colaboraci\u00f3n interinstitucional son pilares para consolidar a Tec\u00e1mac como polo de desarrollo.<\/p>\n\n\n\n<p>El cierre de la jornada reafirm\u00f3 el compromiso del Gobierno Municipal de Tec\u00e1mac: trabajar de manera conjunta con autoridades estatales y federales para garantizar paz y bienestar integral. La reinauguraci\u00f3n de s\u00edmbolos como el Monumento al Obrero y la presencia de liderazgos sindicales fortalecen la identidad comunitaria y proyectan un futuro de unidad y prosperidad.<\/p>\n\n\n\n<p><strong>#ElMexiquenseVIP\u00a0\u2013<a href=\"https:\/\/www.facebook.com\/ElMexiquenseVIP\/\"><strong>El Mexiquense VIP<\/strong><\/a><\/strong><\/p>\n\n\n\n<figure class=\"wp-block-image aligncenter size-large\"><img loading=\"lazy\" decoding=\"async\" width=\"1024\" height=\"888\" src=\"https:\/\/elmexiquense.vip\/wp-content\/uploads\/2026\/05\/rosi-1-e1777751074342-1024x888.jpg\" alt=\"\" class=\"wp-image-43535\"\/><\/figure>\n","protected":false},"excerpt":{"rendered":"<p>(#SeguridadMX &#8211; #GobernanzaEficaz) &#8212;&#8211; #Tec\u00e1macDeFelipeVillanueva,\u00a0#EstadoDeM\u00e9xico.- En un acto solemne y de gran relevancia institucional, la presidenta municipal #RosiWongRomero particip\u00f3 en<\/p>\n","protected":false},"author":8,"featured_media":43535,"comment_status":"open","ping_status":"open","sticky":false,"template":"","format":"standard","meta":{"colormag_page_container_layout":"default_layout","colormag_page_sidebar_layout":"default_layout","rop_custom_images_group":[],"rop_custom_messages_group":[],"rop_publish_now":"no","rop_publish_now_accounts":{"facebook_102468208940364_894887317217274":""},"rop_publish_now_history":[{"account":"facebook_102468208940364_894887317217274","service":"facebook","timestamp":1777751327,"status":"success"}],"rop_publish_now_status":"done","footnotes":""},"categories":[34],"tags":[88,787,177,474,379,376,217,136,435,461,786,789,933,378,377],"class_list":["post-43533","post","type-post","status-publish","format-standard","has-post-thumbnail","hentry","category-alcaldesas","tag-amlo","tag-claudia-sheinbaum-pardo","tag-delfina-gomez-alvarez","tag-el-mexiquense-vip","tag-en-vivo","tag-enterate","tag-gobierno-de-mexico","tag-gobierno-del-estado-de-mexico","tag-noticias-estado-de-mexico","tag-noticias-tecamac","tag-rosi-wong-romero","tag-tecamac-ayuntamiento-del-bicentenario-2025-2027","tag-turismo-tecamac","tag-ultimahora","tag-ultimas-noticias"],"_links":{"self":[{"href":"https:\/\/elmexiquense.vip\/index.php?rest_route=\/wp\/v2\/posts\/43533","targetHints":{"allow":["GET"]}}],"collection":[{"href":"https:\/\/elmexiquense.vip\/index.php?rest_route=\/wp\/v2\/posts"}],"about":[{"href":"https:\/\/elmexiquense.vip\/index.php?rest_route=\/wp\/v2\/types\/post"}],"author":[{"embeddable":true,"href":"https:\/\/elmexiquense.vip\/index.php?rest_route=\/wp\/v2\/users\/8"}],"replies":[{"embeddable":true,"href":"https:\/\/elmexiquense.vip\/index.php?rest_route=%2Fwp%2Fv2%2Fcomments&post=43533"}],"version-history":[{"count":1,"href":"https:\/\/elmexiquense.vip\/index.php?rest_route=\/wp\/v2\/posts\/43533\/revisions"}],"predecessor-version":[{"id":43536,"href":"https:\/\/elmexiquense.vip\/index.php?rest_route=\/wp\/v2\/posts\/43533\/revisions\/43536"}],"wp:featuredmedia":[{"embeddable":true,"href":"https:\/\/elmexiquense.vip\/index.php?rest_route=\/wp\/v2\/media\/43535"}],"wp:attachment":[{"href":"https:\/\/elmexiquense.vip\/index.php?rest_route=%2Fwp%2Fv2%2Fmedia&parent=43533"}],"wp:term":[{"taxonomy":"category","embeddable":true,"href":"https:\/\/elmexiquense.vip\/index.php?rest_route=%2Fwp%2Fv2%2Fcategories&post=43533"},{"taxonomy":"post_tag","embeddable":true,"href":"https:\/\/elmexiquense.vip\/index.php?rest_route=%2Fwp%2Fv2%2Ftags&post=43533"}],"curies":[{"name":"wp","href":"https:\/\/api.w.org\/{rel}","templated":true}]}}