{"id":45643,"date":"2026-08-31T15:42:25","date_gmt":"2026-08-31T21:42:25","guid":{"rendered":"https:\/\/elmexiquense.vip\/?p=45643"},"modified":"2026-08-31T15:42:25","modified_gmt":"2026-08-31T21:42:25","slug":"daniel-serrano-impulsa-el-reencarpetado-mas-ambicioso-en-cuautitlan-izcalli-daniel_ser-gobizcalli","status":"publish","type":"post","link":"https:\/\/elmexiquense.vip\/?p=45643","title":{"rendered":"Daniel Serrano impulsa el reencarpetado m\u00e1s ambicioso en Cuautitl\u00e1n Izcalli \u00a0\/ @daniel_ser @GobIzcalli >>>"},"content":{"rendered":"\n<p class=\"wp-block-paragraph\">(<strong>#MovilidadUrbana<\/strong> &#8211; <strong>#InfraestructuraMX<\/strong>) ***\u00a0<strong>#Cuautitl\u00e1nIzcalli<\/strong>,\u00a0<strong>#EstadoDeM\u00e9xico<\/strong>.-\u00a0En un acto que redefine la capacidad operativa del municipio, <strong>#DanielSerranoPalacios<\/strong> present\u00f3 el <strong><strong>#TrenDePavimentaci\u00f3n<\/strong><\/strong>, un paquete de maquinaria propia destinado a acelerar la <strong>#Rehabilitaci\u00f3nDeCalles<\/strong> y avenidas; la iniciativa pretende atender el rezago hist\u00f3rico de <strong>#Infraestructura<\/strong> y mejorar la movilidad y la <strong>#Seguridad<\/strong> de las familias de <strong>Cuautitl\u00e1n Izcalli<\/strong>.<\/p>\n\n\n\n<p class=\"wp-block-paragraph\">La primera intervenci\u00f3n se realiz\u00f3 en la calle <strong>Tlatlaya<\/strong>, donde se ejecut\u00f3 el <strong>reencarpetado<\/strong> de 2\u202f430 metros cuadrados a lo largo de 270 metros, con la aplicaci\u00f3n de 321 toneladas de asfalto; este tramo inicial funciona como prueba de fuego para la nueva capacidad t\u00e9cnica municipal y para la ejecuci\u00f3n de obras integrales sin dependencia de terceros.<\/p>\n\n\n\n<p class=\"wp-block-paragraph\">La estrategia municipal articula cuatro frentes de trabajo: cuadrillas permanentes de <strong>bacheo<\/strong>, el <strong>Tren de Pavimentaci\u00f3n<\/strong> para rehabilitaciones integrales, <strong>obra por administraci\u00f3n<\/strong> y unidades de apoyo con capacidad de transporte de asfalto; la combinaci\u00f3n busca atender tanto afectaciones puntuales como calles que requieren renovaci\u00f3n completa, optimizando tiempos y elevando la calidad de la intervenci\u00f3n.<\/p>\n\n\n\n<figure class=\"wp-block-image aligncenter size-medium\"><img loading=\"lazy\" decoding=\"async\" width=\"300\" height=\"217\" src=\"https:\/\/elmexiquense.vip\/wp-content\/uploads\/2026\/08\/dani-2-scaled-e1788212404829-300x217.jpg\" alt=\"\" class=\"wp-image-45644\"\/><\/figure>\n\n\n\n<p class=\"wp-block-paragraph\">Diversos reportes han destacado que este programa constituye el mayor esfuerzo de reencarpetado en la historia reciente del municipio y subrayan la inversi\u00f3n en equipo propio como factor decisivo para la continuidad de las obras; <strong>Daniel Serrano<\/strong> insiste en que la presencia permanente en territorio y la planeaci\u00f3n son esenciales para revertir a\u00f1os de abandono en <strong>Cuautitl\u00e1n Izcalli<\/strong>.<\/p>\n\n\n\n<p class=\"wp-block-paragraph\">M\u00e1s que una obra aislada, el proyecto se concibe como una pol\u00edtica p\u00fablica de largo plazo destinada a construir una red vial m\u00e1s segura, moderna y funcional; la continuidad del <strong>bacheo<\/strong> y las rehabilitaciones integrales garantizar\u00e1 traslados m\u00e1s \u00e1giles y una mejora tangible en la calidad de vida de la comunidad.<\/p>\n\n\n\n<p class=\"wp-block-paragraph\">#<strong>ElMexiquenseVIP<\/strong>\u00a0\u2013<a href=\"https:\/\/www.facebook.com\/ElMexiquenseVIP\/\"><strong>El Mexiquense VIP<\/strong><\/a><\/p>\n\n\n\n<figure class=\"wp-block-image aligncenter size-large\"><img loading=\"lazy\" decoding=\"async\" width=\"1024\" height=\"660\" src=\"https:\/\/elmexiquense.vip\/wp-content\/uploads\/2026\/08\/dani-1-scaled-e1788212460452-1024x660.jpg\" alt=\"\" class=\"wp-image-45645\"\/><\/figure>\n","protected":false},"excerpt":{"rendered":"<p>(#MovilidadUrbana &#8211; #InfraestructuraMX) ***\u00a0#Cuautitl\u00e1nIzcalli,\u00a0#EstadoDeM\u00e9xico.-\u00a0En un acto que redefine la capacidad operativa del municipio, #DanielSerranoPalacios present\u00f3 el #TrenDePavimentaci\u00f3n, un paquete de<\/p>\n","protected":false},"author":8,"featured_media":45645,"comment_status":"open","ping_status":"open","sticky":false,"template":"","format":"standard","meta":{"colormag_page_container_layout":"default_layout","colormag_page_sidebar_layout":"default_layout","rop_custom_images_group":[],"rop_custom_messages_group":[],"rop_publish_now":"no","rop_publish_now_accounts":{"facebook_102468208940364_894887317217274":""},"rop_publish_now_history":[{"account":"facebook_102468208940364_894887317217274","service":"facebook","timestamp":1788212572,"status":"success"}],"rop_publish_now_status":"done","footnotes":""},"categories":[73],"tags":[88,934,787,900,758,177,100,474,379,376,217,136,613,927,688,435,899,383],"class_list":["post-45643","post","type-post","status-publish","format-standard","has-post-thumbnail","hentry","category-sobresaliente","tag-amlo","tag-ariadna-montiel-reyes","tag-claudia-sheinbaum-pardo","tag-cuautitlan-izcalli-news","tag-daniel-serrano-palacios","tag-delfina-gomez-alvarez","tag-dif-cuautitlan-izcalli","tag-el-mexiquense-vip","tag-en-vivo","tag-enterate","tag-gobierno-de-mexico","tag-gobierno-del-estado-de-mexico","tag-gobierno-municipal-de-cuautitlan-izcalli","tag-luz-maria-hernandez-bermudez","tag-noticias-cuautitlan-izcalli","tag-noticias-estado-de-mexico","tag-turismo-cuautitlan-izcalli","tag-ultima-hora"],"_links":{"self":[{"href":"https:\/\/elmexiquense.vip\/index.php?rest_route=\/wp\/v2\/posts\/45643","targetHints":{"allow":["GET"]}}],"collection":[{"href":"https:\/\/elmexiquense.vip\/index.php?rest_route=\/wp\/v2\/posts"}],"about":[{"href":"https:\/\/elmexiquense.vip\/index.php?rest_route=\/wp\/v2\/types\/post"}],"author":[{"embeddable":true,"href":"https:\/\/elmexiquense.vip\/index.php?rest_route=\/wp\/v2\/users\/8"}],"replies":[{"embeddable":true,"href":"https:\/\/elmexiquense.vip\/index.php?rest_route=%2Fwp%2Fv2%2Fcomments&post=45643"}],"version-history":[{"count":1,"href":"https:\/\/elmexiquense.vip\/index.php?rest_route=\/wp\/v2\/posts\/45643\/revisions"}],"predecessor-version":[{"id":45646,"href":"https:\/\/elmexiquense.vip\/index.php?rest_route=\/wp\/v2\/posts\/45643\/revisions\/45646"}],"wp:featuredmedia":[{"embeddable":true,"href":"https:\/\/elmexiquense.vip\/index.php?rest_route=\/wp\/v2\/media\/45645"}],"wp:attachment":[{"href":"https:\/\/elmexiquense.vip\/index.php?rest_route=%2Fwp%2Fv2%2Fmedia&parent=45643"}],"wp:term":[{"taxonomy":"category","embeddable":true,"href":"https:\/\/elmexiquense.vip\/index.php?rest_route=%2Fwp%2Fv2%2Fcategories&post=45643"},{"taxonomy":"post_tag","embeddable":true,"href":"https:\/\/elmexiquense.vip\/index.php?rest_route=%2Fwp%2Fv2%2Ftags&post=45643"}],"curies":[{"name":"wp","href":"https:\/\/api.w.org\/{rel}","templated":true}]}}