{"id":45647,"date":"2026-08-31T15:53:31","date_gmt":"2026-08-31T21:53:31","guid":{"rendered":"https:\/\/elmexiquense.vip\/?p=45647"},"modified":"2026-08-31T15:53:31","modified_gmt":"2026-08-31T21:53:31","slug":"claudia-sheinbaum-pardo-inaugura-el-abc-de-las-emociones-para-acompanar-a-la-juventud-claudiashein-gobiernomx","status":"publish","type":"post","link":"https:\/\/elmexiquense.vip\/?p=45647","title":{"rendered":"Claudia Sheinbaum Pardo inaugura \u00abEl ABC de las emociones\u00bb para acompa\u00f1ar a la juventud \u00a0\/ @Claudiashein @GobiernoMX >>>"},"content":{"rendered":"\n<p class=\"wp-block-paragraph\">(<strong>#SaludMentalJuvenil<\/strong> &#8211; <strong>#ElABCDeLasEmociones<\/strong>) ***\u00a0<strong>#GobiernoFederal<\/strong>,\u00a0<strong>#M\u00e9xic<\/strong>o.- En el arranque del ciclo escolar 2026\u20112027, la presidenta <strong>#ClaudiaSheinbaumPardo <\/strong>puso en marcha la estrategia nacional \u00ab<strong>#ElABCDeLasEmociones<\/strong>\u00ab, destinada a fortalecer el bienestar socioemocional de estudiantes de tercero de secundaria y de <strong>#Educaci\u00f3nMediaSuperior<\/strong>; el programa combina tutor\u00edas semanales, materiales impresos y acciones comunitarias para ofrecer acompa\u00f1amiento permanente durante la adolescencia.<\/p>\n\n\n\n<p class=\"wp-block-paragraph\">La iniciativa contempla sesiones de orientaci\u00f3n de <strong>1 hora a la semana<\/strong> en las aulas, actividades transversales y pl\u00e1ticas interactivas que involucran a docentes, madres, padres y personas cuidadoras; adem\u00e1s, se distribuir\u00e1n materiales pedag\u00f3gicos para facilitar la detecci\u00f3n temprana de riesgos y promover redes de apoyo entre pares y en el entorno escolar.<\/p>\n\n\n\n<p class=\"wp-block-paragraph\">En paralelo a la presentaci\u00f3n, se anunci\u00f3 la impresi\u00f3n y entrega de <strong>16 millones de gu\u00edas<\/strong> y la colocaci\u00f3n de 250\u202f000 carteles, as\u00ed como la articulaci\u00f3n con centros comunitarios y la L\u00ednea de la Vida para atenci\u00f3n especializada; <strong>Claudia Sheinbaum Pardo<\/strong> subray\u00f3 la importancia de la colaboraci\u00f3n entre escuela, familia y gobierno para acompa\u00f1ar a los j\u00f3venes en sus procesos emocionales.<\/p>\n\n\n\n<p class=\"wp-block-paragraph\">La puesta en marcha de este programa se concibe como una intervenci\u00f3n preventiva y territorial que busca consolidar la salud mental como componente esencial de la educaci\u00f3n; la estrategia aspira a acompa\u00f1ar a millones de estudiantes y a fortalecer v\u00ednculos para que la adolescencia transcurra con mayor bienestar y oportunidades de crecimiento.<\/p>\n\n\n\n<p class=\"wp-block-paragraph\"><strong><strong>#ElMexiquenseVIP<\/strong>\u00a0\u2013<a href=\"https:\/\/www.facebook.com\/ElMexiquenseVIP\/\"><strong>El Mexiquense VIP<\/strong><\/a><\/strong><\/p>\n\n\n\n<figure class=\"wp-block-image aligncenter size-full\"><img loading=\"lazy\" decoding=\"async\" width=\"650\" height=\"400\" src=\"https:\/\/elmexiquense.vip\/wp-content\/uploads\/2026\/08\/clau.jpg\" alt=\"\" class=\"wp-image-45648\" srcset=\"https:\/\/elmexiquense.vip\/wp-content\/uploads\/2026\/08\/clau.jpg 650w, https:\/\/elmexiquense.vip\/wp-content\/uploads\/2026\/08\/clau-300x185.jpg 300w\" sizes=\"auto, (max-width: 650px) 100vw, 650px\" \/><\/figure>\n","protected":false},"excerpt":{"rendered":"<p>(#SaludMentalJuvenil &#8211; #ElABCDeLasEmociones) ***\u00a0#GobiernoFederal,\u00a0#M\u00e9xico.- En el arranque del ciclo escolar 2026\u20112027, la presidenta #ClaudiaSheinbaumPardo puso en marcha la estrategia nacional<\/p>\n","protected":false},"author":8,"featured_media":45648,"comment_status":"open","ping_status":"open","sticky":false,"template":"","format":"standard","meta":{"colormag_page_container_layout":"default_layout","colormag_page_sidebar_layout":"default_layout","rop_custom_images_group":[],"rop_custom_messages_group":[],"rop_publish_now":"no","rop_publish_now_accounts":{"facebook_102468208940364_894887317217274":""},"rop_publish_now_history":[{"account":"facebook_102468208940364_894887317217274","service":"facebook","timestamp":1788213247,"status":"success"}],"rop_publish_now_status":"done","footnotes":""},"categories":[31],"tags":[88,934,787,146,177,474,379,376,217,136,79,356,424,123,430,375,378,377],"class_list":["post-45647","post","type-post","status-publish","format-standard","has-post-thumbnail","hentry","category-principales","tag-amlo","tag-ariadna-montiel-reyes","tag-claudia-sheinbaum-pardo","tag-conade","tag-delfina-gomez-alvarez","tag-el-mexiquense-vip","tag-en-vivo","tag-enterate","tag-gobierno-de-mexico","tag-gobierno-del-estado-de-mexico","tag-secretara-de-salud","tag-secretaria-de-bienestar","tag-secretaria-de-comunicaciones-y-transportes","tag-secretaria-de-cultura","tag-secretaria-de-educacion","tag-secretaria-de-la-mujer","tag-ultimahora","tag-ultimas-noticias"],"_links":{"self":[{"href":"https:\/\/elmexiquense.vip\/index.php?rest_route=\/wp\/v2\/posts\/45647","targetHints":{"allow":["GET"]}}],"collection":[{"href":"https:\/\/elmexiquense.vip\/index.php?rest_route=\/wp\/v2\/posts"}],"about":[{"href":"https:\/\/elmexiquense.vip\/index.php?rest_route=\/wp\/v2\/types\/post"}],"author":[{"embeddable":true,"href":"https:\/\/elmexiquense.vip\/index.php?rest_route=\/wp\/v2\/users\/8"}],"replies":[{"embeddable":true,"href":"https:\/\/elmexiquense.vip\/index.php?rest_route=%2Fwp%2Fv2%2Fcomments&post=45647"}],"version-history":[{"count":1,"href":"https:\/\/elmexiquense.vip\/index.php?rest_route=\/wp\/v2\/posts\/45647\/revisions"}],"predecessor-version":[{"id":45649,"href":"https:\/\/elmexiquense.vip\/index.php?rest_route=\/wp\/v2\/posts\/45647\/revisions\/45649"}],"wp:featuredmedia":[{"embeddable":true,"href":"https:\/\/elmexiquense.vip\/index.php?rest_route=\/wp\/v2\/media\/45648"}],"wp:attachment":[{"href":"https:\/\/elmexiquense.vip\/index.php?rest_route=%2Fwp%2Fv2%2Fmedia&parent=45647"}],"wp:term":[{"taxonomy":"category","embeddable":true,"href":"https:\/\/elmexiquense.vip\/index.php?rest_route=%2Fwp%2Fv2%2Fcategories&post=45647"},{"taxonomy":"post_tag","embeddable":true,"href":"https:\/\/elmexiquense.vip\/index.php?rest_route=%2Fwp%2Fv2%2Ftags&post=45647"}],"curies":[{"name":"wp","href":"https:\/\/api.w.org\/{rel}","templated":true}]}}