{"id":45650,"date":"2026-08-31T16:10:50","date_gmt":"2026-08-31T22:10:50","guid":{"rendered":"https:\/\/elmexiquense.vip\/?p=45650"},"modified":"2026-08-31T16:10:50","modified_gmt":"2026-08-31T22:10:50","slug":"municipio-de-ecatepec-impulsa-programa-de-embellecimiento-en-la-sierra-de-guadalupe-azucenacisneros-ecatepec","status":"publish","type":"post","link":"https:\/\/elmexiquense.vip\/?p=45650","title":{"rendered":"Municipio de Ecatepec impulsa programa de embellecimiento en la Sierra de Guadalupe \/ @azucenacisneros @Ecatepec"},"content":{"rendered":"\n<p class=\"wp-block-paragraph\">(<strong>#EcatepecRenace &#8211; #ColoresQueIluminan<\/strong>) *** <strong>#EcatepecDeMorelos<\/strong>, <strong>#EstadoDeM\u00e9xico<\/strong>.- En un acto que combina est\u00e9tica y pol\u00edtica p\u00fablica, la alcaldesa <strong>#AzucenaCisnerosCoss<\/strong> inaugur\u00f3 la intervenci\u00f3n en la <strong>#SierraDeGuadalupe<\/strong>, donde la transformaci\u00f3n de la <strong>Calle Acacias<\/strong> y el compromiso de extender la <strong>pintura de fachadas<\/strong> a <strong>3 mil viviendas<\/strong> buscan devolver visibilidad, <strong>#Seguridad<\/strong> y orgullo a una zona largamente estigmatizada; la iniciativa integra iluminaci\u00f3n, arte comunitario y participaci\u00f3n vecinal como ejes de recuperaci\u00f3n.<\/p>\n\n\n\n<p class=\"wp-block-paragraph\">La jornada en <strong>Calle Acacias<\/strong> incluy\u00f3 la restauraci\u00f3n de escaleras, la instalaci\u00f3n de luminarias y la creaci\u00f3n de un <strong>Sendero Seguro<\/strong>, adem\u00e1s de la siembra de un <strong>jard\u00edn polinizador<\/strong>; brigadas municipales y residentes pintaron los 129 metros lineales y colocaron frases motivacionales para fomentar la apropiaci\u00f3n del espacio p\u00fablico y la convivencia cotidiana.<\/p>\n\n\n\n<p class=\"wp-block-paragraph\">Vecinos y liderazgos locales destacaron el cambio inmediato en la percepci\u00f3n del barrio: lo que antes era un tramo oscuro ahora se reconoce desde el Camino Viejo a San Andr\u00e9s por su paleta de colores y por las intervenciones colectivas que invitan al tr\u00e1nsito y al encuentro comunitario.<\/p>\n\n\n\n<figure class=\"wp-block-image aligncenter size-medium\"><img loading=\"lazy\" decoding=\"async\" width=\"229\" height=\"300\" src=\"https:\/\/elmexiquense.vip\/wp-content\/uploads\/2026\/08\/azu-2-1-e1788214046860-229x300.jpg\" alt=\"\" class=\"wp-image-45651\"\/><\/figure>\n\n\n\n<p class=\"wp-block-paragraph\">Coberturas recientes han se\u00f1alado que la intervenci\u00f3n forma parte de un programa municipal m\u00e1s amplio que incorpora pavimentaci\u00f3n, drenaje y servicios b\u00e1sicos en la <strong>Sierra de Guadalupe<\/strong>, y que la alcaldesa <strong>Azucena Cisneros Coss<\/strong> ha impulsado la participaci\u00f3n ciudadana como condici\u00f3n para la sostenibilidad de las obras; la experiencia previa con el colectivo <strong>Boa Mistura<\/strong> y el mural que desde el Mexicable lee <strong>\u00abLUZ\u00bb<\/strong> se presenta como antecedente inspirador.<\/p>\n\n\n\n<p class=\"wp-block-paragraph\">La apuesta municipal combina est\u00e9tica, infraestructura y comunidad para revertir el abandono: la continuidad del proyecto depender\u00e1 ahora de la coordinaci\u00f3n entre autoridades y vecinos, quienes ya han demostrado voluntad y trabajo conjunto para transformar su entorno y recuperar la dignidad del barrio.<\/p>\n\n\n\n<p class=\"wp-block-paragraph\"><strong>#ElMexiquenseVIP<\/strong>\u00a0\u2013<a href=\"https:\/\/www.facebook.com\/ElMexiquenseVIP\/\"><strong>El Mexiquense VIP<\/strong><\/a><\/p>\n\n\n\n<figure class=\"wp-block-image aligncenter size-large\"><img loading=\"lazy\" decoding=\"async\" width=\"1024\" height=\"682\" src=\"https:\/\/elmexiquense.vip\/wp-content\/uploads\/2026\/08\/azu-1-1024x682.jpg\" alt=\"\" class=\"wp-image-45652\"\/><\/figure>\n","protected":false},"excerpt":{"rendered":"<p>(#EcatepecRenace &#8211; #ColoresQueIluminan) *** #EcatepecDeMorelos, #EstadoDeM\u00e9xico.- En un acto que combina est\u00e9tica y pol\u00edtica p\u00fablica, la alcaldesa #AzucenaCisnerosCoss inaugur\u00f3 la<\/p>\n","protected":false},"author":8,"featured_media":45652,"comment_status":"open","ping_status":"open","sticky":false,"template":"","format":"standard","meta":{"colormag_page_container_layout":"default_layout","colormag_page_sidebar_layout":"default_layout","rop_custom_images_group":[],"rop_custom_messages_group":[],"rop_publish_now":"no","rop_publish_now_accounts":{"facebook_102468208940364_894887317217274":""},"rop_publish_now_history":[{"account":"facebook_102468208940364_894887317217274","service":"facebook","timestamp":1788214267,"status":"success"}],"rop_publish_now_status":"done","footnotes":""},"categories":[34],"tags":[88,773,934,755,787,177,82,379,376,184,217,136,927,254,485,435,383],"class_list":["post-45650","post","type-post","status-publish","format-standard","has-post-thumbnail","hentry","category-alcaldesas","tag-amlo","tag-andres-manuel-lopez-beltran","tag-ariadna-montiel-reyes","tag-azucena-cisneros-coss","tag-claudia-sheinbaum-pardo","tag-delfina-gomez-alvarez","tag-dif-ecatepec","tag-en-vivo","tag-enterate","tag-gobierno-de-ecatepec-de-morelos","tag-gobierno-de-mexico","tag-gobierno-del-estado-de-mexico","tag-luz-maria-hernandez-bermudez","tag-morena-ecatepec","tag-noticias-ecatepec","tag-noticias-estado-de-mexico","tag-ultima-hora"],"_links":{"self":[{"href":"https:\/\/elmexiquense.vip\/index.php?rest_route=\/wp\/v2\/posts\/45650","targetHints":{"allow":["GET"]}}],"collection":[{"href":"https:\/\/elmexiquense.vip\/index.php?rest_route=\/wp\/v2\/posts"}],"about":[{"href":"https:\/\/elmexiquense.vip\/index.php?rest_route=\/wp\/v2\/types\/post"}],"author":[{"embeddable":true,"href":"https:\/\/elmexiquense.vip\/index.php?rest_route=\/wp\/v2\/users\/8"}],"replies":[{"embeddable":true,"href":"https:\/\/elmexiquense.vip\/index.php?rest_route=%2Fwp%2Fv2%2Fcomments&post=45650"}],"version-history":[{"count":1,"href":"https:\/\/elmexiquense.vip\/index.php?rest_route=\/wp\/v2\/posts\/45650\/revisions"}],"predecessor-version":[{"id":45653,"href":"https:\/\/elmexiquense.vip\/index.php?rest_route=\/wp\/v2\/posts\/45650\/revisions\/45653"}],"wp:featuredmedia":[{"embeddable":true,"href":"https:\/\/elmexiquense.vip\/index.php?rest_route=\/wp\/v2\/media\/45652"}],"wp:attachment":[{"href":"https:\/\/elmexiquense.vip\/index.php?rest_route=%2Fwp%2Fv2%2Fmedia&parent=45650"}],"wp:term":[{"taxonomy":"category","embeddable":true,"href":"https:\/\/elmexiquense.vip\/index.php?rest_route=%2Fwp%2Fv2%2Fcategories&post=45650"},{"taxonomy":"post_tag","embeddable":true,"href":"https:\/\/elmexiquense.vip\/index.php?rest_route=%2Fwp%2Fv2%2Ftags&post=45650"}],"curies":[{"name":"wp","href":"https:\/\/api.w.org\/{rel}","templated":true}]}}