{"id":45654,"date":"2026-08-31T16:26:48","date_gmt":"2026-08-31T22:26:48","guid":{"rendered":"https:\/\/elmexiquense.vip\/?p=45654"},"modified":"2026-08-31T16:26:48","modified_gmt":"2026-08-31T22:26:48","slug":"raciel-perez-cruz-anuncia-inversion-y-nuevos-planteles-para-la-juventud-de-tlalnepantla-racielperezc_-gob_tlalne","status":"publish","type":"post","link":"https:\/\/elmexiquense.vip\/?p=45654","title":{"rendered":"Raciel P\u00e9rez Cruz anuncia inversi\u00f3n y nuevos planteles para la juventud de Tlalnepantla \/ @RacielPerezC_ @Gob_Tlalne >>>"},"content":{"rendered":"\n<p class=\"wp-block-paragraph\">(<strong><strong>#Educaci\u00f3nParaTodos<\/strong><\/strong> &#8211; <strong>#InfraestructuraEducativa<\/strong>) ***\u00a0<strong><strong>#TlalnepantlaDeBaz<\/strong>,\u00a0<strong>#EstadoDeM\u00e9xico<\/strong>.-<\/strong> En la Escuela Secundaria <strong>Mois\u00e9s S\u00e1enz<\/strong>, el Presidente Municipal <strong>#RacielP\u00e9rezCruz<\/strong> y la Oficial Mayor <strong>#M\u00f3nicaCh\u00e1vezDur\u00e1n<\/strong> encabezaron el inicio del <strong>#CicloEscolar<\/strong> 2026\u20112027 y presentaron la estrategia \u00ab<strong>#EdoM\u00e9xAl100<\/strong> <strong>con este #RegresoAClases<\/strong>\u00ab, un paquete de acciones que articula apoyos materiales y obras de infraestructura con el prop\u00f3sito de ampliar oportunidades educativas y fortalecer la corresponsabilidad entre los \u00f3rdenes de gobierno.<\/p>\n\n\n\n<p class=\"wp-block-paragraph\">La jornada incluy\u00f3 anuncios concretos para la demarcaci\u00f3n: la donaci\u00f3n de <strong>15 equipos de c\u00f3mputo<\/strong> al aula de inform\u00e1tica y trabajos de pintura en el patio escolar, adem\u00e1s de la confirmaci\u00f3n de inversiones mayores en infraestructura educativa que buscan elevar la calidad de los espacios de aprendizaje y reducir brechas de acceso.<\/p>\n\n\n\n<p class=\"wp-block-paragraph\">En el plano regional, el alcalde destac\u00f3 la construcci\u00f3n de <strong>dos bachilleratos Margarita Maza<\/strong> con entrega prevista en diciembre y la pr\u00f3xima llegada de la <strong>Universidad Rosario Castellanos<\/strong>, proyectos que, seg\u00fan la administraci\u00f3n municipal, consolidan una oferta acad\u00e9mica m\u00e1s amplia y accesible para la juventud de <strong>Tlalnepantla<\/strong>.<\/p>\n\n\n\n<figure class=\"wp-block-image aligncenter size-medium\"><img loading=\"lazy\" decoding=\"async\" width=\"300\" height=\"200\" src=\"https:\/\/elmexiquense.vip\/wp-content\/uploads\/2026\/08\/raci-2-8-300x200.jpg\" alt=\"\" class=\"wp-image-45655\"\/><\/figure>\n\n\n\n<p class=\"wp-block-paragraph\">Coberturas oficiales han subrayado que la estrategia respalda el retorno a clases de <strong>4.2 millones de alumnas y alumnos<\/strong> y a <strong>250 mil docentes<\/strong>, con la distribuci\u00f3n de <strong>libros de texto gratuitos<\/strong> en m\u00e1s de <strong>19 mil escuelas<\/strong>, el suministro de \u00fatiles a <strong>2.7 millones de estudiantes<\/strong>, una inversi\u00f3n superior a <strong>1,255 millones de pesos<\/strong> y la incorporaci\u00f3n del <strong>Seguro Escolar<\/strong> con cobertura m\u00e9dica por <strong>56.5 millones de pesos<\/strong>, en el marco de una bolsa hist\u00f3rica que supera los <strong>12,313 millones de pesos<\/strong> para el sector educativo; <strong>M\u00f3nica Ch\u00e1vez Dur\u00e1n<\/strong> enfatiz\u00f3 la prioridad de la gobernanza estatal y federal en este esfuerzo.<\/p>\n\n\n\n<p class=\"wp-block-paragraph\">Con estas medidas, el Gobierno Municipal refrenda que la educaci\u00f3n es eje de transformaci\u00f3n social y prevenci\u00f3n; garantizar aulas dignas, programas de apoyo y continuidad acad\u00e9mica constituye la apuesta para consolidar a <strong>Tlalnepantla<\/strong> como un municipio con visi\u00f3n de futuro.<\/p>\n\n\n\n<p class=\"wp-block-paragraph\"><strong>#ElMexiquenseVIP<\/strong>\u00a0\u2013<a href=\"https:\/\/www.facebook.com\/ElMexiquenseVIP\/\"><strong>El Mexiquense VIP<\/strong><\/a><\/p>\n\n\n\n<figure class=\"wp-block-image aligncenter size-large\"><img loading=\"lazy\" decoding=\"async\" width=\"1024\" height=\"706\" src=\"https:\/\/elmexiquense.vip\/wp-content\/uploads\/2026\/08\/raci-1-11-e1788215119440-1024x706.jpg\" alt=\"\" class=\"wp-image-45656\"\/><\/figure>\n","protected":false},"excerpt":{"rendered":"<p>(#Educaci\u00f3nParaTodos &#8211; #InfraestructuraEducativa) ***\u00a0#TlalnepantlaDeBaz,\u00a0#EstadoDeM\u00e9xico.- En la Escuela Secundaria Mois\u00e9s S\u00e1enz, el Presidente Municipal #RacielP\u00e9rezCruz y la Oficial Mayor #M\u00f3nicaCh\u00e1vezDur\u00e1n encabezaron<\/p>\n","protected":false},"author":8,"featured_media":45656,"comment_status":"open","ping_status":"open","sticky":false,"template":"","format":"standard","meta":{"colormag_page_container_layout":"default_layout","colormag_page_sidebar_layout":"default_layout","rop_custom_images_group":[],"rop_custom_messages_group":[],"rop_publish_now":"no","rop_publish_now_accounts":{"facebook_102468208940364_894887317217274":""},"rop_publish_now_history":[{"account":"facebook_102468208940364_894887317217274","service":"facebook","timestamp":1788215228,"status":"success"}],"rop_publish_now_status":"done","footnotes":""},"categories":[29],"tags":[773,934,787,177,602,474,379,376,217,599,136,927,152,51,383],"class_list":["post-45654","post","type-post","status-publish","format-standard","has-post-thumbnail","hentry","category-destacados","tag-andres-manuel-lopez-beltran","tag-ariadna-montiel-reyes","tag-claudia-sheinbaum-pardo","tag-delfina-gomez-alvarez","tag-dif-tlalnepantla","tag-el-mexiquense-vip","tag-en-vivo","tag-enterate","tag-gobierno-de-mexico","tag-gobierno-de-tlalnepantla-de-baz","tag-gobierno-del-estado-de-mexico","tag-luz-maria-hernandez-bermudez","tag-municipio-de-tlalnepantla-de-baz","tag-raciel-perez-cruz","tag-ultima-hora"],"_links":{"self":[{"href":"https:\/\/elmexiquense.vip\/index.php?rest_route=\/wp\/v2\/posts\/45654","targetHints":{"allow":["GET"]}}],"collection":[{"href":"https:\/\/elmexiquense.vip\/index.php?rest_route=\/wp\/v2\/posts"}],"about":[{"href":"https:\/\/elmexiquense.vip\/index.php?rest_route=\/wp\/v2\/types\/post"}],"author":[{"embeddable":true,"href":"https:\/\/elmexiquense.vip\/index.php?rest_route=\/wp\/v2\/users\/8"}],"replies":[{"embeddable":true,"href":"https:\/\/elmexiquense.vip\/index.php?rest_route=%2Fwp%2Fv2%2Fcomments&post=45654"}],"version-history":[{"count":1,"href":"https:\/\/elmexiquense.vip\/index.php?rest_route=\/wp\/v2\/posts\/45654\/revisions"}],"predecessor-version":[{"id":45657,"href":"https:\/\/elmexiquense.vip\/index.php?rest_route=\/wp\/v2\/posts\/45654\/revisions\/45657"}],"wp:featuredmedia":[{"embeddable":true,"href":"https:\/\/elmexiquense.vip\/index.php?rest_route=\/wp\/v2\/media\/45656"}],"wp:attachment":[{"href":"https:\/\/elmexiquense.vip\/index.php?rest_route=%2Fwp%2Fv2%2Fmedia&parent=45654"}],"wp:term":[{"taxonomy":"category","embeddable":true,"href":"https:\/\/elmexiquense.vip\/index.php?rest_route=%2Fwp%2Fv2%2Fcategories&post=45654"},{"taxonomy":"post_tag","embeddable":true,"href":"https:\/\/elmexiquense.vip\/index.php?rest_route=%2Fwp%2Fv2%2Ftags&post=45654"}],"curies":[{"name":"wp","href":"https:\/\/api.w.org\/{rel}","templated":true}]}}