{"id":45658,"date":"2026-08-31T16:40:47","date_gmt":"2026-08-31T22:40:47","guid":{"rendered":"https:\/\/elmexiquense.vip\/?p=45658"},"modified":"2026-08-31T16:40:47","modified_gmt":"2026-08-31T22:40:47","slug":"isaac-montoya-marquez-anuncia-equipos-y-nuevos-planteles-para-estudiantes-en-naucalpan-isaacsolar-gobnau","status":"publish","type":"post","link":"https:\/\/elmexiquense.vip\/?p=45658","title":{"rendered":"Isaac Montoya M\u00e1rquez anuncia equipos y nuevos planteles para estudiantes en Naucalpan \u00a0\/ @isaacsolar @GobNau >>>"},"content":{"rendered":"\n<p class=\"wp-block-paragraph\">(<strong>#EdoM\u00e9xAl100<\/strong> &#8211; <strong>#NaucalpanEducado<\/strong>)  ***\u00a0<strong>#NaucalpanDeJu\u00e1rez<\/strong>,\u00a0<strong>#EstadoDeM\u00e9xico<\/strong>.-\u00a0En la Telesecundaria <strong>Mois\u00e9s S\u00e1enz<\/strong>, el presidente municipal <strong>#IsaacMontoyaM\u00e1rquez<\/strong>, acompa\u00f1ado por <strong>\u00d3scar Flores Jim\u00e9nez<\/strong> y <strong>Juana Yescas Vega<\/strong>, dio inicio al ciclo escolar 2026\u20112027 y present\u00f3 la estrategia \u00ab<strong>#Edom\u00e9x<\/strong> <strong>al 100 en este<\/strong> <strong><strong>#RegresoAClases<\/strong>\u00ab,<\/strong> un paquete de apoyos y obras que articula esfuerzos estatales y municipales para garantizar condiciones dignas de aprendizaje y acompa\u00f1amiento a las familias de <strong>#Naucalpan<\/strong>.<\/p>\n\n\n\n<p class=\"wp-block-paragraph\">El acto sirvi\u00f3 para reafirmar la corresponsabilidad entre \u00f3rdenes de gobierno y el respaldo de la presidenta <strong>Claudia Sheinbaum Pardo<\/strong> y la gobernadora <strong>Delfina G\u00f3mez \u00c1lvarez<\/strong>; el alcalde subray\u00f3 que la educaci\u00f3n p\u00fablica debe ser accesible y que las pol\u00edticas anunciadas buscan reducir la carga econ\u00f3mica del regreso a clases.<\/p>\n\n\n\n<p class=\"wp-block-paragraph\">Entre las acciones inmediatas destacan la entrega de <strong>15 equipos de c\u00f3mputo<\/strong> al aula de inform\u00e1tica de la escuela sede, trabajos de pintura en el patio escolar y la continuidad de programas municipales como <strong>Impulsando tu Escuela<\/strong>, que beneficia a m\u00e1s de <strong>20 mil estudiantes<\/strong> mediante mochilas, kits escolares y la recuperaci\u00f3n de espacios educativos.<\/p>\n\n\n\n<figure class=\"wp-block-image aligncenter size-medium\"><img loading=\"lazy\" decoding=\"async\" width=\"300\" height=\"270\" src=\"https:\/\/elmexiquense.vip\/wp-content\/uploads\/2026\/08\/isa-2-10-e1788215894602-300x270.jpg\" alt=\"\" class=\"wp-image-45659\"\/><\/figure>\n\n\n\n<p class=\"wp-block-paragraph\">Coberturas oficiales han detallado que la estrategia contempla la distribuci\u00f3n de libros de texto gratuito en m\u00e1s de <strong>19 mil escuelas<\/strong>, el suministro de \u00fatiles a <strong>2.7 millones<\/strong> de estudiantes, una inversi\u00f3n superior a <strong>1,255 millones de pesos<\/strong> para apoyos materiales y la incorporaci\u00f3n del <strong>Seguro Escolar<\/strong> con cobertura m\u00e9dica por <strong>56.5 millones de pesos<\/strong>, en el marco de una bolsa hist\u00f3rica que supera los <strong>12,313 millones de pesos<\/strong> para el sector educativo; <strong>Isaac Montoya M\u00e1rquez<\/strong> enfatiz\u00f3 que estas medidas refuerzan la prevenci\u00f3n y la equidad educativa en el municipio.<\/p>\n\n\n\n<p class=\"wp-block-paragraph\">La jornada concluy\u00f3 con el compromiso municipal de mantener operativos los programas de seguridad escolar, mejorar la infraestructura y ampliar la oferta acad\u00e9mica local; la administraci\u00f3n de <strong>Naucalpan<\/strong> insiste en que la educaci\u00f3n es la v\u00eda para construir un futuro m\u00e1s justo e inclusivo para ni\u00f1as, ni\u00f1os y j\u00f3venes.<\/p>\n\n\n\n<p class=\"wp-block-paragraph\"><strong>#ElMexiquenseVIP<\/strong>\u00a0\u2013<a href=\"https:\/\/www.facebook.com\/ElMexiquenseVIP\/\"><strong>El Mexiquense VIP<\/strong><\/a><\/p>\n\n\n\n<figure class=\"wp-block-image aligncenter size-large\"><img loading=\"lazy\" decoding=\"async\" width=\"1024\" height=\"748\" src=\"https:\/\/elmexiquense.vip\/wp-content\/uploads\/2026\/08\/isa-1-11-e1788215948855-1024x748.jpg\" alt=\"\" class=\"wp-image-45660\"\/><\/figure>\n","protected":false},"excerpt":{"rendered":"<p>(#EdoM\u00e9xAl100 &#8211; #NaucalpanEducado) ***\u00a0#NaucalpanDeJu\u00e1rez,\u00a0#EstadoDeM\u00e9xico.-\u00a0En la Telesecundaria Mois\u00e9s S\u00e1enz, el presidente municipal #IsaacMontoyaM\u00e1rquez, acompa\u00f1ado por \u00d3scar Flores Jim\u00e9nez y Juana Yescas<\/p>\n","protected":false},"author":8,"featured_media":45660,"comment_status":"open","ping_status":"open","sticky":false,"template":"","format":"standard","meta":{"colormag_page_container_layout":"default_layout","colormag_page_sidebar_layout":"default_layout","rop_custom_images_group":[],"rop_custom_messages_group":[],"rop_publish_now":"no","rop_publish_now_accounts":{"facebook_102468208940364_894887317217274":""},"rop_publish_now_history":[{"account":"facebook_102468208940364_894887317217274","service":"facebook","timestamp":1788216071,"status":"success"}],"rop_publish_now_status":"done","footnotes":""},"categories":[29],"tags":[934,787,177,105,474,379,376,217,136,575,924,788,941,898,766,897,383],"class_list":["post-45658","post","type-post","status-publish","format-standard","has-post-thumbnail","hentry","category-destacados","tag-ariadna-montiel-reyes","tag-claudia-sheinbaum-pardo","tag-delfina-gomez-alvarez","tag-dif-naucalpan","tag-el-mexiquense-vip","tag-en-vivo","tag-enterate","tag-gobierno-de-mexico","tag-gobierno-del-estado-de-mexico","tag-gobierno-municipal-de-naucalpan-de-juarez","tag-guardia-municipal-ciudad-naucalpan","tag-isaac-montoya-marquez","tag-jose-carlos-quezada-roman","tag-naucalpan-news","tag-noticias-naucalpan","tag-turismo-naucalpan","tag-ultima-hora"],"_links":{"self":[{"href":"https:\/\/elmexiquense.vip\/index.php?rest_route=\/wp\/v2\/posts\/45658","targetHints":{"allow":["GET"]}}],"collection":[{"href":"https:\/\/elmexiquense.vip\/index.php?rest_route=\/wp\/v2\/posts"}],"about":[{"href":"https:\/\/elmexiquense.vip\/index.php?rest_route=\/wp\/v2\/types\/post"}],"author":[{"embeddable":true,"href":"https:\/\/elmexiquense.vip\/index.php?rest_route=\/wp\/v2\/users\/8"}],"replies":[{"embeddable":true,"href":"https:\/\/elmexiquense.vip\/index.php?rest_route=%2Fwp%2Fv2%2Fcomments&post=45658"}],"version-history":[{"count":1,"href":"https:\/\/elmexiquense.vip\/index.php?rest_route=\/wp\/v2\/posts\/45658\/revisions"}],"predecessor-version":[{"id":45661,"href":"https:\/\/elmexiquense.vip\/index.php?rest_route=\/wp\/v2\/posts\/45658\/revisions\/45661"}],"wp:featuredmedia":[{"embeddable":true,"href":"https:\/\/elmexiquense.vip\/index.php?rest_route=\/wp\/v2\/media\/45660"}],"wp:attachment":[{"href":"https:\/\/elmexiquense.vip\/index.php?rest_route=%2Fwp%2Fv2%2Fmedia&parent=45658"}],"wp:term":[{"taxonomy":"category","embeddable":true,"href":"https:\/\/elmexiquense.vip\/index.php?rest_route=%2Fwp%2Fv2%2Fcategories&post=45658"},{"taxonomy":"post_tag","embeddable":true,"href":"https:\/\/elmexiquense.vip\/index.php?rest_route=%2Fwp%2Fv2%2Ftags&post=45658"}],"curies":[{"name":"wp","href":"https:\/\/api.w.org\/{rel}","templated":true}]}}