{"id":45663,"date":"2026-08-31T19:46:46","date_gmt":"2026-09-01T01:46:46","guid":{"rendered":"https:\/\/elmexiquense.vip\/?p=45663"},"modified":"2026-08-31T20:22:41","modified_gmt":"2026-09-01T02:22:41","slug":"comisario-rufino-jimenez-jimenez-encabeza-operativo-en-tecamac-para-proteger-a-la-comunidad-escolar-en-su-regreso-a-clases-rosiwongromero","status":"publish","type":"post","link":"https:\/\/elmexiquense.vip\/?p=45663","title":{"rendered":"Comisario Rufino Jim\u00e9nez Jim\u00e9nez encabeza operativo en Tec\u00e1mac para proteger a la comunidad escolar en su regreso a clases \/ @rosiwongromero"},"content":{"rendered":"\n<p class=\"wp-block-paragraph\">(<strong>#RegresoAClases<\/strong> &#8211; <strong>#Tec\u00e1macSeguro<\/strong>) ***&nbsp;<strong>#Tec\u00e1macDeFelipeVillanueva<\/strong>,&nbsp;<strong>#EstadoDeM\u00e9xico<\/strong>.-&nbsp;En la ma\u00f1ana de hoy, el <strong>Comisario<\/strong> <strong>#RufinoJim\u00e9nezJim\u00e9nez<\/strong> encabez\u00f3 el lanzamiento del <strong>#OperativoRegresoAClases<\/strong>, una estrategia orientada a proteger y acompa\u00f1ar a la comunidad escolar de <strong>#Tec\u00e1mac<\/strong>; con presencia visible de la <strong>#GuardiaCivilTec\u00e1mac<\/strong> en los accesos a los planteles, la acci\u00f3n busca propiciar <strong>\u00abun regreso tranquilo\u00bb<\/strong> para ni\u00f1as, ni\u00f1os y j\u00f3venes.<\/p>\n\n\n\n<p class=\"wp-block-paragraph\">Desde primeras horas, efectivos de la <strong>Guardia Civil Tec\u00e1mac<\/strong> se desplegaron en las inmediaciones de escuelas p\u00fablicas y privadas para reforzar la seguridad y facilitar la movilidad; la disposici\u00f3n incluye patrullajes preventivos, vigilancia en cruces peatonales y apoyo directo a madres, padres y docentes.<\/p>\n\n\n\n<p class=\"wp-block-paragraph\">El operativo \u2014como lo instruyo la alcaldesa <strong>Rosi Wong<\/strong>\u2014 prioriza la salvaguarda de la integridad f\u00edsica y patrimonial de <strong>estudiantes; personal docente; padres de familia<\/strong>, as\u00ed como la prevenci\u00f3n de incidentes que puedan entorpecer el inicio del ciclo escolar en preescolar, primaria y secundaria; adem\u00e1s, se coordina la atenci\u00f3n a reportes ciudadanos y la pronta intervenci\u00f3n ante eventualidades.<\/p>\n\n\n\n<figure class=\"wp-block-image aligncenter size-medium\"><img loading=\"lazy\" decoding=\"async\" width=\"300\" height=\"265\" src=\"https:\/\/elmexiquense.vip\/wp-content\/uploads\/2026\/08\/teca-2-e1788226994416-300x265.jpg\" alt=\"\" class=\"wp-image-45664\"\/><\/figure>\n\n\n\n<p class=\"wp-block-paragraph\">En la cobertura medi\u00e1tica se destaca la coordinaci\u00f3n entre autoridades municipales y cuerpos de seguridad para minimizar riesgos y ordenar el tr\u00e1nsito en zonas escolares; <strong>Comisario Rufino Jim\u00e9nez Jim\u00e9nez<\/strong> reiter\u00f3 la importancia de la colaboraci\u00f3n ciudadana y las medidas preventivas implementadas en <strong>Tec\u00e1mac<\/strong> para evitar sanciones y congestiones vehiculares.<\/p>\n\n\n\n<p class=\"wp-block-paragraph\">El <strong>Comisario Rufino Jim\u00e9nez Jim\u00e9nez<\/strong>  mantiene su llamado a la prudencia y al respeto del Reglamento de Tr\u00e1nsito, mientras que las Guardia Civil intensifican la vigilancia para garantizar que el retorno a las aulas se realice con la menor afectaci\u00f3n posible para la comunidad educativa.<\/p>\n\n\n\n<p class=\"wp-block-paragraph\"><strong>#ElMexiquenseVIP&nbsp;\u2013<a href=\"https:\/\/www.facebook.com\/ElMexiquenseVIP\/\"><strong>El Mexiquense VIP<\/strong><\/a><\/strong><\/p>\n\n\n\n<figure class=\"wp-block-image aligncenter size-large\"><img loading=\"lazy\" decoding=\"async\" width=\"1024\" height=\"881\" src=\"https:\/\/elmexiquense.vip\/wp-content\/uploads\/2026\/08\/guardia-1-1024x881.jpg\" alt=\"\" class=\"wp-image-45665\"\/><\/figure>\n","protected":false},"excerpt":{"rendered":"<p>(#RegresoAClases &#8211; #Tec\u00e1macSeguro) ***&nbsp;#Tec\u00e1macDeFelipeVillanueva,&nbsp;#EstadoDeM\u00e9xico.-&nbsp;En la ma\u00f1ana de hoy, el Comisario #RufinoJim\u00e9nezJim\u00e9nez encabez\u00f3 el lanzamiento del #OperativoRegresoAClases, una estrategia orientada a<\/p>\n","protected":false},"author":8,"featured_media":45665,"comment_status":"open","ping_status":"open","sticky":false,"template":"","format":"standard","meta":{"colormag_page_container_layout":"default_layout","colormag_page_sidebar_layout":"default_layout","rop_custom_images_group":[],"rop_custom_messages_group":[],"rop_publish_now":"no","rop_publish_now_accounts":{"facebook_102468208940364_894887317217274":""},"rop_publish_now_history":[{"account":"facebook_102468208940364_894887317217274","service":"facebook","timestamp":1788228599,"status":"success"}],"rop_publish_now_status":"done","footnotes":""},"categories":[874],"tags":[88,934,787,177,474,379,376,217,136,926,903,461,786,925,940,789,378,377],"class_list":["post-45663","post","type-post","status-publish","format-standard","has-post-thumbnail","hentry","category-seguridad-y-proteccion-civil","tag-amlo","tag-ariadna-montiel-reyes","tag-claudia-sheinbaum-pardo","tag-delfina-gomez-alvarez","tag-el-mexiquense-vip","tag-en-vivo","tag-enterate","tag-gobierno-de-mexico","tag-gobierno-del-estado-de-mexico","tag-guardia-civil-tecamac-2025-2027-2","tag-luz-ma-hernandez","tag-noticias-tecamac","tag-rosi-wong-romero","tag-rubid-suarez-mondragon","tag-rufino-jimenez-jimenez","tag-tecamac-ayuntamiento-del-bicentenario-2025-2027","tag-ultimahora","tag-ultimas-noticias"],"_links":{"self":[{"href":"https:\/\/elmexiquense.vip\/index.php?rest_route=\/wp\/v2\/posts\/45663","targetHints":{"allow":["GET"]}}],"collection":[{"href":"https:\/\/elmexiquense.vip\/index.php?rest_route=\/wp\/v2\/posts"}],"about":[{"href":"https:\/\/elmexiquense.vip\/index.php?rest_route=\/wp\/v2\/types\/post"}],"author":[{"embeddable":true,"href":"https:\/\/elmexiquense.vip\/index.php?rest_route=\/wp\/v2\/users\/8"}],"replies":[{"embeddable":true,"href":"https:\/\/elmexiquense.vip\/index.php?rest_route=%2Fwp%2Fv2%2Fcomments&post=45663"}],"version-history":[{"count":2,"href":"https:\/\/elmexiquense.vip\/index.php?rest_route=\/wp\/v2\/posts\/45663\/revisions"}],"predecessor-version":[{"id":45672,"href":"https:\/\/elmexiquense.vip\/index.php?rest_route=\/wp\/v2\/posts\/45663\/revisions\/45672"}],"wp:featuredmedia":[{"embeddable":true,"href":"https:\/\/elmexiquense.vip\/index.php?rest_route=\/wp\/v2\/media\/45665"}],"wp:attachment":[{"href":"https:\/\/elmexiquense.vip\/index.php?rest_route=%2Fwp%2Fv2%2Fmedia&parent=45663"}],"wp:term":[{"taxonomy":"category","embeddable":true,"href":"https:\/\/elmexiquense.vip\/index.php?rest_route=%2Fwp%2Fv2%2Fcategories&post=45663"},{"taxonomy":"post_tag","embeddable":true,"href":"https:\/\/elmexiquense.vip\/index.php?rest_route=%2Fwp%2Fv2%2Ftags&post=45663"}],"curies":[{"name":"wp","href":"https:\/\/api.w.org\/{rel}","templated":true}]}}