{"id":45667,"date":"2026-08-31T20:09:36","date_gmt":"2026-09-01T02:09:36","guid":{"rendered":"https:\/\/elmexiquense.vip\/?p=45667"},"modified":"2026-08-31T20:09:36","modified_gmt":"2026-09-01T02:09:36","slug":"romina-contreras-carrasco-equipa-a-mas-de-cinco-mil-trabajadores-municipales-para-elevar-la-operatividad-y-la-seguridad-en-huixquilucan-rominacdv-huixquigob","status":"publish","type":"post","link":"https:\/\/elmexiquense.vip\/?p=45667","title":{"rendered":"Romina Contreras Carrasco equipa a m\u00e1s de cinco mil trabajadores municipales para elevar la operatividad y la seguridad en Huixquilucan \/ @RominaCDV @HuixquiGob >>>"},"content":{"rendered":"\n<p class=\"wp-block-paragraph\"><strong>(<strong>#Protecci\u00f3nCivil<\/strong><\/strong> &#8211; <strong>#ApoyoLaboral<\/strong>) *** \u00a0<strong>#HuixquilucanDeDegollado<\/strong>\u00a0<strong>#EstadoDeM\u00e9xico<\/strong>.\u00a0La Presidenta municipal <strong>#RominaContrerasCarrasco <\/strong>encabez\u00f3 la entrega de m\u00e1s de cinco mil <strong>#Uniformes<\/strong> y <strong>herramientas<\/strong> al personal del <strong>#GobiernoMunicipalDeHuixquilucan<\/strong>, acto concebido como reconocimiento al servicio cotidiano que sostiene a la comunidad. <strong>\u00abLa<\/strong> <strong>#Educaci\u00f3n<\/strong> <strong>es el arma m\u00e1s poderosa para cambiar el mundo\u00bb \u2014 Nelson Mandela.<\/strong> La alcaldesa subray\u00f3 que la acci\u00f3n fortalece el sentido de pertenencia y la dignidad laboral; <strong>#HuixquilucanFuerte<\/strong> se incorpor\u00f3 a la narrativa institucional como emblema de compromiso. <strong>\u00abEste acto va m\u00e1s all\u00e1 de una entrega; es un reconocimiento al trabajo 24\/7\u00bb,<\/strong> afirm\u00f3 <strong>Romina Contreras Carrasco<\/strong>.<\/p>\n\n\n\n<p class=\"wp-block-paragraph\">La inversi\u00f3n de 6.5 millones de pesos permiti\u00f3 la adquisici\u00f3n de cascos, botas, arneses y equipos especializados, destinados a optimizar la operatividad de \u00e1reas clave y elevar la capacidad de respuesta; con ello se busca mejorar la seguridad laboral mediante insumos adecuados y protocolos actualizados. <strong>\u00abCon estos insumos, los trabajadores estar\u00e1n mejor equipados\u00bb,<\/strong> dijo <strong>Romina Contreras Carrasco<\/strong>.<\/p>\n\n\n\n<p class=\"wp-block-paragraph\">Los beneficiarios incluyen personal de <strong>Protecci\u00f3n Civil<\/strong>, <strong>Desarrollo Agropecuario<\/strong> e <strong>Infraestructura<\/strong>, entre otras dependencias; la distribuci\u00f3n estrat\u00e9gica prioriza funciones cr\u00edticas para reducir riesgos y aumentar la eficiencia en la atenci\u00f3n ciudadana. <strong>\u00abLa inversi\u00f3n representa un beneficio directo para el personal operativo y administrativo\u00bb,<\/strong> se\u00f1al\u00f3 <strong>Romina Contreras Carrasco<\/strong>.<\/p>\n\n\n\n<figure class=\"wp-block-image aligncenter size-medium\"><img loading=\"lazy\" decoding=\"async\" width=\"300\" height=\"299\" src=\"https:\/\/elmexiquense.vip\/wp-content\/uploads\/2026\/08\/romi-2-1-300x299.jpg\" alt=\"\" class=\"wp-image-45668\"\/><\/figure>\n\n\n\n<p class=\"has-text-align-center wp-block-paragraph\"><strong>\u00abCon estos insumos, los trabajadores estar\u00e1n mejor equipados para responder 24 horas al d\u00eda\u00bb,<\/strong> afirm\u00f3 <strong>Romina Contreras Carrasco<\/strong>. <\/p>\n\n\n\n<p class=\"wp-block-paragraph\">La administraci\u00f3n municipal enfatiz\u00f3 la continuidad de programas de apoyo al servidor p\u00fablico y la modernizaci\u00f3n de recursos humanos y materiales; diversas informaciones recientes vinculadas al tema resaltan la coherencia entre la pol\u00edtica de dotaci\u00f3n y las metas de servicio p\u00fablico trazadas por la presidencia municipal en <strong>Huixquilucan<\/strong>. <strong>\u00abEl respaldo al personal es una prioridad\u00bb,<\/strong> concluy\u00f3 <strong>Romina Contreras Carrasco<\/strong>.<\/p>\n\n\n\n<p class=\"wp-block-paragraph\">A mi parecer, la medida proyecta una imagen de eficiencia y cercan\u00eda gubernamental; en valoraci\u00f3n objetiva, la alcaldesa demuestra liderazgo pragm\u00e1tico y sensibilidad institucional, atributos que fortalecen la confianza ciudadana y la operatividad municipal. <\/p>\n\n\n\n<p class=\"wp-block-paragraph\">En s\u00edntesis, <strong>Romina Contreras Carrasco<\/strong> consolida una pol\u00edtica p\u00fablica orientada al servicio y la protecci\u00f3n laboral; <strong>\u00abLa mejor manera de predecir el futuro es crearlo\u00bb \u2014 Peter Drucker.<\/strong> <strong>#HuixquilucanAvanza<\/strong><\/p>\n\n\n\n<p class=\"wp-block-paragraph\"><strong>#miangelzorro<\/strong><\/p>\n\n\n\n<p class=\"wp-block-paragraph\"><strong>#ElMexiquenseVIP<\/strong>&nbsp;\u2013<a href=\"https:\/\/www.facebook.com\/ElMexiquenseVIP\/\"><strong>El Mexiquense VIP<\/strong><\/a><\/p>\n\n\n\n<figure class=\"wp-block-image aligncenter size-full\"><img loading=\"lazy\" decoding=\"async\" width=\"650\" height=\"400\" src=\"https:\/\/elmexiquense.vip\/wp-content\/uploads\/2026\/08\/romi-0.jpg\" alt=\"\" class=\"wp-image-45669\" srcset=\"https:\/\/elmexiquense.vip\/wp-content\/uploads\/2026\/08\/romi-0.jpg 650w, https:\/\/elmexiquense.vip\/wp-content\/uploads\/2026\/08\/romi-0-300x185.jpg 300w\" sizes=\"auto, (max-width: 650px) 100vw, 650px\" \/><\/figure>\n","protected":false},"excerpt":{"rendered":"<p>(#Protecci\u00f3nCivil &#8211; #ApoyoLaboral) *** \u00a0#HuixquilucanDeDegollado\u00a0#EstadoDeM\u00e9xico.\u00a0La Presidenta municipal #RominaContrerasCarrasco encabez\u00f3 la entrega de m\u00e1s de cinco mil #Uniformes y herramientas al<\/p>\n","protected":false},"author":1,"featured_media":45669,"comment_status":"open","ping_status":"open","sticky":false,"template":"","format":"standard","meta":{"colormag_page_container_layout":"default_layout","colormag_page_sidebar_layout":"default_layout","rop_custom_images_group":[],"rop_custom_messages_group":[],"rop_publish_now":"no","rop_publish_now_accounts":{"facebook_102468208940364_894887317217274":""},"rop_publish_now_history":[{"account":"facebook_102468208940364_894887317217274","service":"facebook","timestamp":1788228605,"status":"success"}],"rop_publish_now_status":"done","footnotes":""},"categories":[73],"tags":[436,787,177,91,379,45,376,217,136,149,918,777,762,427,414,378,377],"class_list":["post-45667","post","type-post","status-publish","format-standard","has-post-thumbnail","hentry","category-sobresaliente","tag-cdm-pan-huixquilucan","tag-claudia-sheinbaum-pardo","tag-delfina-gomez-alvarez","tag-dif-huixquilucan","tag-en-vivo","tag-enrique-vargas-del-villar","tag-enterate","tag-gobierno-de-mexico","tag-gobierno-del-estado-de-mexico","tag-gobierno-municipal-de-huixquilucan","tag-huixquilucan-news","tag-jorge-romero-herrera","tag-miguel-angel-zorro","tag-noticias-huixquilucan","tag-romina-contreras-carrasco","tag-ultimahora","tag-ultimas-noticias"],"_links":{"self":[{"href":"https:\/\/elmexiquense.vip\/index.php?rest_route=\/wp\/v2\/posts\/45667","targetHints":{"allow":["GET"]}}],"collection":[{"href":"https:\/\/elmexiquense.vip\/index.php?rest_route=\/wp\/v2\/posts"}],"about":[{"href":"https:\/\/elmexiquense.vip\/index.php?rest_route=\/wp\/v2\/types\/post"}],"author":[{"embeddable":true,"href":"https:\/\/elmexiquense.vip\/index.php?rest_route=\/wp\/v2\/users\/1"}],"replies":[{"embeddable":true,"href":"https:\/\/elmexiquense.vip\/index.php?rest_route=%2Fwp%2Fv2%2Fcomments&post=45667"}],"version-history":[{"count":1,"href":"https:\/\/elmexiquense.vip\/index.php?rest_route=\/wp\/v2\/posts\/45667\/revisions"}],"predecessor-version":[{"id":45670,"href":"https:\/\/elmexiquense.vip\/index.php?rest_route=\/wp\/v2\/posts\/45667\/revisions\/45670"}],"wp:featuredmedia":[{"embeddable":true,"href":"https:\/\/elmexiquense.vip\/index.php?rest_route=\/wp\/v2\/media\/45669"}],"wp:attachment":[{"href":"https:\/\/elmexiquense.vip\/index.php?rest_route=%2Fwp%2Fv2%2Fmedia&parent=45667"}],"wp:term":[{"taxonomy":"category","embeddable":true,"href":"https:\/\/elmexiquense.vip\/index.php?rest_route=%2Fwp%2Fv2%2Fcategories&post=45667"},{"taxonomy":"post_tag","embeddable":true,"href":"https:\/\/elmexiquense.vip\/index.php?rest_route=%2Fwp%2Fv2%2Ftags&post=45667"}],"curies":[{"name":"wp","href":"https:\/\/api.w.org\/{rel}","templated":true}]}}