{"id":45673,"date":"2026-09-01T08:03:52","date_gmt":"2026-09-01T14:03:52","guid":{"rendered":"https:\/\/elmexiquense.vip\/?p=45673"},"modified":"2026-09-01T20:05:05","modified_gmt":"2026-09-02T02:05:05","slug":"daniel-serrano-palacios-impulsa-la-integracion-del-arte-y-la-educacion-en-cuautitlan-izcalli-el-tecnm-inaugura-el-xlii-encuentro-nacional-de-arte-y-cultura-en-el-tesci-daniel_ser-gobizcalli","status":"publish","type":"post","link":"https:\/\/elmexiquense.vip\/?p=45673","title":{"rendered":"Daniel Serrano Palacios impulsa la integraci\u00f3n del arte y la educaci\u00f3n en Cuautitl\u00e1n Izcalli; el TecNM inaugura el XLII Encuentro Nacional de Arte y Cultura en el TESCI \/ @daniel_ser @GobIzcalli >>>"},"content":{"rendered":"\n<p class=\"wp-block-paragraph\">(<strong>#EncuentroTecNM<\/strong> &#8211; <strong>#ArteYCultura2026<\/strong>) ***\u00a0<strong>#Cuautitl\u00e1nIzcalli<\/strong>,\u00a0<strong>#EstadoDeM\u00e9xico<\/strong>.-\u00a0En la inauguraci\u00f3n del <strong>XLII Encuentro Nacional de Arte y Cultura TecNM 2026<\/strong>, el alcalde #<strong>DanielSerranoPalacios<\/strong> acompa\u00f1\u00f3 a autoridades del <strong>#Tecnol\u00f3gicoNacionalDeM\u00e9xico<\/strong> en el estadio del <strong>#TESCI<\/strong>, sede nacional del evento; estudiantes de diversas <strong>#InstitucionesTecnol\u00f3gicas<\/strong> dieron inicio a una programaci\u00f3n dedicada a la creaci\u00f3n, la exhibici\u00f3n y el di\u00e1logo art\u00edstico que enriquece su formaci\u00f3n integral.<\/p>\n\n\n\n<p class=\"wp-block-paragraph\">La mesa del pres\u00eddium estuvo integrada por <strong>Andrea Z\u00e1rate Fuentes<\/strong>, en representaci\u00f3n del director general <strong>Ram\u00f3n Jim\u00e9nez L\u00f3pez<\/strong>, y por la subsecretaria <strong>Roc\u00edo Margarita Serrano Barrios<\/strong>, quienes subrayaron la relevancia de los espacios culturales para consolidar la identidad y la creatividad estudiantil; delegaciones de todo el pa\u00eds participan en talleres, muestras esc\u00e9nicas y foros de discusi\u00f3n.<\/p>\n\n\n\n<p class=\"wp-block-paragraph\"><strong>\u00abDurante la ceremonia se entregaron reconocimientos a los directores de los institutos que organizaron el V Encuentro Regional de Arte y Cultura 2026, y se anunciaron actividades paralelas que incluyen concursos, exposiciones y proyectos interdisciplinarios; la presencia masiva de j\u00f3venes refuerza el car\u00e1cter nacional y plural de la convocatoria\u00bb<\/strong>, explic\u00f3 <strong>Daniel Serrano Palacios<\/strong>.<\/p>\n\n\n\n<figure class=\"wp-block-image aligncenter size-medium\"><img loading=\"lazy\" decoding=\"async\" width=\"300\" height=\"193\" src=\"https:\/\/elmexiquense.vip\/wp-content\/uploads\/2026\/09\/dani-1-edited-300x193.jpg\" alt=\"\" class=\"wp-image-45676\" srcset=\"https:\/\/elmexiquense.vip\/wp-content\/uploads\/2026\/09\/dani-1-edited-300x193.jpg 300w, https:\/\/elmexiquense.vip\/wp-content\/uploads\/2026\/09\/dani-1-edited.jpg 467w\" sizes=\"auto, (max-width: 300px) 100vw, 300px\" \/><\/figure>\n\n\n\n<p class=\"wp-block-paragraph\"><\/p>\n\n\n\n<p class=\"wp-block-paragraph\">Recientes coberturas destacan un incremento en la transmisi\u00f3n digital de las actividades, la incorporaci\u00f3n de propuestas interdisciplinarias y una mayor participaci\u00f3n estudiantil en las sedes regionales, aspectos que <strong>Daniel Serrano Palacios<\/strong> y el <strong>TESCI<\/strong> han se\u00f1alado como indicadores del impacto formativo del encuentro; estas din\u00e1micas ampl\u00edan la proyecci\u00f3n del <strong>TecNM<\/strong> en materia cultural.<\/p>\n\n\n\n<p class=\"wp-block-paragraph\">El encuentro continuar\u00e1 a lo largo de la semana con presentaciones, mesas de trabajo y la entrega de galardones, espacios que permitir\u00e1n a las y los j\u00f3venes consolidar redes creativas y profesionales; la clausura reafirmar\u00e1 el compromiso institucional con la cultura y la educaci\u00f3n.<\/p>\n\n\n\n<p class=\"wp-block-paragraph\">#<strong>ElMexiquenseVIP<\/strong>\u00a0\u2013<a href=\"https:\/\/www.facebook.com\/ElMexiquenseVIP\/\"><strong>El Mexiquense VIP<\/strong><\/a><\/p>\n\n\n\n<figure class=\"wp-block-image aligncenter size-full\"><img loading=\"lazy\" decoding=\"async\" width=\"468\" height=\"300\" src=\"https:\/\/elmexiquense.vip\/wp-content\/uploads\/2026\/09\/dani-3-e1788314525258.jpg\" alt=\"\" class=\"wp-image-45677\" srcset=\"https:\/\/elmexiquense.vip\/wp-content\/uploads\/2026\/09\/dani-3-e1788314525258.jpg 468w, https:\/\/elmexiquense.vip\/wp-content\/uploads\/2026\/09\/dani-3-e1788314525258-300x192.jpg 300w\" sizes=\"auto, (max-width: 468px) 100vw, 468px\" \/><\/figure>\n","protected":false},"excerpt":{"rendered":"<p>(#EncuentroTecNM &#8211; #ArteYCultura2026) ***\u00a0#Cuautitl\u00e1nIzcalli,\u00a0#EstadoDeM\u00e9xico.-\u00a0En la inauguraci\u00f3n del XLII Encuentro Nacional de Arte y Cultura TecNM 2026, el alcalde #DanielSerranoPalacios acompa\u00f1\u00f3<\/p>\n","protected":false},"author":8,"featured_media":45674,"comment_status":"open","ping_status":"open","sticky":false,"template":"","format":"standard","meta":{"colormag_page_container_layout":"default_layout","colormag_page_sidebar_layout":"default_layout","rop_custom_images_group":[],"rop_custom_messages_group":[],"rop_publish_now":"no","rop_publish_now_accounts":{"facebook_102468208940364_894887317217274":""},"rop_publish_now_history":[{"account":"facebook_102468208940364_894887317217274","service":"facebook","timestamp":1788314658,"status":"success"}],"rop_publish_now_status":"done","footnotes":""},"categories":[73],"tags":[88,934,787,900,758,177,100,474,379,376,217,136,613,927,688,435,899,383],"class_list":["post-45673","post","type-post","status-publish","format-standard","has-post-thumbnail","hentry","category-sobresaliente","tag-amlo","tag-ariadna-montiel-reyes","tag-claudia-sheinbaum-pardo","tag-cuautitlan-izcalli-news","tag-daniel-serrano-palacios","tag-delfina-gomez-alvarez","tag-dif-cuautitlan-izcalli","tag-el-mexiquense-vip","tag-en-vivo","tag-enterate","tag-gobierno-de-mexico","tag-gobierno-del-estado-de-mexico","tag-gobierno-municipal-de-cuautitlan-izcalli","tag-luz-maria-hernandez-bermudez","tag-noticias-cuautitlan-izcalli","tag-noticias-estado-de-mexico","tag-turismo-cuautitlan-izcalli","tag-ultima-hora"],"_links":{"self":[{"href":"https:\/\/elmexiquense.vip\/index.php?rest_route=\/wp\/v2\/posts\/45673","targetHints":{"allow":["GET"]}}],"collection":[{"href":"https:\/\/elmexiquense.vip\/index.php?rest_route=\/wp\/v2\/posts"}],"about":[{"href":"https:\/\/elmexiquense.vip\/index.php?rest_route=\/wp\/v2\/types\/post"}],"author":[{"embeddable":true,"href":"https:\/\/elmexiquense.vip\/index.php?rest_route=\/wp\/v2\/users\/8"}],"replies":[{"embeddable":true,"href":"https:\/\/elmexiquense.vip\/index.php?rest_route=%2Fwp%2Fv2%2Fcomments&post=45673"}],"version-history":[{"count":1,"href":"https:\/\/elmexiquense.vip\/index.php?rest_route=\/wp\/v2\/posts\/45673\/revisions"}],"predecessor-version":[{"id":45678,"href":"https:\/\/elmexiquense.vip\/index.php?rest_route=\/wp\/v2\/posts\/45673\/revisions\/45678"}],"wp:featuredmedia":[{"embeddable":true,"href":"https:\/\/elmexiquense.vip\/index.php?rest_route=\/wp\/v2\/media\/45674"}],"wp:attachment":[{"href":"https:\/\/elmexiquense.vip\/index.php?rest_route=%2Fwp%2Fv2%2Fmedia&parent=45673"}],"wp:term":[{"taxonomy":"category","embeddable":true,"href":"https:\/\/elmexiquense.vip\/index.php?rest_route=%2Fwp%2Fv2%2Fcategories&post=45673"},{"taxonomy":"post_tag","embeddable":true,"href":"https:\/\/elmexiquense.vip\/index.php?rest_route=%2Fwp%2Fv2%2Ftags&post=45673"}],"curies":[{"name":"wp","href":"https:\/\/api.w.org\/{rel}","templated":true}]}}