{"id":45691,"date":"2026-09-02T20:34:51","date_gmt":"2026-09-03T02:34:51","guid":{"rendered":"https:\/\/elmexiquense.vip\/?p=45691"},"modified":"2026-09-02T20:34:51","modified_gmt":"2026-09-03T02:34:51","slug":"atizapan-recibe-35-millones-para-obras-prioritarias-tras-firma-de-convenio-pedro_rvillegas-gobatizapan","status":"publish","type":"post","link":"https:\/\/elmexiquense.vip\/?p=45691","title":{"rendered":"Atizap\u00e1n recibe 35 millones para obras prioritarias tras firma de convenio \/ @Pedro_RVillegas \u2013 @GobAtizapan"},"content":{"rendered":"\n<p class=\"wp-block-paragraph\">(<strong>#Atizap\u00e1nAvanza<\/strong> &#8211; <strong>#Obras2026<\/strong>) ***\u00a0<strong>#Atizap\u00e1nDeZaragoza<\/strong>,\u00a0<strong>#EstadoDeM\u00e9xico<\/strong>.- En la Direcci\u00f3n General de Inversi\u00f3n de la Secretar\u00eda de Finanzas del Estado de M\u00e9xico se formaliz\u00f3 la firma del convenio que permitir\u00e1 a <strong>#Atizap\u00e1n<\/strong> <strong>de Zaragoza<\/strong> disponer de <strong>35 millones de pesos<\/strong> para proyectos prioritarios; el acto fue encabezado por el presidente municipal<strong> #PedroRodr\u00edguezVillegas<\/strong>, quien destac\u00f3 la urgencia de traducir recursos en obras que mejoren de inmediato la <strong>#VidaCotidiana<\/strong> de las familias. La r\u00fabrica consolida la coordinaci\u00f3n entre el municipio y la entidad estatal y marca el inicio de una etapa de intervenci\u00f3n en infraestructura b\u00e1sica y espacios p\u00fablicos.<\/p>\n\n\n\n<p class=\"wp-block-paragraph\">El paquete de inversi\u00f3n prioriza la <strong>rehabilitaci\u00f3n de espacios deportivos<\/strong>, con el objetivo de ofrecer instalaciones dignas para la pr\u00e1ctica deportiva y la convivencia comunitaria; adem\u00e1s, contempla obras de <strong>pavimentaci\u00f3n<\/strong> destinadas a optimizar la conectividad y reducir riesgos viales en tramos con mayor demanda. Las intervenciones se planificar\u00e1n por etapas para minimizar molestias a la poblaci\u00f3n y se acompa\u00f1ar\u00e1n de supervisi\u00f3n t\u00e9cnica que garantice calidad y durabilidad en los trabajos.<\/p>\n\n\n\n<p class=\"wp-block-paragraph\">Asimismo, el convenio incluye la instalaci\u00f3n y mejora de <strong>luminarias<\/strong> en colonias seleccionadas, medida que busca reforzar la seguridad y la percepci\u00f3n de bienestar en zonas con d\u00e9ficit de alumbrado p\u00fablico. La administraci\u00f3n municipal ha anunciado la participaci\u00f3n de comit\u00e9s ciudadanos en la vigilancia de la ejecuci\u00f3n y en la recepci\u00f3n de las obras, con la intenci\u00f3n de transparentar procesos y asegurar que los beneficios lleguen a quienes m\u00e1s los necesitan.<\/p>\n\n\n\n<figure class=\"wp-block-image aligncenter size-medium\"><img loading=\"lazy\" decoding=\"async\" width=\"300\" height=\"192\" src=\"https:\/\/elmexiquense.vip\/wp-content\/uploads\/2026\/09\/atiza-2-300x192.jpg\" alt=\"\" class=\"wp-image-45692\"\/><\/figure>\n\n\n\n<p class=\"wp-block-paragraph\"><\/p>\n\n\n\n<p class=\"wp-block-paragraph\">Diversos reportes vinculados al acuerdo se\u00f1alan que las obras podr\u00edan comenzar en el primer semestre del ejercicio fiscal 2026, con atenci\u00f3n prioritaria a colonias con rezago en infraestructura; <strong>Pedro Rodr\u00edguez Villegas<\/strong> ha reiterado su compromiso de mantener canales abiertos de rendici\u00f3n de cuentas y de coordinar acciones con instancias estatales para maximizar el impacto de la inversi\u00f3n. La estrategia municipal pretende articular recursos y esfuerzos para generar resultados visibles en plazos razonables.<\/p>\n\n\n\n<p class=\"wp-block-paragraph\">Con la firma del convenio, el gobierno local reafirma su apuesta por la mejora de la infraestructura p\u00fablica y la cercan\u00eda con la ciudadan\u00eda, comprometi\u00e9ndose a ejecutar los proyectos con responsabilidad y transparencia. La administraci\u00f3n se declara lista para iniciar los trabajos y para informar puntualmente sobre avances y entregas a la comunidad.<\/p>\n\n\n\n<p class=\"wp-block-paragraph\"><strong>#ElMexiquenseVIP<\/strong>\u00a0\u2013<a href=\"https:\/\/www.facebook.com\/ElMexiquenseVIP\/\"><strong>El Mexiquense VIP<\/strong><\/a><\/p>\n\n\n\n<figure class=\"wp-block-image aligncenter size-large\"><img loading=\"lazy\" decoding=\"async\" width=\"1024\" height=\"642\" src=\"https:\/\/elmexiquense.vip\/wp-content\/uploads\/2026\/09\/atiza-1-1024x642.jpg\" alt=\"\" class=\"wp-image-45693\"\/><\/figure>\n","protected":false},"excerpt":{"rendered":"<p>(#Atizap\u00e1nAvanza &#8211; #Obras2026) ***\u00a0#Atizap\u00e1nDeZaragoza,\u00a0#EstadoDeM\u00e9xico.- En la Direcci\u00f3n General de Inversi\u00f3n de la Secretar\u00eda de Finanzas del Estado de M\u00e9xico se<\/p>\n","protected":false},"author":8,"featured_media":45693,"comment_status":"open","ping_status":"open","sticky":false,"template":"","format":"standard","meta":{"colormag_page_container_layout":"default_layout","colormag_page_sidebar_layout":"default_layout","rop_custom_images_group":[],"rop_custom_messages_group":[],"rop_publish_now":"no","rop_publish_now_accounts":{"facebook_102468208940364_894887317217274":""},"rop_publish_now_history":[{"account":"facebook_102468208940364_894887317217274","service":"facebook","timestamp":1788402911,"status":"success"}],"rop_publish_now_status":"done","footnotes":""},"categories":[29],"tags":[515,787,177,764,474,379,376,217,136,777,492,744,691,837,493,383],"class_list":["post-45691","post","type-post","status-publish","format-standard","has-post-thumbnail","hentry","category-destacados","tag-anuar-azar-figueroa","tag-claudia-sheinbaum-pardo","tag-delfina-gomez-alvarez","tag-dif-atizapan-de-zaragoza","tag-el-mexiquense-vip","tag-en-vivo","tag-enterate","tag-gobierno-de-mexico","tag-gobierno-del-estado-de-mexico","tag-jorge-romero-herrera","tag-municipio-de-atizapan-de-zaragoza","tag-noticias-atizapan-de-zaragoza","tag-patricia-arevalo-rubio","tag-paty-arevalo","tag-pedro-rodriguez-villegas","tag-ultima-hora"],"_links":{"self":[{"href":"https:\/\/elmexiquense.vip\/index.php?rest_route=\/wp\/v2\/posts\/45691","targetHints":{"allow":["GET"]}}],"collection":[{"href":"https:\/\/elmexiquense.vip\/index.php?rest_route=\/wp\/v2\/posts"}],"about":[{"href":"https:\/\/elmexiquense.vip\/index.php?rest_route=\/wp\/v2\/types\/post"}],"author":[{"embeddable":true,"href":"https:\/\/elmexiquense.vip\/index.php?rest_route=\/wp\/v2\/users\/8"}],"replies":[{"embeddable":true,"href":"https:\/\/elmexiquense.vip\/index.php?rest_route=%2Fwp%2Fv2%2Fcomments&post=45691"}],"version-history":[{"count":1,"href":"https:\/\/elmexiquense.vip\/index.php?rest_route=\/wp\/v2\/posts\/45691\/revisions"}],"predecessor-version":[{"id":45694,"href":"https:\/\/elmexiquense.vip\/index.php?rest_route=\/wp\/v2\/posts\/45691\/revisions\/45694"}],"wp:featuredmedia":[{"embeddable":true,"href":"https:\/\/elmexiquense.vip\/index.php?rest_route=\/wp\/v2\/media\/45693"}],"wp:attachment":[{"href":"https:\/\/elmexiquense.vip\/index.php?rest_route=%2Fwp%2Fv2%2Fmedia&parent=45691"}],"wp:term":[{"taxonomy":"category","embeddable":true,"href":"https:\/\/elmexiquense.vip\/index.php?rest_route=%2Fwp%2Fv2%2Fcategories&post=45691"},{"taxonomy":"post_tag","embeddable":true,"href":"https:\/\/elmexiquense.vip\/index.php?rest_route=%2Fwp%2Fv2%2Ftags&post=45691"}],"curies":[{"name":"wp","href":"https:\/\/api.w.org\/{rel}","templated":true}]}}