{"id":45695,"date":"2026-09-02T20:46:28","date_gmt":"2026-09-03T02:46:28","guid":{"rendered":"https:\/\/elmexiquense.vip\/?p=45695"},"modified":"2026-09-02T20:46:28","modified_gmt":"2026-09-03T02:46:28","slug":"cabildo-de-tlalnepantla-publica-la-segunda-convocatoria-de-juventudes-haciendo-historia-2026-racielperezc_-gob_tlalne","status":"publish","type":"post","link":"https:\/\/elmexiquense.vip\/?p=45695","title":{"rendered":"Cabildo de Tlalnepantla publica la segunda convocatoria de \u00abJuventudes Haciendo Historia 2026\u00bb \/ @RacielPerezC_ @Gob_Tlalne >>>"},"content":{"rendered":"\n<p class=\"wp-block-paragraph\">(<strong>#JuventudTlalnepantla<\/strong> &#8211; <strong>#Juventudes2026<\/strong>) ***\u00a0<strong><strong>#TlalnepantlaDeBaz<\/strong>,\u00a0<strong>#EstadoDeM\u00e9xico<\/strong>.-<\/strong>\u00a0En sesi\u00f3n ordinaria, el <strong>#Cabildo<\/strong> aprob\u00f3 la publicaci\u00f3n de la segunda convocatoria del programa \u201c<strong>#JuventudesHaciendoHistoria2026<\/strong>\u201d, cuya difusi\u00f3n corresponder\u00e1 a la <strong>#Direcci\u00f3nDeBienestar<\/strong> y al <strong>#InstitutoMunicipalDeLasJuventudes<\/strong>; la medida busca consolidar espacios de formaci\u00f3n y participaci\u00f3n para la juventud de <strong>#Tlalnepantla<\/strong>, con \u00e9nfasis en la inclusi\u00f3n y el desarrollo integral de las nuevas generaciones.<\/p>\n\n\n\n<p class=\"wp-block-paragraph\">El acuerdo incorpora ajustes para facilitar el acceso y la transparencia en la selecci\u00f3n de beneficiarios, adem\u00e1s de actualizar plazos y requisitos t\u00e9cnicos; la convocatoria pretende ampliar la cobertura de talleres, asesor\u00edas y actividades formativas que promuevan la empleabilidad y el liderazgo juvenil en la demarcaci\u00f3n.<\/p>\n\n\n\n<p class=\"wp-block-paragraph\">En la misma sesi\u00f3n se autoriz\u00f3 la apertura de la convocatoria p\u00fablica para cubrir hasta cinco plazas de <strong>secretarias y secretarios c\u00edvicos<\/strong> y la vacante de un <strong>juez c\u00edvico<\/strong>, con el objetivo de robustecer las unidades de justicia restaurativa y garantizar atenci\u00f3n oportuna en los turnos establecidos; las bases incluyen criterios de idoneidad y mecanismos de evaluaci\u00f3n ciudadana.<\/p>\n\n\n\n<figure class=\"wp-block-image aligncenter size-medium\"><img loading=\"lazy\" decoding=\"async\" width=\"219\" height=\"300\" src=\"https:\/\/elmexiquense.vip\/wp-content\/uploads\/2026\/09\/raci-2-e1788403473607-219x300.jpg\" alt=\"\" class=\"wp-image-45696\"\/><\/figure>\n\n\n\n<p class=\"wp-block-paragraph\"><\/p>\n\n\n\n<p class=\"wp-block-paragraph\">Diversos reportes vinculados al acuerdo indican que la administraci\u00f3n municipal aprob\u00f3 un est\u00edmulo de <strong>35 mil pesos<\/strong> para una estudiante seleccionada para realizar una estancia en la <strong>Universidad de Maribor<\/strong>, programada del 1 de octubre de 2026 al 19 de febrero de 2027; la medida se enmarca en las acciones de fomento educativo y en la apuesta por la internacionalizaci\u00f3n de talentos locales dentro del esquema de <strong>\u201cJuventudes Haciendo Historia 2026\u201d<\/strong>.<\/p>\n\n\n\n<p class=\"wp-block-paragraph\">Con estas resoluciones, el Ayuntamiento reafirma su intenci\u00f3n de promover la participaci\u00f3n juvenil, profesionalizar la atenci\u00f3n c\u00edvica y apoyar la formaci\u00f3n acad\u00e9mica internacional, manteniendo canales institucionales abiertos para la difusi\u00f3n de las convocatorias y la rendici\u00f3n de cuentas ante la ciudadan\u00eda.<\/p>\n\n\n\n<p class=\"wp-block-paragraph\"><strong>#ElMexiquenseVIP<\/strong>\u00a0\u2013<a href=\"https:\/\/www.facebook.com\/ElMexiquenseVIP\/\"><strong>El Mexiquense VIP<\/strong><\/a><\/p>\n\n\n\n<figure class=\"wp-block-image aligncenter size-large\"><img loading=\"lazy\" decoding=\"async\" width=\"1024\" height=\"590\" src=\"https:\/\/elmexiquense.vip\/wp-content\/uploads\/2026\/09\/raci-1-e1788403517561-1024x590.jpg\" alt=\"\" class=\"wp-image-45697\"\/><\/figure>\n","protected":false},"excerpt":{"rendered":"<p>(#JuventudTlalnepantla &#8211; #Juventudes2026) ***\u00a0#TlalnepantlaDeBaz,\u00a0#EstadoDeM\u00e9xico.-\u00a0En sesi\u00f3n ordinaria, el #Cabildo aprob\u00f3 la publicaci\u00f3n de la segunda convocatoria del programa \u201c#JuventudesHaciendoHistoria2026\u201d, cuya difusi\u00f3n<\/p>\n","protected":false},"author":8,"featured_media":45697,"comment_status":"open","ping_status":"open","sticky":false,"template":"","format":"standard","meta":{"colormag_page_container_layout":"default_layout","colormag_page_sidebar_layout":"default_layout","rop_custom_images_group":[],"rop_custom_messages_group":[],"rop_publish_now":"no","rop_publish_now_accounts":{"facebook_102468208940364_894887317217274":""},"rop_publish_now_history":[{"account":"facebook_102468208940364_894887317217274","service":"facebook","timestamp":1788403606,"status":"success"}],"rop_publish_now_status":"done","footnotes":""},"categories":[29],"tags":[773,934,787,177,602,474,379,376,217,599,136,927,152,51,383],"class_list":["post-45695","post","type-post","status-publish","format-standard","has-post-thumbnail","hentry","category-destacados","tag-andres-manuel-lopez-beltran","tag-ariadna-montiel-reyes","tag-claudia-sheinbaum-pardo","tag-delfina-gomez-alvarez","tag-dif-tlalnepantla","tag-el-mexiquense-vip","tag-en-vivo","tag-enterate","tag-gobierno-de-mexico","tag-gobierno-de-tlalnepantla-de-baz","tag-gobierno-del-estado-de-mexico","tag-luz-maria-hernandez-bermudez","tag-municipio-de-tlalnepantla-de-baz","tag-raciel-perez-cruz","tag-ultima-hora"],"_links":{"self":[{"href":"https:\/\/elmexiquense.vip\/index.php?rest_route=\/wp\/v2\/posts\/45695","targetHints":{"allow":["GET"]}}],"collection":[{"href":"https:\/\/elmexiquense.vip\/index.php?rest_route=\/wp\/v2\/posts"}],"about":[{"href":"https:\/\/elmexiquense.vip\/index.php?rest_route=\/wp\/v2\/types\/post"}],"author":[{"embeddable":true,"href":"https:\/\/elmexiquense.vip\/index.php?rest_route=\/wp\/v2\/users\/8"}],"replies":[{"embeddable":true,"href":"https:\/\/elmexiquense.vip\/index.php?rest_route=%2Fwp%2Fv2%2Fcomments&post=45695"}],"version-history":[{"count":1,"href":"https:\/\/elmexiquense.vip\/index.php?rest_route=\/wp\/v2\/posts\/45695\/revisions"}],"predecessor-version":[{"id":45698,"href":"https:\/\/elmexiquense.vip\/index.php?rest_route=\/wp\/v2\/posts\/45695\/revisions\/45698"}],"wp:featuredmedia":[{"embeddable":true,"href":"https:\/\/elmexiquense.vip\/index.php?rest_route=\/wp\/v2\/media\/45697"}],"wp:attachment":[{"href":"https:\/\/elmexiquense.vip\/index.php?rest_route=%2Fwp%2Fv2%2Fmedia&parent=45695"}],"wp:term":[{"taxonomy":"category","embeddable":true,"href":"https:\/\/elmexiquense.vip\/index.php?rest_route=%2Fwp%2Fv2%2Fcategories&post=45695"},{"taxonomy":"post_tag","embeddable":true,"href":"https:\/\/elmexiquense.vip\/index.php?rest_route=%2Fwp%2Fv2%2Ftags&post=45695"}],"curies":[{"name":"wp","href":"https:\/\/api.w.org\/{rel}","templated":true}]}}