{"id":45699,"date":"2026-09-02T20:58:00","date_gmt":"2026-09-03T02:58:00","guid":{"rendered":"https:\/\/elmexiquense.vip\/?p=45699"},"modified":"2026-09-02T20:58:00","modified_gmt":"2026-09-03T02:58:00","slug":"naucalpan-reduce-47-el-robo-de-vehiculos-y-acumula-52-dias-sin-incidencias-isaacsolar-gobnau","status":"publish","type":"post","link":"https:\/\/elmexiquense.vip\/?p=45699","title":{"rendered":"Naucalpan reduce 47 % el robo de veh\u00edculos y acumula 52 d\u00edas sin incidencias \u00a0\/ @isaacsolar @GobNau >>>"},"content":{"rendered":"\n<p class=\"wp-block-paragraph\">(<strong>#NaucalpanSeguro<\/strong> &#8211; <strong>#CeroRobos)<\/strong> ***\u00a0<strong>#NaucalpanDeJu\u00e1rez<\/strong>,\u00a0<strong>#EstadoDeM\u00e9xico<\/strong>.- En un giro significativo en la seguridad municipal, <strong>#Naucalpan<\/strong> registra una reducci\u00f3n del <strong>47%<\/strong> en el <strong>#RoboDeVeh\u00edculos<\/strong> asegurados al corte de julio de 2026, resultado de una estrategia que reforz\u00f3 la<strong> #PresenciaPolicial<\/strong>, la prevenci\u00f3n y la capacidad de reacci\u00f3n operativa; la cifra marca un descenso sostenido respecto a periodos anteriores y modifica la percepci\u00f3n sobre la <strong>#IncidenciaDelictiva<\/strong> en el municipio. Este avance se traduce en jornadas de mayor tranquilidad para las familias y en una merma palpable del impacto econ\u00f3mico que genera este delito.<\/p>\n\n\n\n<p class=\"wp-block-paragraph\">Durante 2025 y 2026 la administraci\u00f3n contabiliza <strong>52 d\u00edas<\/strong> sin registro de robo de veh\u00edculos, frente a un solo d\u00eda sin incidencias en los periodos equivalentes de 2023 y 2024; la diferencia evidencia la eficacia de las medidas implementadas y la focalizaci\u00f3n de recursos en zonas de mayor riesgo. La transici\u00f3n de jornadas con m\u00faltiples robos a d\u00edas completos sin casos refleja cambios operativos y de inteligencia policial que han modificado la din\u00e1mica delictiva local.<\/p>\n\n\n\n<p class=\"wp-block-paragraph\">El hist\u00f3rico de la <strong>OCRA<\/strong> muestra una ca\u00edda de <strong>593<\/strong> veh\u00edculos robados en enero\u2011mayo de 2022 a <strong>284<\/strong> en el mismo lapso de 2026, lo que equivale a un promedio actual de <strong>1.9 veh\u00edculos<\/strong> robados por d\u00eda; la comparaci\u00f3n con episodios previos, cuando se llegaron a registrar hasta 30 veh\u00edculos sustra\u00eddos en una sola jornada, subraya la magnitud del cambio. La estad\u00edstica permite medir con claridad el impacto de la estrategia y orientar nuevas acciones preventivas y de reacci\u00f3n.<\/p>\n\n\n\n<figure class=\"wp-block-image aligncenter size-medium\"><img loading=\"lazy\" decoding=\"async\" width=\"224\" height=\"300\" src=\"https:\/\/elmexiquense.vip\/wp-content\/uploads\/2026\/09\/nauca-2-e1788404168757-224x300.jpg\" alt=\"\" class=\"wp-image-45700\"\/><\/figure>\n\n\n\n<p class=\"wp-block-paragraph\"><\/p>\n\n\n\n<p class=\"wp-block-paragraph\">Registros vinculados al seguimiento del fen\u00f3meno delictivo confirman que la <strong>Guardia Municipal<\/strong>, en coordinaci\u00f3n con corporaciones estatales y federales, opera bajo la <strong>Estrategia Operativa Oriente<\/strong>, que prioriza la prevenci\u00f3n, el an\u00e1lisis de la incidencia y la reacci\u00f3n inmediata en zonas cr\u00edticas; dichas acciones han sido determinantes para acumular <strong>52 d\u00edas<\/strong> sin robos y para consolidar la tendencia a la baja en la incidencia. <strong>Naucalpan<\/strong> mantiene el objetivo de sostener y ampliar estos resultados mediante la coordinaci\u00f3n interinstitucional y la participaci\u00f3n ciudadana.<\/p>\n\n\n\n<p class=\"wp-block-paragraph\">Los indicadores son hoy tangibles y favorables para <strong>Naucalpan<\/strong>; la continuidad de la estrategia, la vigilancia focalizada y la colaboraci\u00f3n vecinal ser\u00e1n esenciales para convertir las jornadas sin robos en una condici\u00f3n permanente, protegiendo as\u00ed el patrimonio y la tranquilidad de las y los naucalpenses.<\/p>\n\n\n\n<p class=\"wp-block-paragraph\"><strong>#ElMexiquenseVIP<\/strong>\u00a0\u2013<a href=\"https:\/\/www.facebook.com\/ElMexiquenseVIP\/\"><strong>El Mexiquense VIP<\/strong><\/a><\/p>\n\n\n\n<figure class=\"wp-block-image aligncenter size-large\"><img loading=\"lazy\" decoding=\"async\" width=\"1024\" height=\"645\" src=\"https:\/\/elmexiquense.vip\/wp-content\/uploads\/2026\/09\/nauca-1-1024x645.jpg\" alt=\"\" class=\"wp-image-45701\"\/><\/figure>\n","protected":false},"excerpt":{"rendered":"<p>(#NaucalpanSeguro &#8211; #CeroRobos) ***\u00a0#NaucalpanDeJu\u00e1rez,\u00a0#EstadoDeM\u00e9xico.- En un giro significativo en la seguridad municipal, #Naucalpan registra una reducci\u00f3n del 47% en el<\/p>\n","protected":false},"author":8,"featured_media":45701,"comment_status":"open","ping_status":"open","sticky":false,"template":"","format":"standard","meta":{"colormag_page_container_layout":"default_layout","colormag_page_sidebar_layout":"default_layout","rop_custom_images_group":[],"rop_custom_messages_group":[],"rop_publish_now":"no","rop_publish_now_accounts":{"facebook_102468208940364_894887317217274":""},"rop_publish_now_history":[{"account":"facebook_102468208940364_894887317217274","service":"facebook","timestamp":1788404307,"status":"success"}],"rop_publish_now_status":"done","footnotes":""},"categories":[29],"tags":[934,787,177,105,474,379,376,217,136,575,924,788,941,898,766,897,383],"class_list":["post-45699","post","type-post","status-publish","format-standard","has-post-thumbnail","hentry","category-destacados","tag-ariadna-montiel-reyes","tag-claudia-sheinbaum-pardo","tag-delfina-gomez-alvarez","tag-dif-naucalpan","tag-el-mexiquense-vip","tag-en-vivo","tag-enterate","tag-gobierno-de-mexico","tag-gobierno-del-estado-de-mexico","tag-gobierno-municipal-de-naucalpan-de-juarez","tag-guardia-municipal-ciudad-naucalpan","tag-isaac-montoya-marquez","tag-jose-carlos-quezada-roman","tag-naucalpan-news","tag-noticias-naucalpan","tag-turismo-naucalpan","tag-ultima-hora"],"_links":{"self":[{"href":"https:\/\/elmexiquense.vip\/index.php?rest_route=\/wp\/v2\/posts\/45699","targetHints":{"allow":["GET"]}}],"collection":[{"href":"https:\/\/elmexiquense.vip\/index.php?rest_route=\/wp\/v2\/posts"}],"about":[{"href":"https:\/\/elmexiquense.vip\/index.php?rest_route=\/wp\/v2\/types\/post"}],"author":[{"embeddable":true,"href":"https:\/\/elmexiquense.vip\/index.php?rest_route=\/wp\/v2\/users\/8"}],"replies":[{"embeddable":true,"href":"https:\/\/elmexiquense.vip\/index.php?rest_route=%2Fwp%2Fv2%2Fcomments&post=45699"}],"version-history":[{"count":1,"href":"https:\/\/elmexiquense.vip\/index.php?rest_route=\/wp\/v2\/posts\/45699\/revisions"}],"predecessor-version":[{"id":45702,"href":"https:\/\/elmexiquense.vip\/index.php?rest_route=\/wp\/v2\/posts\/45699\/revisions\/45702"}],"wp:featuredmedia":[{"embeddable":true,"href":"https:\/\/elmexiquense.vip\/index.php?rest_route=\/wp\/v2\/media\/45701"}],"wp:attachment":[{"href":"https:\/\/elmexiquense.vip\/index.php?rest_route=%2Fwp%2Fv2%2Fmedia&parent=45699"}],"wp:term":[{"taxonomy":"category","embeddable":true,"href":"https:\/\/elmexiquense.vip\/index.php?rest_route=%2Fwp%2Fv2%2Fcategories&post=45699"},{"taxonomy":"post_tag","embeddable":true,"href":"https:\/\/elmexiquense.vip\/index.php?rest_route=%2Fwp%2Fv2%2Ftags&post=45699"}],"curies":[{"name":"wp","href":"https:\/\/api.w.org\/{rel}","templated":true}]}}