{"id":45703,"date":"2026-09-02T21:10:11","date_gmt":"2026-09-03T03:10:11","guid":{"rendered":"https:\/\/elmexiquense.vip\/?p=45703"},"modified":"2026-09-02T21:10:11","modified_gmt":"2026-09-03T03:10:11","slug":"ultimos-dias-convocatoria-gratuita-impulsa-la-actualizacion-docente-y-la-movilidad-academica-en-educacion-basica-delfinagomeza-edomex","status":"publish","type":"post","link":"https:\/\/elmexiquense.vip\/?p=45703","title":{"rendered":"\u00a1\u00daltimos d\u00edas!\u00a0Convocatoria gratuita impulsa la actualizaci\u00f3n docente y la movilidad acad\u00e9mica en educaci\u00f3n b\u00e1sica \/ @delfinagomeza @Edomex"},"content":{"rendered":"\n<p class=\"wp-block-paragraph\">(<strong>#Formaci\u00f3nDocente<\/strong> &#8211; <strong>#USICAMM2026<\/strong>) Bajo la conducci\u00f3n de la <strong>Maestra<\/strong> <strong>#DelfinaG\u00f3mez\u00c1lvarez<\/strong>, la <strong>#Secretar\u00edaDeEducaci\u00f3n<\/strong>, <strong>Ciencia, Tecnolog\u00eda e Innovaci\u00f3n<\/strong> (<strong>#SECTI<\/strong>) convoca al personal de <strong>#Educaci\u00f3nB\u00e1sica a inscribirse en la \u201cOferta Formativa\u201d con valor para la Unidad del Sistema para la Carrera de las Maestras y los Maestros <\/strong>(<strong>#USICAMM<\/strong>), correspondiente al periodo agosto\u2011noviembre de 2026; la propuesta incluye cursos y diplomados gratuitos, en modalidades a distancia, presencial y mixta, con horarios matutino, vespertino y sabatino, y busca fortalecer la pr\u00e1ctica pedag\u00f3gica en todo el estado.<\/p>\n\n\n\n<p class=\"wp-block-paragraph\">La inscripci\u00f3n permanecer\u00e1 abierta hasta el <strong>4 de septiembre<\/strong> a trav\u00e9s del <strong>Sistema Integral de Formaci\u00f3n Continua (SIFC)<\/strong>; las acciones formativas se desarrollar\u00e1n del <strong>5 de septiembre al 14 de noviembre<\/strong>, por lo que se recomienda a las y los interesados verificar la correspondencia entre la oferta seleccionada y su funci\u00f3n y nivel educativo para garantizar la validez de la constancia digital. Las inasistencias solo se justificar\u00e1n mediante licencia m\u00e9dica del ISSEMyM o por comisi\u00f3n oficial, y la obtenci\u00f3n del documento exige cumplimiento del 100 % de las sesiones y de los criterios de evaluaci\u00f3n.<\/p>\n\n\n\n<p class=\"wp-block-paragraph\">Versiones oficiales relacionadas con la convocatoria precisan que la oferta est\u00e1 dirigida a docentes, t\u00e9cnicos docentes, directivos, supervisores y asesores t\u00e9cnico\u2011pedag\u00f3gicos, y que las instituciones responsables garantizar\u00e1n la gratuidad y la calidad de los programas; la <strong>Maestra Delfina G\u00f3mez \u00c1lvarez<\/strong> ha subrayado la importancia de la formaci\u00f3n continua como herramienta para mejorar los aprendizajes y la profesionalizaci\u00f3n del magisterio en la entidad. La coordinaci\u00f3n entre dependencias y la claridad en los requisitos pretenden facilitar la participaci\u00f3n y la certificaci\u00f3n de quienes completen los cursos.<\/p>\n\n\n\n<p class=\"wp-block-paragraph\">Quienes deseen participar deben ingresar al <strong>SIFC<\/strong> antes del cierre de inscripciones y confirmar su disponibilidad horaria para cumplir con la totalidad de las sesiones; la convocatoria representa una oportunidad para actualizar competencias y consolidar trayectorias profesionales en el marco de la <strong>USICAMM<\/strong>.<\/p>\n\n\n\n<p class=\"wp-block-paragraph\"><strong><strong>#ElMexiquenseVIP<\/strong>\u00a0\u2013<a href=\"https:\/\/www.facebook.com\/ElMexiquenseVIP\/\"><strong>El Mexiquense VIP<\/strong><\/a><\/strong><\/p>\n\n\n\n<figure class=\"wp-block-image aligncenter size-large\"><img loading=\"lazy\" decoding=\"async\" width=\"1024\" height=\"682\" src=\"https:\/\/elmexiquense.vip\/wp-content\/uploads\/2026\/09\/secre-1024x682.jpg\" alt=\"\" class=\"wp-image-45704\"\/><\/figure>\n","protected":false},"excerpt":{"rendered":"<p>(#Formaci\u00f3nDocente &#8211; #USICAMM2026) Bajo la conducci\u00f3n de la Maestra #DelfinaG\u00f3mez\u00c1lvarez, la #Secretar\u00edaDeEducaci\u00f3n, Ciencia, Tecnolog\u00eda e Innovaci\u00f3n (#SECTI) convoca al personal<\/p>\n","protected":false},"author":8,"featured_media":45704,"comment_status":"open","ping_status":"open","sticky":false,"template":"","format":"standard","meta":{"colormag_page_container_layout":"default_layout","colormag_page_sidebar_layout":"default_layout","rop_custom_images_group":[],"rop_custom_messages_group":[],"rop_publish_now":"no","rop_publish_now_accounts":{"facebook_102468208940364_894887317217274":""},"rop_publish_now_history":[{"account":"facebook_102468208940364_894887317217274","service":"facebook","timestamp":1788405028,"status":"success"}],"rop_publish_now_status":"done","footnotes":""},"categories":[690,107],"tags":[88,934,787,146,177,474,379,376,217,136,79,356,424,123,430,375,378],"class_list":["post-45703","post","type-post","status-publish","format-standard","has-post-thumbnail","hentry","category-legisladores","category-secretarias","tag-amlo","tag-ariadna-montiel-reyes","tag-claudia-sheinbaum-pardo","tag-conade","tag-delfina-gomez-alvarez","tag-el-mexiquense-vip","tag-en-vivo","tag-enterate","tag-gobierno-de-mexico","tag-gobierno-del-estado-de-mexico","tag-secretara-de-salud","tag-secretaria-de-bienestar","tag-secretaria-de-comunicaciones-y-transportes","tag-secretaria-de-cultura","tag-secretaria-de-educacion","tag-secretaria-de-la-mujer","tag-ultimahora"],"_links":{"self":[{"href":"https:\/\/elmexiquense.vip\/index.php?rest_route=\/wp\/v2\/posts\/45703","targetHints":{"allow":["GET"]}}],"collection":[{"href":"https:\/\/elmexiquense.vip\/index.php?rest_route=\/wp\/v2\/posts"}],"about":[{"href":"https:\/\/elmexiquense.vip\/index.php?rest_route=\/wp\/v2\/types\/post"}],"author":[{"embeddable":true,"href":"https:\/\/elmexiquense.vip\/index.php?rest_route=\/wp\/v2\/users\/8"}],"replies":[{"embeddable":true,"href":"https:\/\/elmexiquense.vip\/index.php?rest_route=%2Fwp%2Fv2%2Fcomments&post=45703"}],"version-history":[{"count":1,"href":"https:\/\/elmexiquense.vip\/index.php?rest_route=\/wp\/v2\/posts\/45703\/revisions"}],"predecessor-version":[{"id":45705,"href":"https:\/\/elmexiquense.vip\/index.php?rest_route=\/wp\/v2\/posts\/45703\/revisions\/45705"}],"wp:featuredmedia":[{"embeddable":true,"href":"https:\/\/elmexiquense.vip\/index.php?rest_route=\/wp\/v2\/media\/45704"}],"wp:attachment":[{"href":"https:\/\/elmexiquense.vip\/index.php?rest_route=%2Fwp%2Fv2%2Fmedia&parent=45703"}],"wp:term":[{"taxonomy":"category","embeddable":true,"href":"https:\/\/elmexiquense.vip\/index.php?rest_route=%2Fwp%2Fv2%2Fcategories&post=45703"},{"taxonomy":"post_tag","embeddable":true,"href":"https:\/\/elmexiquense.vip\/index.php?rest_route=%2Fwp%2Fv2%2Ftags&post=45703"}],"curies":[{"name":"wp","href":"https:\/\/api.w.org\/{rel}","templated":true}]}}