{"id":45706,"date":"2026-09-02T21:54:11","date_gmt":"2026-09-03T03:54:11","guid":{"rendered":"https:\/\/elmexiquense.vip\/?p=45706"},"modified":"2026-09-02T21:54:11","modified_gmt":"2026-09-03T03:54:11","slug":"ayuntamiento-de-cuautitlan-inicia-rehabilitacion-integral-de-la-avenida-ferronales-ayytocuautitlan","status":"publish","type":"post","link":"https:\/\/elmexiquense.vip\/?p=45706","title":{"rendered":"Ayuntamiento de Cuautitl\u00e1n inicia rehabilitaci\u00f3n integral de la avenida Ferronales \/ @AyytoCuautitlan"},"content":{"rendered":"\n<p class=\"wp-block-paragraph\">)<strong>#FerronalesRenace<\/strong> &#8211; <strong>#MovilidadCuautitl\u00e1n<\/strong>) \u00a0***\u00a0<strong>#Cuautitl\u00e1nDeRomeroRubio<\/strong>,\u00a0<strong>#EstadoDeM\u00e9xico<\/strong>.-\u00a0Autoridades del <strong>#GobiernoMunicipalDeCuautitl\u00e1n<\/strong> dieron el banderazo de inicio a la rehabilitaci\u00f3n integral de la <strong>#AvenidaFerronales<\/strong>, proyecto estrat\u00e9gico que conectar\u00e1 el acceso al <strong>#Tren Suburbano<\/strong> con la <strong>#Prolongaci\u00f3nMorelos<\/strong>; la intervenci\u00f3n, financiada con recursos propios por <strong>20 millones de pesos<\/strong>, abarcar\u00e1 540 metros lineales y busca resolver de manera definitiva las afectaciones causadas por el intenso tr\u00e1nsito vehicular en la zona.<\/p>\n\n\n\n<p class=\"wp-block-paragraph\">La obra contempla la reconstrucci\u00f3n de la carpeta con <strong>concreto hidr\u00e1ulico MR-35<\/strong>, la rehabilitaci\u00f3n de guarniciones y banquetas, y la instalaci\u00f3n de <strong>alumbrado p\u00fablico<\/strong> para mejorar la seguridad y la funcionalidad del corredor; los trabajos se ejecutar\u00e1n por tramos para reducir molestias a usuarios y vecinos.<\/p>\n\n\n\n<p class=\"wp-block-paragraph\">De acuerdo con la <strong>Direcci\u00f3n de Obras P\u00fablicas<\/strong>, los trabajos tendr\u00e1n una duraci\u00f3n estimada de <strong>102 d\u00edas<\/strong> y forman parte de un programa integral de infraestructura que incluye la intervenci\u00f3n de otras vialidades prioritarias del municipio; la planificaci\u00f3n t\u00e9cnica privilegia la durabilidad de materiales y la coordinaci\u00f3n con servicios urbanos.<\/p>\n\n\n\n<figure class=\"wp-block-image aligncenter size-medium\"><img loading=\"lazy\" decoding=\"async\" width=\"228\" height=\"300\" src=\"https:\/\/elmexiquense.vip\/wp-content\/uploads\/2026\/09\/cuau-2-e1788407501768-228x300.jpg\" alt=\"\" class=\"wp-image-45707\"\/><\/figure>\n\n\n\n<p class=\"wp-block-paragraph\">Versiones oficiales indican que la demanda ciudadana por la mejora de la <strong>avenida Ferronales<\/strong> fue determinante para su inclusi\u00f3n en el plan de obra, y que la alcaldesa <strong>Juanita Carrillo<\/strong> ha instruido supervisi\u00f3n permanente y comunicaci\u00f3n continua con la comunidad para garantizar transparencia en la ejecuci\u00f3n; la administraci\u00f3n municipal subraya la necesidad de obras que atiendan el hist\u00f3rico flujo vehicular en el entorno del <strong>Tren Suburbano<\/strong>.<\/p>\n\n\n\n<p class=\"wp-block-paragraph\">Con la puesta en marcha de estos trabajos, el <strong>Gobierno Municipal de Cuautitl\u00e1n<\/strong> reafirma su compromiso de impulsar infraestructura que eleve la calidad de vida y ordene el desarrollo urbano; la meta es entregar una vialidad segura, funcional y acorde con las necesidades de quienes transitan diariamente por este corredor.<\/p>\n\n\n\n<p class=\"wp-block-paragraph\"><strong>#ElMexiquenseVIP<\/strong>\u00a0\u2013<a href=\"https:\/\/www.facebook.com\/ElMexiquenseVIP\/\"><strong>El Mexiquense VIP<\/strong><\/a><\/p>\n\n\n\n<figure class=\"wp-block-image aligncenter size-large\"><img loading=\"lazy\" decoding=\"async\" width=\"1024\" height=\"657\" src=\"https:\/\/elmexiquense.vip\/wp-content\/uploads\/2026\/09\/cuau-1-e1788407593393-1024x657.jpg\" alt=\"\" class=\"wp-image-45708\"\/><\/figure>\n","protected":false},"excerpt":{"rendered":"<p>)#FerronalesRenace &#8211; #MovilidadCuautitl\u00e1n) \u00a0***\u00a0#Cuautitl\u00e1nDeRomeroRubio,\u00a0#EstadoDeM\u00e9xico.-\u00a0Autoridades del #GobiernoMunicipalDeCuautitl\u00e1n dieron el banderazo de inicio a la rehabilitaci\u00f3n integral de la #AvenidaFerronales, proyecto estrat\u00e9gico<\/p>\n","protected":false},"author":8,"featured_media":45708,"comment_status":"open","ping_status":"open","sticky":false,"template":"","format":"standard","meta":{"colormag_page_container_layout":"default_layout","colormag_page_sidebar_layout":"default_layout","rop_custom_images_group":[],"rop_custom_messages_group":[],"rop_publish_now":"no","rop_publish_now_accounts":{"facebook_102468208940364_894887317217274":""},"rop_publish_now_history":[{"account":"facebook_102468208940364_894887317217274","service":"facebook","timestamp":1788407685,"status":"success"}],"rop_publish_now_status":"done","footnotes":""},"categories":[34],"tags":[88,773,934,787,468,177,931,474,379,376,217,136,754,927,939,469,910,378,377],"class_list":["post-45706","post","type-post","status-publish","format-standard","has-post-thumbnail","hentry","category-alcaldesas","tag-amlo","tag-andres-manuel-lopez-beltran","tag-ariadna-montiel-reyes","tag-claudia-sheinbaum-pardo","tag-cuautitlan-mexico","tag-delfina-gomez-alvarez","tag-diego-reyna-carrillo","tag-el-mexiquense-vip","tag-en-vivo","tag-enterate","tag-gobierno-de-mexico","tag-gobierno-del-estado-de-mexico","tag-juanita-carrillo-luna","tag-luz-maria-hernandez-bermudez","tag-miguel-angel-cuate-ruiz","tag-noticias-cuautitlan","tag-turismo-cuautitlan","tag-ultimahora","tag-ultimas-noticias"],"_links":{"self":[{"href":"https:\/\/elmexiquense.vip\/index.php?rest_route=\/wp\/v2\/posts\/45706","targetHints":{"allow":["GET"]}}],"collection":[{"href":"https:\/\/elmexiquense.vip\/index.php?rest_route=\/wp\/v2\/posts"}],"about":[{"href":"https:\/\/elmexiquense.vip\/index.php?rest_route=\/wp\/v2\/types\/post"}],"author":[{"embeddable":true,"href":"https:\/\/elmexiquense.vip\/index.php?rest_route=\/wp\/v2\/users\/8"}],"replies":[{"embeddable":true,"href":"https:\/\/elmexiquense.vip\/index.php?rest_route=%2Fwp%2Fv2%2Fcomments&post=45706"}],"version-history":[{"count":1,"href":"https:\/\/elmexiquense.vip\/index.php?rest_route=\/wp\/v2\/posts\/45706\/revisions"}],"predecessor-version":[{"id":45709,"href":"https:\/\/elmexiquense.vip\/index.php?rest_route=\/wp\/v2\/posts\/45706\/revisions\/45709"}],"wp:featuredmedia":[{"embeddable":true,"href":"https:\/\/elmexiquense.vip\/index.php?rest_route=\/wp\/v2\/media\/45708"}],"wp:attachment":[{"href":"https:\/\/elmexiquense.vip\/index.php?rest_route=%2Fwp%2Fv2%2Fmedia&parent=45706"}],"wp:term":[{"taxonomy":"category","embeddable":true,"href":"https:\/\/elmexiquense.vip\/index.php?rest_route=%2Fwp%2Fv2%2Fcategories&post=45706"},{"taxonomy":"post_tag","embeddable":true,"href":"https:\/\/elmexiquense.vip\/index.php?rest_route=%2Fwp%2Fv2%2Ftags&post=45706"}],"curies":[{"name":"wp","href":"https:\/\/api.w.org\/{rel}","templated":true}]}}